{"id":254049,"date":"2020-01-10T13:16:13","date_gmt":"2020-01-10T10:16:13","guid":{"rendered":"http:\/\/www.tvturk.com\/index.php\/tel-abyad-hastanesinde-ilk-ameliyat-yapildi\/"},"modified":"2020-01-10T13:16:13","modified_gmt":"2020-01-10T10:16:13","slug":"tel-abyad-hastanesinde-ilk-ameliyat-yapildi","status":"publish","type":"post","link":"http:\/\/www.tvturk.com\/index.php\/tel-abyad-hastanesinde-ilk-ameliyat-yapildi\/","title":{"rendered":"Tel Abyad Hastanesinde ilk ameliyat yap\u0131ld\u0131"},"content":{"rendered":"<p>Bar\u0131\u015f P\u0131nar\u0131 Harekat\u0131 ile T\u00fcrkiye\u2019nin kontrol\u00fcne ge\u00e7erek, huzur ve g\u00fcvenin hakim oldu\u011fu Tel Abyad\u2019da, \u015eanl\u0131urfa Valili\u011fi Suriye Destek ve Koordinasyon Merkezi (SUDKOM) koordinesinde onar\u0131m ve t\u0131bbi te\u00e7hizat eksikleri tamamlanan il\u00e7e hastanesinde ilk ameliyat ger\u00e7ekle\u015ftirildi.<\/p>\n<p>Do\u011fumunun sezaryen y\u00f6ntemiyle ger\u00e7ekle\u015ftirilmesine karar verilen Tel Abyadl\u0131 anne, hastanede g\u00f6rev yapan Suriyeli doktorlar taraf\u0131ndan ameliyata al\u0131nd\u0131. Ba\u015far\u0131yla ger\u00e7ekle\u015ftirilen operasyon sonucu, gen\u00e7 anne 3 bin 300 gram a\u011f\u0131rl\u0131\u011f\u0131nda, 50 santimetre boyunda bir erkek \u00e7ocu\u011fu d\u00fcnyaya getirdi. 18 ya\u015f\u0131nda oldu\u011fu bildirilen annenin \u00fc\u00e7\u00fcnc\u00fc gebeli\u011fi oldu\u011fu, daha \u00f6nceden de bir do\u011fumunun da sezaryen y\u00f6ntemiyle ger\u00e7ekle\u015fti\u011fi \u00f6\u011frenildi.<\/p>\n<p>\u0130ki ambulans ba\u011f\u0131\u015fland\u0131<\/p>\n<p>Bar\u0131\u015f P\u0131nar\u0131 Harekat\u0131 b\u00f6lgesinde sa\u011fl\u0131k hizmetlerinin daha iyi hale getirilmesi i\u00e7in SUDKOM koordinasyonunda faaliyetlerini s\u00fcrd\u00fcr\u00fcn AFAD ve K\u0131z\u0131lay gibi kurulu\u015flar\u0131n giri\u015fimleri sonucu, ATAA Derne\u011finin temin etti\u011fi 2 ambulans da d\u00fczenlenen t\u00f6renle Tel Abyad Hastanesi envanterine dahil edildi.<\/p>\n","protected":false},"excerpt":{"rendered":"<p>BARI\u015e PINARI HAREKATI \u0130LE T\u00dcRK\u0130YE&#8217;N\u0130N KONTROL\u00dcNE GE\u00c7EREK, HUZUR VE G\u00dcVEN\u0130N HAK\u0130M OLDU\u011eU TEL ABYAD&#8217;DA, \u015eANLIURFA VAL\u0130L\u0130\u011e\u0130 SUR\u0130YE DESTEK VE KOORD\u0130NASYON MERKEZ\u0130 (SUDKOM) KOORD\u0130NES\u0130NDE ONARIM VE TIBB\u0130 TE\u00c7H\u0130ZAT EKS\u0130KLER\u0130 TAMAMLANAN \u0130L\u00c7E HASTANES\u0130NDE \u0130LK AMEL\u0130YAT GER\u00c7EKLE\u015eT\u0130R\u0130LD\u0130.<\/p>\n","protected":false},"author":1,"featured_media":254050,"comment_status":"closed","ping_status":"open","sticky":false,"template":"","format":"standard","meta":{"jetpack_post_was_ever_published":false,"_jetpack_newsletter_access":"","_jetpack_dont_email_post_to_subs":false,"_jetpack_newsletter_tier_id":0,"_jetpack_memberships_contains_paywalled_content":false,"_jetpack_memberships_contains_paid_content":false,"footnotes":"","jetpack_publicize_message":"","jetpack_publicize_feature_enabled":true,"jetpack_social_post_already_shared":true,"jetpack_social_options":{"image_generator_settings":{"template":"highway","default_image_id":0,"font":"","enabled":false},"version":2}},"categories":[10],"tags":[54004,571,4797,37,1236,117],"class_list":["post-254049","post","type-post","status-publish","format-standard","has-post-thumbnail","hentry","category-dunya","tag-abyad","tag-ameliyat","tag-hastanesinde","tag-ilk","tag-tel","tag-yapildi"],"jetpack_publicize_connections":[],"jetpack_featured_media_url":"https:\/\/i0.wp.com\/www.tvturk.com\/wp-content\/uploads\/2020\/01\/tel-abyad-hastanesinde-ilk-ameliyat-yapildi_974ed59.jpg?fit=1000%2C668","jetpack_sharing_enabled":true,"jetpack_shortlink":"https:\/\/wp.me\/paKIfm-145z","_links":{"self":[{"href":"http:\/\/www.tvturk.com\/index.php\/wp-json\/wp\/v2\/posts\/254049","targetHints":{"allow":["GET"]}}],"collection":[{"href":"http:\/\/www.tvturk.com\/index.php\/wp-json\/wp\/v2\/posts"}],"about":[{"href":"http:\/\/www.tvturk.com\/index.php\/wp-json\/wp\/v2\/types\/post"}],"author":[{"embeddable":true,"href":"http:\/\/www.tvturk.com\/index.php\/wp-json\/wp\/v2\/users\/1"}],"replies":[{"embeddable":true,"href":"http:\/\/www.tvturk.com\/index.php\/wp-json\/wp\/v2\/comments?post=254049"}],"version-history":[{"count":0,"href":"http:\/\/www.tvturk.com\/index.php\/wp-json\/wp\/v2\/posts\/254049\/revisions"}],"wp:featuredmedia":[{"embeddable":true,"href":"http:\/\/www.tvturk.com\/index.php\/wp-json\/wp\/v2\/media\/254050"}],"wp:attachment":[{"href":"http:\/\/www.tvturk.com\/index.php\/wp-json\/wp\/v2\/media?parent=254049"}],"wp:term":[{"taxonomy":"category","embeddable":true,"href":"http:\/\/www.tvturk.com\/index.php\/wp-json\/wp\/v2\/categories?post=254049"},{"taxonomy":"post_tag","embeddable":true,"href":"http:\/\/www.tvturk.com\/index.php\/wp-json\/wp\/v2\/tags?post=254049"}],"curies":[{"name":"wp","href":"https:\/\/api.w.org\/{rel}","templated":true}]}}