{"id":254077,"date":"2020-01-10T14:16:28","date_gmt":"2020-01-10T11:16:28","guid":{"rendered":"http:\/\/www.tvturk.com\/index.php\/bakan-selcuk-acikladi-aktif-sigortali-sayisi-22-milyona-yaklasti\/"},"modified":"2020-01-10T14:16:28","modified_gmt":"2020-01-10T11:16:28","slug":"bakan-selcuk-acikladi-aktif-sigortali-sayisi-22-milyona-yaklasti","status":"publish","type":"post","link":"http:\/\/www.tvturk.com\/index.php\/bakan-selcuk-acikladi-aktif-sigortali-sayisi-22-milyona-yaklasti\/","title":{"rendered":"Bakan Sel\u00e7uk a\u00e7\u0131klad\u0131: Aktif sigortal\u0131 say\u0131s\u0131 22 milyona yakla\u015ft\u0131"},"content":{"rendered":"<p>Aile, \u00c7al\u0131\u015fma ve Sosyal Hizmetler Bakan\u0131 Zehra Z\u00fcmr\u00fct Sel\u00e7uk, \u201c2002 y\u0131l\u0131nda 720 bin olan i\u015fyeri say\u0131m\u0131z 1.9 milyona, aktif sigortal\u0131 say\u0131m\u0131z da 12 milyondan 22 milyona yakla\u015ft\u0131. Sosyal yard\u0131mlarda ise 2 milyar ile ald\u0131\u011f\u0131m\u0131z \u00e7\u0131tay\u0131 55 milyarlara \u00e7\u0131kartm\u0131\u015f durumday\u0131z\u201d dedi.<\/p>\n<p>Birle\u015fmi\u015f Markalar Derne\u011fi (BMD) taraf\u0131ndan d\u00fczenlenen \u2018De\u011fer Zirvesi\u2019 ve T\u00fcrkiye\u2019ye De\u011fer Katanlar \u00d6d\u00fcl T\u00f6reni Aile, \u00c7al\u0131\u015fma ve Sosyal Hizmetler Bakan\u0131 Zehra Z\u00fcmr\u00fct Sel\u00e7uk\u2019un kat\u0131l\u0131m\u0131yla ger\u00e7ekle\u015fti. \u00d6d\u00fcl t\u00f6reninde konu\u015fan Bakan Zehra Z\u00fcmr\u00fct Sel\u00e7uk, \u201c2002 y\u0131l\u0131nda 720 bin olan i\u015fyeri say\u0131m\u0131z 1.9 milyona, aktif sigortal\u0131 say\u0131m\u0131z da 12 milyondan neredeyse 22 milyona yakla\u015ft\u0131. 2020 y\u0131l\u0131 istihdam hedeflerimizi y\u00fckselttik. \u0130\u015fsizlik rakamlar\u0131n\u0131 da d\u00fc\u015f\u00fcrmeyi hedefliyoruz. Sosyal yard\u0131mlarda ise 2 milyar ile ald\u0131\u011f\u0131m\u0131z \u00e7\u0131tay\u0131 55 milyarlara \u00e7\u0131kartm\u0131\u015f durumday\u0131z\u201d dedi.<\/p>\n<p>\u201c\u00dclkemiz D\u00fcnya Bankas\u0131 raporuna g\u00f6re 190 ekonomi aras\u0131nda 43\u2019\u00fcnc\u00fc s\u0131radan 33\u2019\u00fc\u00e7\u00fcnc\u00fc s\u0131raya y\u00fckseldi\u201d<\/p>\n<p>Markala\u015fmadan T\u00fcrkiye\u2019nin ekonomisinin yukar\u0131lara \u00e7\u0131kaca\u011f\u0131na inanmad\u0131klar\u0131n\u0131 belirten Sel\u00e7uk, \u201cT\u00fcrkiye daha b\u00fcy\u00fcyecek daha geli\u015fecek \u00fcretti\u011fi ve bunu da de\u011fer katt\u0131\u011f\u0131 markalar\u0131yla beraber yapacak. T\u00fcrkiye\u2019miz savunma sanayiden, tekstile kadar bir\u00e7ok de\u011fer \u00fcretmi\u015f durumda ve bunlarda bizim uluslararas\u0131 arenada gururlanmam\u0131z\u0131 \u00fclkemiz ad\u0131n\u0131 daha y\u00fcksek seviyelere \u00e7\u0131karmam\u0131za sebep oluyor. T\u00fcrkiye b\u00fcy\u00fcd\u00fck\u00e7e sosyal refah, istihdam\u0131 ve i\u015f g\u00fcc\u00fc potansiyelini de ayn\u0131 do\u011frultuda art\u0131yor. Biz de bakanl\u0131k olarak hem \u00e7al\u0131\u015fana, hem i\u015fverene, \u00fcreticiye ve giri\u015fimciye verdi\u011fimiz te\u015fviklerimizle desteklerimizle ortaday\u0131z. 2019 y\u0131l\u0131 \u00e7al\u0131\u015fma hayat\u0131 a\u00e7\u0131s\u0131ndan da t\u00fcm taraflar i\u00e7inde olduk\u00e7a verimli ve aktif bir y\u0131l oldu. 2019 i\u00e7in hedefledi\u011fimiz tabloya ula\u015fma anlam\u0131nda ciddi bir mesafe kaydettik. Geli\u015fmi\u015f Milletler \u0130nsani Geli\u015fme raporuna g\u00f6re \u00fclkemiz bu sene ilk defa \u00e7ok y\u00fcksek geli\u015fmi\u015flik \u00fclke kategorisine girdi. Yine D\u00fcnya Bankas\u0131 taraf\u0131ndan her y\u0131l yay\u0131nlanan i\u015f yapma kolayl\u0131\u011f\u0131 raporuna g\u00f6re de 190 ekonomi aras\u0131nda 43\u2019\u00fcnc\u00fc s\u0131radan 33\u2019\u00fc\u00e7\u00fcnc\u00fc s\u0131raya y\u00fckseldi\u201d \u015feklinde konu\u015ftu.<\/p>\n<p>\u201c2002 y\u0131l\u0131nda 720 bin olan i\u015fyeri say\u0131m\u0131z 1.9 milyona, aktif sigortal\u0131 say\u0131m\u0131z da 12 milyondan neredeyse 22 milyona yakla\u015ft\u0131\u201d<\/p>\n<p>\u0130\u015f yeri ve aktif sigortal\u0131 i\u015f\u00e7i rakamlar\u0131na da de\u011finen Bakan Sel\u00e7uk, \u201c2002 y\u0131l\u0131nda 720 bin olan i\u015fyeri say\u0131m\u0131z 1.9 milyona, aktif sigortal\u0131 say\u0131m\u0131z da 12 milyondan neredeyse 22 milyona yakla\u015ft\u0131. 2020 y\u0131l\u0131 istihdam hedeflerimizi y\u00fckselttik. \u0130\u015fsizlik rakamlar\u0131n\u0131 da d\u00fc\u015f\u00fcrmeyi hedefliyoruz. \u015eunu unutmamal\u0131y\u0131z ki hedefler ba\u015far\u0131 yolunda bize y\u00f6n veren tabelalar asl\u0131nda ve bu yolu y\u00fcr\u00fcnebilir k\u0131lanlar da asl\u0131nda yol arkada\u015flar\u0131m\u0131z. Biz bu anlamda h\u00fck\u00fcmet olarak \u00e7ok \u015fansl\u0131y\u0131z. 2020 y\u0131l\u0131ndaki \u00fclkemizde hem \u00e7al\u0131\u015fma hayat\u0131m\u0131z hem de ekonomimiz ve sosyal refah\u0131m\u0131z a\u00e7\u0131s\u0131ndan \u00e7ok daha \u00fcst seviyelere \u00e7\u0131kaca\u011f\u0131na ben y\u00fcrekten inan\u0131yorum\u201d ifadelerini kulland\u0131.<\/p>\n<p>\u201cSosyal yard\u0131mlarda biz 2 milyar ile ald\u0131\u011f\u0131m\u0131z \u00e7\u0131tay\u0131 55 milyarlara \u00e7\u0131kartm\u0131\u015f durumday\u0131z\u201d<\/p>\n<p>Sosyal koruma a\u011f\u0131 hakk\u0131nda da konu\u015fan Bakan Sel\u00e7uk, \u201cBizim hep bahsetti\u011fimiz bir sosyal koruma a\u011f\u0131m\u0131z var. Sosyal koruma a\u011f\u0131 alt\u0131nda \u00fc\u00e7 tane aya\u011f\u0131m\u0131z var. Bunlardan bir tanesi sosyal g\u00fcvenlik, ikincisi sosyal hizmetler ve \u00fc\u00e7\u00fcnc\u00fcs\u00fc sosyal yard\u0131mlar. Son 17 y\u0131la bakt\u0131\u011f\u0131m\u0131zda gerek sosyal yard\u0131mlar anlam\u0131nda, gerek sosyal hizmetler, gerekse sosyal yard\u0131mlar anlam\u0131nda da \u00e7ok b\u00fcy\u00fck de\u011fer \u00fcretti\u011fimizin de fark\u0131nday\u0131z. Sosyal yard\u0131mlarda biz 2 milyar ile ald\u0131\u011f\u0131m\u0131z \u00e7\u0131tay\u0131 55 milyarlara \u00e7\u0131kartm\u0131\u015f durumday\u0131z. Sosyal hizmetlerde uygulad\u0131\u011f\u0131m\u0131z bak\u0131m hizmet modelleri kurulu\u015flar\u0131m\u0131z gerek \u00e7ocuk alan\u0131nda gerek kad\u0131n alan\u0131nda ve ya\u015fl\u0131lar ve engellerimiz i\u00e7in sundu\u011fumuz hizmetler d\u00fcnya ile k\u0131yaslanabilir durumda de\u011fil. \u00c7ok daha \u00fczerinde bir seviyedeyiz. Sosyal g\u00fcvenlikte ise y\u00fczde 99\u2019una sa\u011fl\u0131k hizmeti sunabilen sistemimiz var\u201d diye konu\u015ftu.<\/p>\n<p>Bakan Sel\u00e7uk\u2019tan \u2018Gazeteciler G\u00fcn\u00fc\u2019 tebri\u011fi<\/p>\n<p>Son olarak bas\u0131n mensuplar\u0131n\u0131n da \u2018Gazeteciler G\u00fcn\u00fc\u2019n\u00fc kutlayan Sel\u00e7uk, \u201c\u00dclkemize bir de\u011fer katan b\u00fct\u00fcn bas\u0131n mensuplar\u0131m\u0131z\u0131n 10 Ocak \u2018Gazeteciler G\u00fcn\u00fc\u2019n\u00fc de kutluyorum\u201d dedi.<\/p>\n","protected":false},"excerpt":{"rendered":"<p>A\u0130LE, \u00c7ALI\u015eMA VE SOSYAL H\u0130ZMETLER BAKANI ZEHRA Z\u00dcMR\u00dcT SEL\u00c7UK, \u201c2002 YILINDA 720 B\u0130N OLAN \u0130\u015eYER\u0130 SAYIMIZ 1.9 M\u0130LYONA, AKT\u0130F S\u0130GORTALI SAYIMIZ DA 12 M\u0130LYONDAN 22 M\u0130LYONA YAKLA\u015eTI. SOSYAL YARDIMLARDA \u0130SE 2 M\u0130LYAR \u0130LE ALDI\u011eIMIZ \u00c7ITAYI 55 M\u0130LYARLARA \u00c7IKARTMI\u015e DURUMDAYIZ\u201d DED\u0130.<\/p>\n","protected":false},"author":1,"featured_media":254078,"comment_status":"closed","ping_status":"open","sticky":false,"template":"","format":"standard","meta":{"jetpack_post_was_ever_published":false,"_jetpack_newsletter_access":"","_jetpack_dont_email_post_to_subs":false,"_jetpack_newsletter_tier_id":0,"_jetpack_memberships_contains_paywalled_content":false,"_jetpack_memberships_contains_paid_content":false,"footnotes":"","jetpack_publicize_message":"","jetpack_publicize_feature_enabled":true,"jetpack_social_post_already_shared":true,"jetpack_social_options":{"image_generator_settings":{"template":"highway","default_image_id":0,"font":"","enabled":false},"version":2}},"categories":[19],"tags":[3699,4500,742,9069,611,4454,47876,29658],"class_list":["post-254077","post","type-post","status-publish","format-standard","has-post-thumbnail","hentry","category-ekonomi","tag-acikladi","tag-aktif","tag-bakan","tag-milyona","tag-sayisi","tag-selcuk","tag-sigortali","tag-yaklasti"],"jetpack_publicize_connections":[],"jetpack_featured_media_url":"https:\/\/i0.wp.com\/www.tvturk.com\/wp-content\/uploads\/2020\/01\/bakan-selcuk-acikladi-aktif-sigortali-sayisi-22-milyona-yaklasti_9b315fc.jpg?fit=1000%2C666","jetpack_sharing_enabled":true,"jetpack_shortlink":"https:\/\/wp.me\/paKIfm-1461","_links":{"self":[{"href":"http:\/\/www.tvturk.com\/index.php\/wp-json\/wp\/v2\/posts\/254077","targetHints":{"allow":["GET"]}}],"collection":[{"href":"http:\/\/www.tvturk.com\/index.php\/wp-json\/wp\/v2\/posts"}],"about":[{"href":"http:\/\/www.tvturk.com\/index.php\/wp-json\/wp\/v2\/types\/post"}],"author":[{"embeddable":true,"href":"http:\/\/www.tvturk.com\/index.php\/wp-json\/wp\/v2\/users\/1"}],"replies":[{"embeddable":true,"href":"http:\/\/www.tvturk.com\/index.php\/wp-json\/wp\/v2\/comments?post=254077"}],"version-history":[{"count":0,"href":"http:\/\/www.tvturk.com\/index.php\/wp-json\/wp\/v2\/posts\/254077\/revisions"}],"wp:featuredmedia":[{"embeddable":true,"href":"http:\/\/www.tvturk.com\/index.php\/wp-json\/wp\/v2\/media\/254078"}],"wp:attachment":[{"href":"http:\/\/www.tvturk.com\/index.php\/wp-json\/wp\/v2\/media?parent=254077"}],"wp:term":[{"taxonomy":"category","embeddable":true,"href":"http:\/\/www.tvturk.com\/index.php\/wp-json\/wp\/v2\/categories?post=254077"},{"taxonomy":"post_tag","embeddable":true,"href":"http:\/\/www.tvturk.com\/index.php\/wp-json\/wp\/v2\/tags?post=254077"}],"curies":[{"name":"wp","href":"https:\/\/api.w.org\/{rel}","templated":true}]}}