{"id":254089,"date":"2020-01-10T14:32:15","date_gmt":"2020-01-10T11:32:15","guid":{"rendered":"http:\/\/www.tvturk.com\/index.php\/yavru-aslanlarin-ismini-vatandaslar-belirleyecek\/"},"modified":"2020-01-10T14:32:15","modified_gmt":"2020-01-10T11:32:15","slug":"yavru-aslanlarin-ismini-vatandaslar-belirleyecek","status":"publish","type":"post","link":"http:\/\/www.tvturk.com\/index.php\/yavru-aslanlarin-ismini-vatandaslar-belirleyecek\/","title":{"rendered":"Yavru aslanlar\u0131n ismini vatanda\u015flar belirleyecek"},"content":{"rendered":"<p>Kayseri B\u00fcy\u00fck\u015fehir Belediye Ba\u015fkan\u0131 Dr. Memduh B\u00fcy\u00fckk\u0131l\u0131\u00e7, Anadolu Harikalar Diyar\u0131\u2019ndaki Hayvanat Bah\u00e7esi\u2019nde d\u00fcnyaya gelen 2 di\u015fi aslan yavrusuna ziyaret\u00e7iler taraf\u0131ndan de\u011fi\u015fik isim \u00f6nerileri geldi\u011fini belirterek, \u201cAma biz istiyoruz ki yavrular\u0131n isimlerini hep birlikte belirleyelim\u201d dedi.<\/p>\n<p>B\u00fcy\u00fck\u015fehir Belediye Ba\u015fkan\u0131 Dr. Memduh B\u00fcy\u00fckk\u0131l\u0131\u00e7, Hayvanat Bah\u00e7esini ziyaret ederek, 15 g\u00fcn \u00f6nce d\u00fcnyaya gelen 2 di\u015fi aslan yavrusunu sevdi. Aslan yavrusunu kuca\u011f\u0131na alarak a\u00e7\u0131klamalarda bulunan Ba\u015fkan B\u00fcy\u00fckk\u0131l\u0131\u00e7, hayvanat bah\u00e7esindeki aslan varl\u0131\u011f\u0131n\u0131n 2 yavru ile birlikte 9\u2019a y\u00fckseldi\u011fini kaydetti.<\/p>\n<p>2 aslan yavrusunun hayvanat bah\u00e7esinin maskotu haline geldi\u011fini ve gerek ziyaret\u00e7iler gerekse personel taraf\u0131ndan \u00e7ok sevildi\u011fini belirten B\u00fcy\u00fckk\u0131l\u0131\u00e7, yavrular i\u00e7in de\u011fi\u015fik isim \u00f6nerileri geldi\u011fine i\u015faret ederek, \u201cAma biz istiyoruz ki yavrular\u0131n isimlerini hep birlikte belirleyelim\u201d dedi.<\/p>\n<p>15 g\u00fcnl\u00fck iki di\u015fi aslana hen\u00fcz isim konulmad\u0131\u011f\u0131n\u0131 ifade eden Ba\u015fkan Memduh B\u00fcy\u00fckk\u0131l\u0131\u00e7, sosyal medya \u00fczerinden vatanda\u015flardan gelecek isim \u00f6nerileri do\u011frultusunda yavrulara isimlerinin konulaca\u011f\u0131n\u0131 dile getirdi.<\/p>\n<p>Aslan yavrular\u0131na isim \u00f6nerisinde bulunmak isteyenler bu \u00f6nerilerini twitter, \u0131nstagram (@baskanmemduhbyk) ve facebook hesaplar\u0131ndan iletebilecekler.<\/p>\n","protected":false},"excerpt":{"rendered":"<p>KAYSER\u0130 B\u00dcY\u00dcK\u015eEH\u0130R BELED\u0130YE BA\u015eKANI DR. MEMDUH B\u00dcY\u00dcKKILI\u00c7, ANADOLU HAR\u0130KALAR D\u0130YARI\u2019NDAK\u0130 HAYVANAT BAH\u00c7ES\u0130\u2019NDE D\u00dcNYAYA GELEN 2 D\u0130\u015e\u0130 ASLAN YAVRUSUNA Z\u0130YARET\u00c7\u0130LER TARAFINDAN DE\u011e\u0130\u015e\u0130K \u0130S\u0130M \u00d6NER\u0130LER\u0130 GELD\u0130\u011e\u0130N\u0130 BEL\u0130RTEREK, \u201cAMA B\u0130Z \u0130ST\u0130YORUZ K\u0130 YAVRULARIN \u0130S\u0130MLER\u0130N\u0130 HEP B\u0130RL\u0130KTE BEL\u0130RLEYEL\u0130M\u201d DED\u0130.<\/p>\n","protected":false},"author":1,"featured_media":254090,"comment_status":"closed","ping_status":"open","sticky":false,"template":"","format":"standard","meta":{"jetpack_post_was_ever_published":false,"_jetpack_newsletter_access":"","_jetpack_dont_email_post_to_subs":false,"_jetpack_newsletter_tier_id":0,"_jetpack_memberships_contains_paywalled_content":false,"_jetpack_memberships_contains_paid_content":false,"footnotes":"","jetpack_publicize_message":"","jetpack_publicize_feature_enabled":true,"jetpack_social_post_already_shared":true,"jetpack_social_options":{"image_generator_settings":{"template":"highway","default_image_id":0,"font":"","enabled":false},"version":2}},"categories":[1],"tags":[62856,12306,12304,2344,1239],"class_list":["post-254089","post","type-post","status-publish","format-standard","has-post-thumbnail","hentry","category-genel","tag-aslanlarin","tag-belirleyecek","tag-ismini","tag-vatandaslar","tag-yavru"],"jetpack_publicize_connections":[],"jetpack_featured_media_url":"https:\/\/i0.wp.com\/www.tvturk.com\/wp-content\/uploads\/2020\/01\/yavru-aslanlarin-ismini-vatandaslar-belirleyecek_030ba12.jpg?fit=1000%2C666","jetpack_sharing_enabled":true,"jetpack_shortlink":"https:\/\/wp.me\/paKIfm-146d","_links":{"self":[{"href":"http:\/\/www.tvturk.com\/index.php\/wp-json\/wp\/v2\/posts\/254089","targetHints":{"allow":["GET"]}}],"collection":[{"href":"http:\/\/www.tvturk.com\/index.php\/wp-json\/wp\/v2\/posts"}],"about":[{"href":"http:\/\/www.tvturk.com\/index.php\/wp-json\/wp\/v2\/types\/post"}],"author":[{"embeddable":true,"href":"http:\/\/www.tvturk.com\/index.php\/wp-json\/wp\/v2\/users\/1"}],"replies":[{"embeddable":true,"href":"http:\/\/www.tvturk.com\/index.php\/wp-json\/wp\/v2\/comments?post=254089"}],"version-history":[{"count":0,"href":"http:\/\/www.tvturk.com\/index.php\/wp-json\/wp\/v2\/posts\/254089\/revisions"}],"wp:featuredmedia":[{"embeddable":true,"href":"http:\/\/www.tvturk.com\/index.php\/wp-json\/wp\/v2\/media\/254090"}],"wp:attachment":[{"href":"http:\/\/www.tvturk.com\/index.php\/wp-json\/wp\/v2\/media?parent=254089"}],"wp:term":[{"taxonomy":"category","embeddable":true,"href":"http:\/\/www.tvturk.com\/index.php\/wp-json\/wp\/v2\/categories?post=254089"},{"taxonomy":"post_tag","embeddable":true,"href":"http:\/\/www.tvturk.com\/index.php\/wp-json\/wp\/v2\/tags?post=254089"}],"curies":[{"name":"wp","href":"https:\/\/api.w.org\/{rel}","templated":true}]}}