{"id":254095,"date":"2020-01-10T14:33:22","date_gmt":"2020-01-10T11:33:22","guid":{"rendered":"http:\/\/www.tvturk.com\/index.php\/yok-baskani-yekta-sarac\/"},"modified":"2020-01-10T14:33:22","modified_gmt":"2020-01-10T11:33:22","slug":"yok-baskani-yekta-sarac","status":"publish","type":"post","link":"http:\/\/www.tvturk.com\/index.php\/yok-baskani-yekta-sarac\/","title":{"rendered":"Y\u00d6K Ba\u015fkan\u0131 Yekta Sara\u00e7:"},"content":{"rendered":"<p>Gebze Teknik \u00dcniversitesinde d\u00fczenlenen Ara\u015ft\u0131rma Odakl\u0131 \u0130htisasla\u015fma \u00dcniversiteleri \u00c7al\u0131\u015ftay\u0131na kat\u0131lan Y\u00fcksek \u00d6\u011fretim Kurulu (Y\u00d6K) Ba\u015fkan\u0131 Prof. Dr. M. A. Yekta Sara\u00e7, &#8220;Bundan sonra biz, yurt d\u0131\u015f\u0131ndan gelecek ve lisans d\u00fczeyinde derslere girecek olan hocalar i\u00e7in belirli kriterler koyaca\u011f\u0131z&#8221; dedi.<\/p>\n<p>Ara\u015ft\u0131rma Odakl\u0131 \u0130htisasla\u015fma \u00dcniversiteleri \u00c7al\u0131\u015ftay\u0131 Kocaeli\u2019nin Gebze il\u00e7esinde bulunan Gebze Teknik \u00dcniversitesi ev sahipli\u011finde ger\u00e7ekle\u015ftirildi. GT\u00dc Kongre Merkezi\u2019nde d\u00fczenlenen \u00e7al\u0131\u015ftaya Y\u00d6K Ba\u015fkan\u0131 Prof. Dr. Yekta Sara\u00e7, T\u00dcB\u0130TAK Ba\u015fkan\u0131 Prof. Dr. Hasan Mandal, Y\u00d6K Y\u00fcr\u00fctme Kurulu \u00dcyesi Prof. Dr. Naci G\u00fcndo\u011fan\u2019\u0131n yan\u0131 s\u0131ra ara\u015ft\u0131rma \u00fcniversitelerinin rekt\u00f6r ve rekt\u00f6r yard\u0131mc\u0131lar\u0131 kat\u0131ld\u0131. Programda a\u00e7\u0131l\u0131\u015f konu\u015fmas\u0131n\u0131 ger\u00e7ekle\u015ftiren Gebze Teknik \u00dcniversitesi Rekt\u00f6r\u00fc Prof. Dr. Muhammed Hasan Aslan, &#8220;\u00dclkemizdeki ara\u015ft\u0131rma \u00fcniversitelerini ve yapt\u0131klar\u0131 \u00e7al\u0131\u015fmalar\u0131 inceledi\u011fimizde d\u00fcnya standard\u0131nda oldu\u011fumuzu s\u00f6ylemekle birlikte daha \u00e7ok \u00e7al\u0131\u015fmam\u0131z gerekti\u011fini de d\u00fc\u015f\u00fcn\u00fcyorum. Gebze Y\u00fcksek Teknoloji Enstit\u00fcs\u00fc miras\u0131 \u00fczerine in\u015fa etti\u011fimiz Gebze Teknik \u00dcniversitesi olarak biz asl\u0131nda kuruldu\u011fumuz g\u00fcnden beri bir ara\u015ft\u0131rma \u00fcniversitesi \u015feklinde \u00e7al\u0131\u015fmaktay\u0131z. 7 bin 566 toplam \u00f6\u011frencimiz var&#8221; dedi.<\/p>\n<p>Yabanc\u0131 uyruklu hocalara kriter gelecek<\/p>\n<p>Daha sonra s\u00f6z alarak ara\u015ft\u0131rma \u00fcniversitelerinden bahseden Y\u00d6K Ba\u015fkan\u0131 Prof. Dr. Yekta Sara\u00e7, &#8220;Ara\u015ft\u0131rma \u00fcniversitelerimizde 524 yabanc\u0131 uyruklu personel var. Bunun 170\u2019i \u00f6\u011fretim \u00fcyesi, 354\u2019\u00fc uzman yada e\u011fitmen olarak kullan\u0131lan ki\u015filer. Biz \u00f6\u011fretim \u00fcyelerimizin artt\u0131r\u0131lmas\u0131n\u0131 istiyoruz. \u00d6n\u00fcm\u00fczdeki g\u00fcnlerde \u00fcniversitelerimize genelgemiz olacak. \u015eimdiye kadar ki, yabanc\u0131 uyruklu \u00f6\u011fretim \u00fcyesi istihdam\u0131na yeni bir boyut getirece\u011fiz. Bundan sonra biz lisans d\u00fczeyinde derslere girecek olan, yurt d\u0131\u015f\u0131ndan gelecek hocalar i\u00e7in belirli kriterler koyaca\u011f\u0131z. Ayn\u0131 \u015fekilde haz\u0131rl\u0131k s\u0131n\u0131flar\u0131nda \u00e7ocuklar\u0131m\u0131za yabanc\u0131 dil \u00f6\u011fretecek insanlar yurt d\u0131\u015f\u0131ndan getirilirken bunlar i\u00e7inde belirli kriterler arayaca\u011f\u0131z. Sistemin b\u00fct\u00fcn\u00fc i\u00e7in haz\u0131rl\u0131k s\u0131n\u0131flar\u0131nda devlet olsun, vak\u0131f olsun, istihdam edilecek yabanc\u0131 uyruklu hocalar\u0131n tecr\u00fcbeli olmas\u0131n\u0131 ve bunu belgelemesini \u015fart ko\u015faca\u011f\u0131z. Bu ilk defa olacak. Ayn\u0131 \u015fekilde lisans ve lisans \u00fcst\u00fc ders verecek hocalar i\u00e7inde belirli kriterler getirilecek. Bu ba\u015fl\u0131k alt\u0131nda di\u011fer bir hususta ders yan\u0131 s\u0131ra, ara\u015ft\u0131rma odakl\u0131  istihdam edilmek \u00fczere de yurt d\u0131\u015f\u0131ndan insan getirilmesini istiyoruz. Buda T\u00fcrkiye i\u00e7in bir yeni olacak. Onlar\u0131n \u00fccretleri ise ders verenlerden daha y\u00fcksek olabilecek&#8221; dedi.<\/p>\n<p>&#8220;\u0130ki-\u00fc\u00e7 konuda en iyi olmalar\u0131n\u0131 istiyoruz&#8221;<\/p>\n<p>\u00dcniversitelerin hedefleriyle ilgili konu\u015fan Y\u00d6K Ba\u015fkan\u0131 Prof. Dr. M. A. Yekta Sara\u00e7, &#8220;Her \u00fcniversiteden b\u00fct\u00fcn alanlarda en iyi olmaya \u00e7al\u0131\u015fmas\u0131n\u0131 de\u011fil, b\u00fct\u00fcn alanlarda iyi olmas\u0131n\u0131 ama iki-\u00fc\u00e7 alanda da en iyi olmay\u0131 \u00f6n\u00fcne hedef koymas\u0131n\u0131 istiyoruz. \u00dcniversitelerimizde akademik ve idari personelin, ara\u015ft\u0131rma \u00fcniversitesi kavram\u0131na ve de\u011ferlerine inanmas\u0131n\u0131 istiyoruz. \u00dcniversiteler tek tip, birbirinin kopyas\u0131 \u015feklinde bir ele\u015ftiri vard\u0131. O ele\u015ftiri art\u0131k bitti. \u00c7e\u015fitlili\u011fi ve ihtisasla\u015fmay\u0131 getirdik. Bu ihtisasla\u015fma ara\u015ft\u0131rma \u00fcniversiteleri ve b\u00f6lgesel kalk\u0131nma odakl\u0131 \u00fcniversiteler \u015feklinde y\u00fcr\u00fcrken bu kavramlar\u0131 \u00fcniversiteler taraf\u0131ndan tam anlam\u0131yla i\u00e7selle\u015ftirememesini g\u00f6r\u00fcyoruz. \u00dcniversitelerin kendi i\u00e7erisinde bir ekosistemi olu\u015fturmas\u0131 icap ediyor&#8221; ifadelerini kulland\u0131.<\/p>\n<p>A\u00e7\u0131l\u0131\u015f konu\u015fmalar\u0131n\u0131n ard\u0131ndan T\u00dcB\u0130TAK Ba\u015fkan\u0131 Prof. Dr. Hasan Maldal\u2019\u0131n panel a\u00e7\u0131l\u0131\u015f\u0131n\u0131 yapmas\u0131yla ba\u015flayan \u00e7al\u0131\u015ftayda, &#8220;Ara\u015ft\u0131rma \u00dcniversiteleri ve S\u0131ralama Endeksleri&#8221; ve &#8220;Ara\u015ft\u0131rma ve Aday Ara\u015ft\u0131rma \u00dcniversitelerinin 3 y\u0131l\u0131n\u0131n de\u011ferlendirilmesi&#8221; konular\u0131n\u0131n konu\u015fulmas\u0131yla devam etti.<\/p>\n","protected":false},"excerpt":{"rendered":"<p>Y\u00dcKSEK \u00d6\u011eRET\u0130M KURULU (Y\u00d6K) BA\u015eKANI PROF. DR. M. A. YEKTA SARA\u00c7, GEBZE TEKN\u0130K \u00dcN\u0130VERS\u0130TES\u0130 EV SAH\u0130PL\u0130\u011e\u0130NDE D\u00dcZENLENEN ARA\u015eTIRMA ODAKLI \u0130HT\u0130SASLA\u015eMA \u00dcN\u0130VERS\u0130TELER\u0130 \u00c7ALI\u015eTAYI&#8217;NA KATILDI. SARA\u00c7 BURADA YAPTI\u011eI KONU\u015eMADA, &#8220;BUNDAN SONRA B\u0130Z L\u0130SANS D\u00dcZEY\u0130NDE DERSLERE G\u0130RECEK OLAN YURTDI\u015eINDAN GELECEK HOCALAR \u0130\u00c7\u0130N BEL\u0130RL\u0130 KR\u0130TERLER KOYACA\u011eIZ&#8221; DED\u0130.<\/p>\n","protected":false},"author":1,"featured_media":254096,"comment_status":"closed","ping_status":"open","sticky":false,"template":"","format":"standard","meta":{"jetpack_post_was_ever_published":false,"_jetpack_newsletter_access":"","_jetpack_dont_email_post_to_subs":false,"_jetpack_newsletter_tier_id":0,"_jetpack_memberships_contains_paywalled_content":false,"_jetpack_memberships_contains_paid_content":false,"footnotes":"","jetpack_publicize_message":"","jetpack_publicize_feature_enabled":true,"jetpack_social_post_already_shared":true,"jetpack_social_options":{"image_generator_settings":{"template":"highway","default_image_id":0,"font":"","enabled":false},"version":2}},"categories":[1],"tags":[216,33847,52543,664],"class_list":["post-254095","post","type-post","status-publish","format-standard","has-post-thumbnail","hentry","category-genel","tag-baskani","tag-sarac","tag-yekta","tag-yok"],"jetpack_publicize_connections":[],"jetpack_featured_media_url":"https:\/\/i0.wp.com\/www.tvturk.com\/wp-content\/uploads\/2020\/01\/yok-baskani-yekta-sarac_f7bb7be.jpg?fit=1000%2C562","jetpack_sharing_enabled":true,"jetpack_shortlink":"https:\/\/wp.me\/paKIfm-146j","_links":{"self":[{"href":"http:\/\/www.tvturk.com\/index.php\/wp-json\/wp\/v2\/posts\/254095","targetHints":{"allow":["GET"]}}],"collection":[{"href":"http:\/\/www.tvturk.com\/index.php\/wp-json\/wp\/v2\/posts"}],"about":[{"href":"http:\/\/www.tvturk.com\/index.php\/wp-json\/wp\/v2\/types\/post"}],"author":[{"embeddable":true,"href":"http:\/\/www.tvturk.com\/index.php\/wp-json\/wp\/v2\/users\/1"}],"replies":[{"embeddable":true,"href":"http:\/\/www.tvturk.com\/index.php\/wp-json\/wp\/v2\/comments?post=254095"}],"version-history":[{"count":0,"href":"http:\/\/www.tvturk.com\/index.php\/wp-json\/wp\/v2\/posts\/254095\/revisions"}],"wp:featuredmedia":[{"embeddable":true,"href":"http:\/\/www.tvturk.com\/index.php\/wp-json\/wp\/v2\/media\/254096"}],"wp:attachment":[{"href":"http:\/\/www.tvturk.com\/index.php\/wp-json\/wp\/v2\/media?parent=254095"}],"wp:term":[{"taxonomy":"category","embeddable":true,"href":"http:\/\/www.tvturk.com\/index.php\/wp-json\/wp\/v2\/categories?post=254095"},{"taxonomy":"post_tag","embeddable":true,"href":"http:\/\/www.tvturk.com\/index.php\/wp-json\/wp\/v2\/tags?post=254095"}],"curies":[{"name":"wp","href":"https:\/\/api.w.org\/{rel}","templated":true}]}}