{"id":254099,"date":"2020-01-10T14:47:29","date_gmt":"2020-01-10T11:47:29","guid":{"rendered":"http:\/\/www.tvturk.com\/index.php\/futbolcular-cuma-namazinda-bulustu\/"},"modified":"2020-01-10T14:47:29","modified_gmt":"2020-01-10T11:47:29","slug":"futbolcular-cuma-namazinda-bulustu","status":"publish","type":"post","link":"http:\/\/www.tvturk.com\/index.php\/futbolcular-cuma-namazinda-bulustu\/","title":{"rendered":"Futbolcular cuma namaz\u0131nda bulu\u015ftu"},"content":{"rendered":"<p>Antalya Belek\u2019te devre aras\u0131 kamp \u00e7al\u0131\u015fmalar\u0131n\u0131 s\u00fcrd\u00fcren futbolcular, teknik direkt\u00f6rler ile y\u00f6neticiler cuma namaz\u0131n\u0131 Dinler Bah\u00e7esi\u2019nde k\u0131ld\u0131.<\/p>\n<p>Devre aras\u0131 kamp \u00e7al\u0131\u015fmalar\u0131n\u0131 Antalya Belek\u2019te s\u00fcrd\u00fcren S\u00fcper Lig, TFF 1. Lig ile TFF 2. ve 3. Lig futbolcular\u0131, teknik adamlar\u0131 ve y\u00f6neticileri cuma namaz\u0131 i\u00e7in Dinler Bah\u00e7esi\u2019nde bir araya kald\u0131. Namaz \u00e7\u0131k\u0131\u015f\u0131nda vatanda\u015flar\u0131n futbolculara yo\u011fun ilgisi vard\u0131.<\/p>\n<p>Kas\u0131mpa\u015fal\u0131 Koita, Sivassporlu Samassa ve Yatabare, Malatyasporlu Farnolle ile Fofana, Konyaspor\u2019dan U\u011fur Demirok ise cuma namaz\u0131n\u0131n ard\u0131ndan bir s\u00fcre sohbet etti.<\/p>\n","protected":false},"excerpt":{"rendered":"<p>ANTALYA BELEK&#8217;TE DEVRE ARASI KAMP \u00c7ALI\u015eMALARINI S\u00dcRD\u00dcREN FUTBOLCULAR, TEKN\u0130K D\u0130REKT\u00d6RLER \u0130LE Y\u00d6NET\u0130C\u0130LER CUMA NAMAZINI D\u0130NLER BAH\u00c7ES\u0130&#8217;NDE KILDI.<\/p>\n","protected":false},"author":1,"featured_media":254100,"comment_status":"closed","ping_status":"open","sticky":false,"template":"","format":"standard","meta":{"jetpack_post_was_ever_published":false,"_jetpack_newsletter_access":"","_jetpack_dont_email_post_to_subs":false,"_jetpack_newsletter_tier_id":0,"_jetpack_memberships_contains_paywalled_content":false,"_jetpack_memberships_contains_paid_content":false,"footnotes":"","jetpack_publicize_message":"","jetpack_publicize_feature_enabled":true,"jetpack_social_post_already_shared":true,"jetpack_social_options":{"image_generator_settings":{"template":"highway","default_image_id":0,"font":"","enabled":false},"version":2}},"categories":[657],"tags":[389,6705,9788,7635],"class_list":["post-254099","post","type-post","status-publish","format-standard","has-post-thumbnail","hentry","category-spor","tag-bulustu","tag-cuma","tag-futbolcular","tag-namazinda"],"jetpack_publicize_connections":[],"jetpack_featured_media_url":"https:\/\/i0.wp.com\/www.tvturk.com\/wp-content\/uploads\/2020\/01\/futbolcular-cuma-namazinda-bulustu_22549d1.jpg?fit=1000%2C866","jetpack_sharing_enabled":true,"jetpack_shortlink":"https:\/\/wp.me\/paKIfm-146n","_links":{"self":[{"href":"http:\/\/www.tvturk.com\/index.php\/wp-json\/wp\/v2\/posts\/254099","targetHints":{"allow":["GET"]}}],"collection":[{"href":"http:\/\/www.tvturk.com\/index.php\/wp-json\/wp\/v2\/posts"}],"about":[{"href":"http:\/\/www.tvturk.com\/index.php\/wp-json\/wp\/v2\/types\/post"}],"author":[{"embeddable":true,"href":"http:\/\/www.tvturk.com\/index.php\/wp-json\/wp\/v2\/users\/1"}],"replies":[{"embeddable":true,"href":"http:\/\/www.tvturk.com\/index.php\/wp-json\/wp\/v2\/comments?post=254099"}],"version-history":[{"count":0,"href":"http:\/\/www.tvturk.com\/index.php\/wp-json\/wp\/v2\/posts\/254099\/revisions"}],"wp:featuredmedia":[{"embeddable":true,"href":"http:\/\/www.tvturk.com\/index.php\/wp-json\/wp\/v2\/media\/254100"}],"wp:attachment":[{"href":"http:\/\/www.tvturk.com\/index.php\/wp-json\/wp\/v2\/media?parent=254099"}],"wp:term":[{"taxonomy":"category","embeddable":true,"href":"http:\/\/www.tvturk.com\/index.php\/wp-json\/wp\/v2\/categories?post=254099"},{"taxonomy":"post_tag","embeddable":true,"href":"http:\/\/www.tvturk.com\/index.php\/wp-json\/wp\/v2\/tags?post=254099"}],"curies":[{"name":"wp","href":"https:\/\/api.w.org\/{rel}","templated":true}]}}