{"id":254117,"date":"2020-01-10T15:03:16","date_gmt":"2020-01-10T12:03:16","guid":{"rendered":"http:\/\/www.tvturk.com\/index.php\/gunes-sivassporu-ziyaret-etti\/"},"modified":"2020-01-10T15:03:16","modified_gmt":"2020-01-10T12:03:16","slug":"gunes-sivassporu-ziyaret-etti","status":"publish","type":"post","link":"http:\/\/www.tvturk.com\/index.php\/gunes-sivassporu-ziyaret-etti\/","title":{"rendered":"G\u00fcne\u015f, Sivasspor\u2019u ziyaret etti"},"content":{"rendered":"<p>A Milli Futbol Tak\u0131m Teknik Direkt\u00f6r\u00fc \u015eenol G\u00fcne\u015f, ikinci yar\u0131 haz\u0131rl\u0131klar\u0131 kapsam\u0131nda Antalya\u2019da kamp yapan Sivasspor\u2019u otelinde ziyaret etti.<\/p>\n<p>Antalya\u2019da sezonun ikinci yar\u0131s\u0131na haz\u0131rlanan tak\u0131mlar\u0131 kamp yapt\u0131klar\u0131 otellerde ziyaret eden A Milli Futbol Tak\u0131m\u0131 Teknik Direkt\u00f6r\u00fc \u015eenol G\u00fcne\u015f ve ekibi, Sivasspor Teknik Direkt\u00f6r\u00fc R\u0131za \u00c7al\u0131mbay ile bir araya geldi. G\u00fcne\u015f\u2019in yard\u0131mc\u0131s\u0131 Bayram Bekta\u015f ile Sivasspor Asba\u015fkan\u0131 Faruk Ta\u015fseten\u2019in de yer ald\u0131\u011f\u0131 g\u00f6r\u00fc\u015fme yakla\u015f\u0131k yar\u0131m saat s\u00fcrerken G\u00fcne\u015f, sezonun ilk yar\u0131s\u0131nda iyi i\u015fler yapt\u0131klar\u0131 ve ligi zirvede tamamlad\u0131klar\u0131 i\u00e7in \u00c7al\u0131mbay\u2019\u0131 tebrik etti.<\/p>\n<p>\u00c7al\u0131mbay ise A Milli Tak\u0131m\u2019a EURO 2020\u2019de ba\u015far\u0131 diledi.<\/p>\n","protected":false},"excerpt":{"rendered":"<p>A M\u0130LL\u0130 FUTBOL TAKIM TEKN\u0130K D\u0130REKT\u00d6R\u00dc \u015eENOL G\u00dcNE\u015e, \u0130K\u0130NC\u0130 YARI HAZIRLIKLARI KAPSAMINDA ANTALYA&#8217;DA KAMP YAPAN S\u0130VASSPOR&#8217;U OTEL\u0130NDE Z\u0130YARET ETT\u0130.<\/p>\n","protected":false},"author":1,"featured_media":254118,"comment_status":"closed","ping_status":"open","sticky":false,"template":"","format":"standard","meta":{"jetpack_post_was_ever_published":false,"_jetpack_newsletter_access":"","_jetpack_dont_email_post_to_subs":false,"_jetpack_newsletter_tier_id":0,"_jetpack_memberships_contains_paywalled_content":false,"_jetpack_memberships_contains_paid_content":false,"footnotes":"","jetpack_publicize_message":"","jetpack_publicize_feature_enabled":true,"jetpack_social_post_already_shared":true,"jetpack_social_options":{"image_generator_settings":{"template":"highway","default_image_id":0,"font":"","enabled":false},"version":2}},"categories":[657],"tags":[207,1386,62860,150],"class_list":["post-254117","post","type-post","status-publish","format-standard","has-post-thumbnail","hentry","category-spor","tag-etti","tag-gunes","tag-sivassporu","tag-ziyaret"],"jetpack_publicize_connections":[],"jetpack_featured_media_url":"https:\/\/i0.wp.com\/www.tvturk.com\/wp-content\/uploads\/2020\/01\/gunes-sivassporu-ziyaret-etti_8ab31d0.jpg?fit=1000%2C666","jetpack_sharing_enabled":true,"jetpack_shortlink":"https:\/\/wp.me\/paKIfm-146F","_links":{"self":[{"href":"http:\/\/www.tvturk.com\/index.php\/wp-json\/wp\/v2\/posts\/254117","targetHints":{"allow":["GET"]}}],"collection":[{"href":"http:\/\/www.tvturk.com\/index.php\/wp-json\/wp\/v2\/posts"}],"about":[{"href":"http:\/\/www.tvturk.com\/index.php\/wp-json\/wp\/v2\/types\/post"}],"author":[{"embeddable":true,"href":"http:\/\/www.tvturk.com\/index.php\/wp-json\/wp\/v2\/users\/1"}],"replies":[{"embeddable":true,"href":"http:\/\/www.tvturk.com\/index.php\/wp-json\/wp\/v2\/comments?post=254117"}],"version-history":[{"count":0,"href":"http:\/\/www.tvturk.com\/index.php\/wp-json\/wp\/v2\/posts\/254117\/revisions"}],"wp:featuredmedia":[{"embeddable":true,"href":"http:\/\/www.tvturk.com\/index.php\/wp-json\/wp\/v2\/media\/254118"}],"wp:attachment":[{"href":"http:\/\/www.tvturk.com\/index.php\/wp-json\/wp\/v2\/media?parent=254117"}],"wp:term":[{"taxonomy":"category","embeddable":true,"href":"http:\/\/www.tvturk.com\/index.php\/wp-json\/wp\/v2\/categories?post=254117"},{"taxonomy":"post_tag","embeddable":true,"href":"http:\/\/www.tvturk.com\/index.php\/wp-json\/wp\/v2\/tags?post=254117"}],"curies":[{"name":"wp","href":"https:\/\/api.w.org\/{rel}","templated":true}]}}