{"id":254179,"date":"2020-01-10T17:16:35","date_gmt":"2020-01-10T14:16:35","guid":{"rendered":"http:\/\/www.tvturk.com\/index.php\/tarim-ogretiminin-174-yili-buude-kutlandi\/"},"modified":"2020-01-10T17:16:35","modified_gmt":"2020-01-10T14:16:35","slug":"tarim-ogretiminin-174-yili-buude-kutlandi","status":"publish","type":"post","link":"http:\/\/www.tvturk.com\/index.php\/tarim-ogretiminin-174-yili-buude-kutlandi\/","title":{"rendered":"Tar\u0131m \u00f6\u011fretiminin 174. y\u0131l\u0131 BU\u00dc\u2019de kutland\u0131"},"content":{"rendered":"<p>T\u00fcrkiye\u2019de zira\u00ee e\u011fitim-\u00f6\u011fretimin ba\u015flamas\u0131n\u0131n 174. y\u0131ld\u00f6n\u00fcm\u00fc Bursa Uluda\u011f \u00dcniversitesi\u2019nde (BU\u00dc) kutland\u0131.<\/p>\n<p>\u015eehit Astsubay \u00d6mer Halisdemir Bayrak Alan\u0131\u2019ndaki Atat\u00fcrk An\u0131t\u0131\u2019na \u00e7elenk koyma t\u00f6reni ile ba\u015flat\u0131lan t\u00f6ren, Mete Cengiz K\u00fclt\u00fcr Merkezi\u2019nde d\u00fczenlenen organizasyon ile devam etti. Programa Rekt\u00f6r Yard\u0131mc\u0131s\u0131 Prof. Dr. Adem Do\u011fang\u00fcn, Ziraat Fak\u00fcltesi Dekan\u0131 Prof. Dr. \u0130lhan Turgut, Ziraat M\u00fchendisleri Odas\u0131 Bursa \u015eubesi Ba\u015fkan\u0131 Do\u00e7. Dr. Erkan Yasl\u0131o\u011flu, G\u0131da M\u00fchendisleri Odas\u0131 Bursa \u015eubesi Ba\u015fkan\u0131 Lale Y\u0131ld\u0131z, Peyzaj Mimarlar\u0131 Odas\u0131 Bursa \u015eubesi Ba\u015fkan\u0131 Nejla Y\u00f6r\u00fckl\u00fc, akademisyenler, sivil toplum kurulu\u015flar\u0131n\u0131n temsilcileri, ziraat m\u00fchendisleri ve \u00f6\u011frenciler kat\u0131ld\u0131.<\/p>\n<p>A\u00e7\u0131l\u0131\u015f t\u00f6reninde konu\u015fan BU\u00dc Rekt\u00f6r Yard\u0131mc\u0131s\u0131 Prof. Dr. \u00c2dem Do\u011fang\u00fcn, tar\u0131m sekt\u00f6r\u00fcn\u00fcn \u00e7ok k\u00f6kl\u00fc bir meslek grubu oldu\u011funu s\u00f6yledi. Son y\u0131llarda ziraatin \u00f6neminin daha iyi anla\u015f\u0131lmaya ba\u015fland\u0131\u011f\u0131n\u0131 vurgulayan \u00c2dem Do\u011fang\u00fcn; \u201cM\u00fchendislik alan\u0131nda kendimiz \u00fcretimler yap\u0131yoruz, ancak baz\u0131 malzemeleri d\u0131\u015far\u0131dan almak zorunda kal\u0131yoruz. Tar\u0131m ise d\u0131\u015far\u0131ya ba\u011f\u0131ml\u0131 kalmadan, ihracata direk katk\u0131 verebilen bir sekt\u00f6rd\u00fcr. Akademisyenlerin de bu sekt\u00f6rde yapmas\u0131 gereken \u00e7ok say\u0131da i\u015f var. \u00dczerine d\u00fc\u015fen sorumluluklar var. Hep birlikte bu alan \u00fczerinde \u00e7al\u0131\u015fmam\u0131z ve proje \u00fcretmemiz gerekiyor. Gen\u00e7lerimiz bu konuda bizden daha duyarl\u0131. Gelece\u011fe y\u00f6nelik bakmam\u0131z ve hep birlikte m\u00fccadele etmemiz gerekiyor. \u00dcniversite olarak hem \u00fcreticiyiz hem de akademik konuda \u00e7al\u0131\u015fmalar yap\u0131yoruz. K\u00f6kl\u00fc fak\u00fcltelerimiz var. \u00d6nemli projelere imza at\u0131yoruz\u201d diye konu\u015ftu.<\/p>\n<p>BU\u00dc Ziraat Fak\u00fcltesi Dekan\u0131 Prof. Dr. \u0130lhan Turgut ise ziraat alan\u0131nda AR-GE \u00e7al\u0131\u015fmalar\u0131na y\u00f6nelmek gerekti\u011fini vurgulad\u0131. \u00c7al\u0131\u015fmalar\u0131n h\u0131zland\u0131r\u0131lmas\u0131 konusunda akademik kadroya b\u00fcy\u00fck g\u00f6revler d\u00fc\u015ft\u00fc\u011f\u00fcn\u00fcn alt\u0131n\u0131 \u00e7izen \u0130lhan Turgut, \u201cSekt\u00f6r\u00fcm\u00fczde yeniliklere a\u00e7\u0131k olmak gerekiyor. Y\u00fcksek\u00f6\u011fretimde tar\u0131msal alanda yap\u0131lan AR-GE \u00e7al\u0131\u015fmalar\u0131 yetersiz. Bunun geli\u015ftirilmesi ve desteklenmesi gerekiyor. Zira\u00ee rekabete a\u00e7\u0131k olabilmek i\u00e7in, katma de\u011feri y\u00fcksek \u00fcr\u00fcnler \u00fcretmemiz gerekiyor. Tar\u0131m alan\u0131nda yap\u0131lmas\u0131 gereken \u00e7ok say\u0131da \u00e7al\u0131\u015fma mevcut. Ancak yeti\u015fmi\u015f insan g\u00fcc\u00fc de gerekiyor. T\u00fcm bu eksik konular\u0131 tamamlad\u0131\u011f\u0131m\u0131z zaman sekt\u00f6r\u00fcn \u00f6nc\u00fc \u00fclkelerinden biri olabiliriz\u201d dedi.<\/p>\n<p>A\u00e7\u0131l\u0131\u015f konu\u015fmalar\u0131n\u0131n ard\u0131ndan Do\u00e7. Dr. Oya Ka\u00e7ar taraf\u0131ndan \u2018T\u0131bb\u00ee ve Aromatik Bitkilerin \u00dclkemiz A\u00e7\u0131s\u0131ndan \u00d6nemi ve Gelece\u011fi\u2019 konulu detayl\u0131 bir sunum ger\u00e7ekle\u015ftirildi. T\u00f6reninin sonunda akademik a\u015fama yapanlar ile meslekte 30. ve 50. y\u0131l\u0131n\u0131 dolduranlara plaket takdim edildi.<\/p>\n","protected":false},"excerpt":{"rendered":"<p>T\u00dcRK\u0130YE\u2019DE Z\u0130RA\u00ce E\u011e\u0130T\u0130M-\u00d6\u011eRET\u0130M\u0130N BA\u015eLAMASININ 174. YILD\u00d6N\u00dcM\u00dc BURSA ULUDA\u011e \u00dcN\u0130VERS\u0130TES\u0130\u2019NDE (BU\u00dc) KUTLANDI.<\/p>\n","protected":false},"author":1,"featured_media":254180,"comment_status":"closed","ping_status":"open","sticky":false,"template":"","format":"standard","meta":{"jetpack_post_was_ever_published":false,"_jetpack_newsletter_access":"","_jetpack_dont_email_post_to_subs":false,"_jetpack_newsletter_tier_id":0,"_jetpack_memberships_contains_paywalled_content":false,"_jetpack_memberships_contains_paid_content":false,"footnotes":"","jetpack_publicize_message":"","jetpack_publicize_feature_enabled":true,"jetpack_social_post_already_shared":true,"jetpack_social_options":{"image_generator_settings":{"template":"highway","default_image_id":0,"font":"","enabled":false},"version":2}},"categories":[1],"tags":[4005,13417,2822,62872,2403,2128],"class_list":["post-254179","post","type-post","status-publish","format-standard","has-post-thumbnail","hentry","category-genel","tag-4005","tag-buude","tag-kutlandi","tag-ogretiminin","tag-tarim","tag-yili"],"jetpack_publicize_connections":[],"jetpack_featured_media_url":"https:\/\/i0.wp.com\/www.tvturk.com\/wp-content\/uploads\/2020\/01\/tarim-ogretiminin-174-yili-buude-kutlandi_238922b.jpg?fit=1000%2C666","jetpack_sharing_enabled":true,"jetpack_shortlink":"https:\/\/wp.me\/paKIfm-147F","_links":{"self":[{"href":"http:\/\/www.tvturk.com\/index.php\/wp-json\/wp\/v2\/posts\/254179","targetHints":{"allow":["GET"]}}],"collection":[{"href":"http:\/\/www.tvturk.com\/index.php\/wp-json\/wp\/v2\/posts"}],"about":[{"href":"http:\/\/www.tvturk.com\/index.php\/wp-json\/wp\/v2\/types\/post"}],"author":[{"embeddable":true,"href":"http:\/\/www.tvturk.com\/index.php\/wp-json\/wp\/v2\/users\/1"}],"replies":[{"embeddable":true,"href":"http:\/\/www.tvturk.com\/index.php\/wp-json\/wp\/v2\/comments?post=254179"}],"version-history":[{"count":0,"href":"http:\/\/www.tvturk.com\/index.php\/wp-json\/wp\/v2\/posts\/254179\/revisions"}],"wp:featuredmedia":[{"embeddable":true,"href":"http:\/\/www.tvturk.com\/index.php\/wp-json\/wp\/v2\/media\/254180"}],"wp:attachment":[{"href":"http:\/\/www.tvturk.com\/index.php\/wp-json\/wp\/v2\/media?parent=254179"}],"wp:term":[{"taxonomy":"category","embeddable":true,"href":"http:\/\/www.tvturk.com\/index.php\/wp-json\/wp\/v2\/categories?post=254179"},{"taxonomy":"post_tag","embeddable":true,"href":"http:\/\/www.tvturk.com\/index.php\/wp-json\/wp\/v2\/tags?post=254179"}],"curies":[{"name":"wp","href":"https:\/\/api.w.org\/{rel}","templated":true}]}}