{"id":254203,"date":"2020-01-10T17:46:24","date_gmt":"2020-01-10T14:46:24","guid":{"rendered":"http:\/\/www.tvturk.com\/index.php\/otomotiv-sektorunde-uretim-durdu-isciler-yuzde-8lik-zammi-begenmediler-is-biraktilar\/"},"modified":"2020-01-10T17:46:24","modified_gmt":"2020-01-10T14:46:24","slug":"otomotiv-sektorunde-uretim-durdu-isciler-yuzde-8lik-zammi-begenmediler-is-biraktilar","status":"publish","type":"post","link":"http:\/\/www.tvturk.com\/index.php\/otomotiv-sektorunde-uretim-durdu-isciler-yuzde-8lik-zammi-begenmediler-is-biraktilar\/","title":{"rendered":"Otomotiv sekt\u00f6r\u00fcnde \u00fcretim durdu&#8230;\u0130\u015f\u00e7iler y\u00fczde 8\u2019lik zamm\u0131 be\u011fenmediler, i\u015f b\u0131rakt\u0131lar"},"content":{"rendered":"<p>Otomotiv sekt\u00f6r\u00fcnde toplu s\u00f6zle\u015fme g\u00f6r\u00fc\u015fme s\u00fcreci devam ederken, TOFA\u015e ve otomotiv fabrikalar\u0131ndaki binlerce i\u015f\u00e7i 16.30 vardiyas\u0131na girmeyerek 15 dakika i\u015f b\u0131rakma eylemi yapt\u0131. Mesaiden \u00e7\u0131kan i\u015f\u00e7iler de i\u015f ba\u015f\u0131 yapmayan arkada\u015flar\u0131na destek oldular.<\/p>\n<p>Fabrika \u00f6n\u00fcnde T\u00fcrk Metal Sendikas\u0131 \u00f6nc\u00fcl\u00fc\u011f\u00fcnde toplanan i\u015f\u00e7iler y\u00fczde 8\u2019lik zamm\u0131 kabul etmeyeceklerini belirterek, &#8220;S\u00f6zle\u015fme hakk\u0131m\u0131z s\u00f6ke s\u00f6ke al\u0131r\u0131z, i\u015f\u00e7iyiz hakl\u0131y\u0131z kazanaca\u011f\u0131z. Uzla\u015fma yoksa m\u00fccadele var. Hey Mess \u015fa\u015f\u0131rma sabr\u0131m\u0131z\u0131 ta\u015f\u0131rma&#8221; sloganlar\u0131 att\u0131lar.<\/p>\n<p>Fabrika \u00f6n\u00fcnde i\u015f\u00e7ilere hitap eden T\u00fcrk Metal Sendikas\u0131 TOFA\u015e \u015eubesi Yetkilileri, &#8220;Daha \u00f6nce bize enflasyon oran\u0131nda zam teklif eden MESS, bizim iyi niyetli yakla\u015f\u0131mlar\u0131m\u0131za ra\u011fmen masada uzla\u015fmay\u0131 kabul etmedi. &#8220;Masada uzla\u015fma yoksa, alanda m\u00fccadele var&#8221; diyoruz.  Bug\u00fcnk\u00fc y\u00fczde 8\u2019lik komik zam teklifini kabul etmiyoruz. Amac\u0131m\u0131z sadece kazanmak, kazand\u0131rmak. Bug\u00fcn arkada\u015flar\u0131m\u0131z fabrikaya girmiyorlar&#8221; dedi.<\/p>\n<p>Yo\u011funla\u015fan eylemler \u00fczerine i\u015fveren taraf\u0131 bug\u00fcn T\u00fcrk Metal ile g\u00f6r\u00fc\u015fme teklif etti. Ancak MESS T\u00fcrk Metal\u2019in beklentisine uygun ad\u0131m atmay\u0131nca i\u015f\u00e7i temsilcileri masadan kalkt\u0131.<\/p>\n<p>&#8220;MESS inad\u0131ndan vazge\u00e7meli&#8221;<\/p>\n<p>T\u00fcrk Metal Sendikas\u0131 Yetkilileri, &#8220;Bizleri s\u0131r\u00e7a k\u00f6\u015fklerinden izleyenlere sesleniyoruz. Bir yanda 8 saatlik mesaisinden \u00e7\u0131kanlar, bir yanda bug\u00fcnk\u00fc mesaisine ba\u015flayacaklar var. Burada durmadan dinlenmeden sizin i\u00e7in emek verenler var. Sizin i\u00e7in kar rekorunu k\u0131ranlar, verimlilikte \u015fampiyon olanlar burada. B\u00fct\u00fcn bunlara ra\u011fmen sizin birka\u00e7 puanl\u0131k zamma lay\u0131k g\u00f6rd\u00fc\u011f\u00fcn\u00fcz insanlar burada. Bu i\u015f\u00e7iler \u00e7ok kararl\u0131. Diyorlar ki, direnece\u011fiz, direnece\u011fiz, kazanaca\u011f\u0131z. Arabulucu devreye girdi. Ancak o da anla\u015fma sa\u011flayamad\u0131. MESS orada da geri ad\u0131m atmad\u0131. Arabuluculuk s\u00fcrecinin bundan sonraki hukuki a\u015famalar\u0131n\u0131n tamamlanmas\u0131yla ikinci tur g\u00f6r\u00fc\u015fmeler ba\u015flayacak. \u0130\u015fte ne olursa bu turda olacak. Ancak ikinci tur ba\u015flamadan MESS\u2019in g\u00f6r\u00fc\u015fme \u00e7a\u011fr\u0131s\u0131 bizim i\u00e7in umut vericidir. G\u00f6r\u00fc\u015fmeden uzla\u015fma sa\u011flanamam\u0131\u015ft\u0131r. Daha \u00f6nce zamda indirim isteyen MESS\u2019in teklifini artt\u0131rmak i\u00e7in ad\u0131m atmas\u0131 da \u00f6nemlidir. Aram\u0131zdaki g\u00f6r\u00fc\u015f ayr\u0131l\u0131\u011f\u0131 uzla\u015fmazl\u0131k \u00e7ok derindir. Umar\u0131z MESS inad\u0131ndan vazge\u00e7er. Biran \u00f6nce uzatt\u0131\u011f\u0131m\u0131z eli s\u0131kar&#8221; dedi.<\/p>\n<p>&#8220;Eylemler Pazartesi g\u00fcn\u00fc 20 dakikaya y\u00fckselecek&#8221;<\/p>\n<p>T\u00fcrk Metal Temsilcileri, &#8220;Emek\u00e7inin hakk\u0131n\u0131 vermeye kabul ederlerse o zaman masada oturmaya anla\u015f\u0131r, o zaman i\u015fyerimize bar\u0131\u015f huzur istikrar gelir. Buradan bir kez daha ilan ediyoruz ki, eylemlerimiz devam edecek. \u015eimdi oldu\u011fu gibi i\u015f duracak. \u00c7arklar biz d\u00f6nd\u00fcrene kadar d\u00f6nmeyecek. Masada uzla\u015fma yoksa biz de yokuz. Vallahi de billahi de yokuz. Vardiya giri\u015f \u00e7\u0131k\u0131\u015flar\u0131ndaki 15 dakikal\u0131k eylemimiz hala uzla\u015fma olmazsa, Pazartesi\u2019den itibaren 20 dakikaya \u00e7\u0131kacak. \u00c7arklar 20 dakikal\u0131\u011f\u0131na duracak. Sonra da hep birlikte Bursa\u2019daki b\u00fcy\u00fck mitingde bulu\u015faca\u011f\u0131z. 19 Ocak\u2019ta yer g\u00f6k T\u00fcrk Metal diye inleyecek.&#8221; diye konu\u015ftu.<\/p>\n<p>MESS bug\u00fcnk\u00fc g\u00f6r\u00fc\u015fmelerde zam oran\u0131n\u0131 y\u00fczde 6\u2019dan 8\u2019e y\u00fckseltti.<\/p>\n<p>Otomotiv i\u015f\u00e7ileri 19 Ocak\u2019ta \u0130hsaniye Bulvar\u2019da b\u00fcy\u00fck bir eylem ger\u00e7ekle\u015ftirecek.<\/p>\n","protected":false},"excerpt":{"rendered":"<p>TOFA\u015e&#8217;TA 15 DAK\u0130KA \u00dcRET\u0130M DURDU<\/p>\n","protected":false},"author":1,"featured_media":254204,"comment_status":"closed","ping_status":"open","sticky":false,"template":"","format":"standard","meta":{"jetpack_post_was_ever_published":false,"_jetpack_newsletter_access":"","_jetpack_dont_email_post_to_subs":false,"_jetpack_newsletter_tier_id":0,"_jetpack_memberships_contains_paywalled_content":false,"_jetpack_memberships_contains_paid_content":false,"footnotes":"","jetpack_publicize_message":"","jetpack_publicize_feature_enabled":true,"jetpack_social_post_already_shared":true,"jetpack_social_options":{"image_generator_settings":{"template":"highway","default_image_id":0,"font":"","enabled":false},"version":2}},"categories":[19],"tags":[56739,62880,10828,62879,432,2416,7135,2187,3480,33052],"class_list":["post-254203","post","type-post","status-publish","format-standard","has-post-thumbnail","hentry","category-ekonomi","tag-8lik","tag-begenmediler","tag-biraktilar","tag-durdu-isciler","tag-is","tag-otomotiv","tag-sektorunde","tag-uretim","tag-yuzde","tag-zammi"],"jetpack_publicize_connections":[],"jetpack_featured_media_url":"https:\/\/i0.wp.com\/www.tvturk.com\/wp-content\/uploads\/2020\/01\/otomotiv-sektorunde-uretim-durduisciler-yuzde-8lik-zammi-begenmediler-is-biraktilar_3930a7b.jpg?fit=959%2C720","jetpack_sharing_enabled":true,"jetpack_shortlink":"https:\/\/wp.me\/paKIfm-1483","_links":{"self":[{"href":"http:\/\/www.tvturk.com\/index.php\/wp-json\/wp\/v2\/posts\/254203","targetHints":{"allow":["GET"]}}],"collection":[{"href":"http:\/\/www.tvturk.com\/index.php\/wp-json\/wp\/v2\/posts"}],"about":[{"href":"http:\/\/www.tvturk.com\/index.php\/wp-json\/wp\/v2\/types\/post"}],"author":[{"embeddable":true,"href":"http:\/\/www.tvturk.com\/index.php\/wp-json\/wp\/v2\/users\/1"}],"replies":[{"embeddable":true,"href":"http:\/\/www.tvturk.com\/index.php\/wp-json\/wp\/v2\/comments?post=254203"}],"version-history":[{"count":0,"href":"http:\/\/www.tvturk.com\/index.php\/wp-json\/wp\/v2\/posts\/254203\/revisions"}],"wp:featuredmedia":[{"embeddable":true,"href":"http:\/\/www.tvturk.com\/index.php\/wp-json\/wp\/v2\/media\/254204"}],"wp:attachment":[{"href":"http:\/\/www.tvturk.com\/index.php\/wp-json\/wp\/v2\/media?parent=254203"}],"wp:term":[{"taxonomy":"category","embeddable":true,"href":"http:\/\/www.tvturk.com\/index.php\/wp-json\/wp\/v2\/categories?post=254203"},{"taxonomy":"post_tag","embeddable":true,"href":"http:\/\/www.tvturk.com\/index.php\/wp-json\/wp\/v2\/tags?post=254203"}],"curies":[{"name":"wp","href":"https:\/\/api.w.org\/{rel}","templated":true}]}}