{"id":254217,"date":"2020-01-10T18:17:28","date_gmt":"2020-01-10T15:17:28","guid":{"rendered":"http:\/\/www.tvturk.com\/index.php\/denizlispor-antalyada-son-antrenmanin-yapti\/"},"modified":"2020-01-10T18:17:28","modified_gmt":"2020-01-10T15:17:28","slug":"denizlispor-antalyada-son-antrenmanin-yapti","status":"publish","type":"post","link":"http:\/\/www.tvturk.com\/index.php\/denizlispor-antalyada-son-antrenmanin-yapti\/","title":{"rendered":"Denizlispor, Antalya\u2019da son antrenman\u0131n yapt\u0131"},"content":{"rendered":"<p>Denizlispor, Antalya\u2019da s\u00fcrd\u00fcrd\u00fc\u011f\u00fc devre aras\u0131 kamp \u00e7al\u0131\u015fmalar\u0131 tamamlayarak Denizli\u2019ye d\u00f6nd\u00fc.<\/p>\n<p>\u0130kinci yar\u0131 haz\u0131rl\u0131klar\u0131 i\u00e7in 3 Ocak\u2019ta Antalya\u2019da bir otelde toplanan Denizlispor, bug\u00fcn yapt\u0131\u011f\u0131 son \u00e7al\u0131ma ile kamp\u0131 tamamlad\u0131. Kamp\u0131n son g\u00fcn\u00fcnde TFF 1. Lig ekiplerinden Bal\u0131kesirspor ile planlanan haz\u0131rl\u0131k ma\u00e7\u0131, Bal\u0131kesirspor Kul\u00fcb\u00fc taraf\u0131ndan iptal edildi. Ma\u00e7\u0131n iptal edilmesi karar\u0131 \u00fczerine tak\u0131m Antalya\u2019da son idman \u00e7al\u0131\u015fmalar\u0131n\u0131 yapt\u0131. Ye\u015fil &#8211; siyahl\u0131 tak\u0131m\u0131n yeni transferi Muhammet \u00d6zkal da antrenman \u00e7al\u0131\u015fmalar\u0131na kat\u0131l\u0131rken, Zakarya Bergdich ve Isaac Sackey sakatl\u0131klar\u0131 sebebiyle tak\u0131mdan ayr\u0131 \u00e7al\u0131\u015ft\u0131.<\/p>\n<p>Denizlispor, Antalya\u2019daki \u00e7al\u0131\u015fmalar\u0131n\u0131n ard\u0131ndan Denizli\u2019ye d\u00f6nd\u00fc. Tak\u0131m bir g\u00fcn izin yapmas\u0131n\u0131n ard\u0131ndan Pazar g\u00fcn\u00fc Haluk Ulusoy Tesislerinde, 16 Ocak Per\u015fembe g\u00fcn\u00fc Ziraat T\u00fcrkiye Kupas\u0131\u2019nda deplasmanda oynayaca\u011f\u0131 Trabzonspor ma\u00e7\u0131 haz\u0131rl\u0131klar\u0131na ba\u015flayacak.<\/p>\n","protected":false},"excerpt":{"rendered":"<p>DEN\u0130ZL\u0130SPOR, S\u00dcPER L\u0130G CEM\u0130L USTA SEZONUNUN \u0130LK YARISINI 22 PUANLA 11. SIRADA TAMAMLAMASININ ARDINDAN DEVRE ARASINA G\u0130REN TAKIM, B\u0130R HAFTALIK KAMPI YO\u011eUN ANTRENMAN \u00c7ALI\u015eMASI \u0130LE B\u0130T\u0130RD\u0130.<\/p>\n","protected":false},"author":1,"featured_media":254218,"comment_status":"closed","ping_status":"open","sticky":false,"template":"","format":"standard","meta":{"jetpack_post_was_ever_published":false,"_jetpack_newsletter_access":"","_jetpack_dont_email_post_to_subs":false,"_jetpack_newsletter_tier_id":0,"_jetpack_memberships_contains_paywalled_content":false,"_jetpack_memberships_contains_paid_content":false,"footnotes":"","jetpack_publicize_message":"","jetpack_publicize_feature_enabled":true,"jetpack_social_post_already_shared":true,"jetpack_social_options":{"image_generator_settings":{"template":"highway","default_image_id":0,"font":"","enabled":false},"version":2}},"categories":[657],"tags":[1327,31941,6694,1240,292],"class_list":["post-254217","post","type-post","status-publish","format-standard","has-post-thumbnail","hentry","category-spor","tag-antalyada","tag-antrenmanin","tag-denizlispor","tag-son","tag-yapti"],"jetpack_publicize_connections":[],"jetpack_featured_media_url":"https:\/\/i0.wp.com\/www.tvturk.com\/wp-content\/uploads\/2020\/01\/denizlispor-antalyada-son-antrenmanin-yapti_59e8386.jpg?fit=1000%2C667","jetpack_sharing_enabled":true,"jetpack_shortlink":"https:\/\/wp.me\/paKIfm-148h","_links":{"self":[{"href":"http:\/\/www.tvturk.com\/index.php\/wp-json\/wp\/v2\/posts\/254217","targetHints":{"allow":["GET"]}}],"collection":[{"href":"http:\/\/www.tvturk.com\/index.php\/wp-json\/wp\/v2\/posts"}],"about":[{"href":"http:\/\/www.tvturk.com\/index.php\/wp-json\/wp\/v2\/types\/post"}],"author":[{"embeddable":true,"href":"http:\/\/www.tvturk.com\/index.php\/wp-json\/wp\/v2\/users\/1"}],"replies":[{"embeddable":true,"href":"http:\/\/www.tvturk.com\/index.php\/wp-json\/wp\/v2\/comments?post=254217"}],"version-history":[{"count":0,"href":"http:\/\/www.tvturk.com\/index.php\/wp-json\/wp\/v2\/posts\/254217\/revisions"}],"wp:featuredmedia":[{"embeddable":true,"href":"http:\/\/www.tvturk.com\/index.php\/wp-json\/wp\/v2\/media\/254218"}],"wp:attachment":[{"href":"http:\/\/www.tvturk.com\/index.php\/wp-json\/wp\/v2\/media?parent=254217"}],"wp:term":[{"taxonomy":"category","embeddable":true,"href":"http:\/\/www.tvturk.com\/index.php\/wp-json\/wp\/v2\/categories?post=254217"},{"taxonomy":"post_tag","embeddable":true,"href":"http:\/\/www.tvturk.com\/index.php\/wp-json\/wp\/v2\/tags?post=254217"}],"curies":[{"name":"wp","href":"https:\/\/api.w.org\/{rel}","templated":true}]}}