{"id":254235,"date":"2020-01-10T19:32:03","date_gmt":"2020-01-10T16:32:03","guid":{"rendered":"http:\/\/www.tvturk.com\/index.php\/camliyayla-yikilan-direkler-nedeniyle-elektriksiz-kaldi\/"},"modified":"2020-01-10T19:32:03","modified_gmt":"2020-01-10T16:32:03","slug":"camliyayla-yikilan-direkler-nedeniyle-elektriksiz-kaldi","status":"publish","type":"post","link":"http:\/\/www.tvturk.com\/index.php\/camliyayla-yikilan-direkler-nedeniyle-elektriksiz-kaldi\/","title":{"rendered":"\u00c7aml\u0131yayla y\u0131k\u0131lan direkler nedeniyle elektriksiz kald\u0131"},"content":{"rendered":"<p>Mersin\u2019in \u00c7aml\u0131yayla il\u00e7esinde ge\u00e7ti\u011fimiz g\u00fcnlerde meydana gelen yo\u011fun kar ya\u011f\u0131\u015f\u0131ndan dolay\u0131, 250 elektrik dire\u011fi devrilirken il\u00e7ede ve ba\u011fl\u0131 bir\u00e7ok k\u00f6yde elektrik kesintileri ya\u015fand\u0131.<\/p>\n<p>\u00c7aml\u0131yayla\u2019da \u00f6zellikle y\u00fcksek kesimlerde kar kal\u0131nl\u0131\u011f\u0131 yer yer 1 metreyi ge\u00e7erken ya\u015fan\u0131lan yo\u011fun kar ya\u011f\u0131\u015f\u0131ndan dolay\u0131, il\u00e7eye ba\u011fl\u0131 Sar\u0131kavak, Bel\u00e7\u0131nar, Fak\u0131lar Mahallelerinde ve il\u00e7e genelinde \u00e7ok say\u0131da elektrik direklerinin y\u0131k\u0131lmas\u0131 sonucu elektriklerin kesildi\u011fi \u00f6\u011frenildi. Meydana gelen kesintilerle ilgili TEDA\u015e g\u00f6revlileri zarar g\u00f6ren direklerin onar\u0131larak tekrar enerji nakil hatlar\u0131n\u0131 yenileme \u00e7al\u0131\u015fmalar\u0131na ba\u015flad\u0131\u011f\u0131 \u00f6\u011frenilirken \u015fuan il\u00e7e merkezine elektrik verildi\u011fi bildirildi.<\/p>\n<p>Konuyla ilgili a\u00e7\u0131klama yapan \u00c7aml\u0131yayla Belediye Ba\u015fkan\u0131 \u0130smail Tepeba\u011fl\u0131, &#8220;Yo\u011fun kar ya\u011f\u0131\u015f\u0131 dolay\u0131s\u0131yla \u00c7aml\u0131yayla genelinde yakla\u015f\u0131k 250 elektrik dire\u011fimiz y\u0131k\u0131ld\u0131. EnerjiSa g\u00f6revlileri mesai mefhumu g\u00f6zetmeksizin \u00e7al\u0131\u015fmalar\u0131na devam ediyor. \u00c7aml\u0131yayla merkeze enerji verildi. Enerjisa yetkililerine te\u015fekk\u00fcr ediyorum. Civar semt ve mahallelerde 4 g\u00fcnd\u00fcr elektrik yok. \u0130n\u015fallah k\u0131sa s\u00fcrede enerji verilece\u011fini de\u011ferlendiriyoruz.&#8221; dedi.<\/p>\n","protected":false},"excerpt":{"rendered":"<p>MERS\u0130N\u2019\u0130N \u00c7AMLIYAYLA \u0130L\u00c7ES\u0130NDE GE\u00c7T\u0130\u011e\u0130M\u0130Z G\u00dcNLERDE MEYDANA GELEN YO\u011eUN KAR YA\u011eI\u015eINDAN DOLAYI, 250 ELEKTR\u0130K D\u0130RE\u011e\u0130 DEVR\u0130L\u0130RKEN \u0130L\u00c7EDE VE BA\u011eLI B\u0130R\u00c7OK K\u00d6YDE ELEKTR\u0130K KES\u0130NT\u0130LER\u0130 YA\u015eANDI.<\/p>\n","protected":false},"author":1,"featured_media":254236,"comment_status":"closed","ping_status":"open","sticky":false,"template":"","format":"standard","meta":{"jetpack_post_was_ever_published":false,"_jetpack_newsletter_access":"","_jetpack_dont_email_post_to_subs":false,"_jetpack_newsletter_tier_id":0,"_jetpack_memberships_contains_paywalled_content":false,"_jetpack_memberships_contains_paid_content":false,"footnotes":"","jetpack_publicize_message":"","jetpack_publicize_feature_enabled":true,"jetpack_social_post_already_shared":true,"jetpack_social_options":{"image_generator_settings":{"template":"highway","default_image_id":0,"font":"","enabled":false},"version":2}},"categories":[1],"tags":[3341,62888,62247,13914,1853,413],"class_list":["post-254235","post","type-post","status-publish","format-standard","has-post-thumbnail","hentry","category-genel","tag-yikilan","tag-camliyayla","tag-direkler","tag-elektriksiz","tag-kaldi","tag-nedeniyle"],"jetpack_publicize_connections":[],"jetpack_featured_media_url":"https:\/\/i0.wp.com\/www.tvturk.com\/wp-content\/uploads\/2020\/01\/camliyayla-yikilan-direkler-nedeniyle-elektriksiz-kaldi_4c5173c.jpg?fit=1000%2C461","jetpack_sharing_enabled":true,"jetpack_shortlink":"https:\/\/wp.me\/paKIfm-148z","_links":{"self":[{"href":"http:\/\/www.tvturk.com\/index.php\/wp-json\/wp\/v2\/posts\/254235","targetHints":{"allow":["GET"]}}],"collection":[{"href":"http:\/\/www.tvturk.com\/index.php\/wp-json\/wp\/v2\/posts"}],"about":[{"href":"http:\/\/www.tvturk.com\/index.php\/wp-json\/wp\/v2\/types\/post"}],"author":[{"embeddable":true,"href":"http:\/\/www.tvturk.com\/index.php\/wp-json\/wp\/v2\/users\/1"}],"replies":[{"embeddable":true,"href":"http:\/\/www.tvturk.com\/index.php\/wp-json\/wp\/v2\/comments?post=254235"}],"version-history":[{"count":0,"href":"http:\/\/www.tvturk.com\/index.php\/wp-json\/wp\/v2\/posts\/254235\/revisions"}],"wp:featuredmedia":[{"embeddable":true,"href":"http:\/\/www.tvturk.com\/index.php\/wp-json\/wp\/v2\/media\/254236"}],"wp:attachment":[{"href":"http:\/\/www.tvturk.com\/index.php\/wp-json\/wp\/v2\/media?parent=254235"}],"wp:term":[{"taxonomy":"category","embeddable":true,"href":"http:\/\/www.tvturk.com\/index.php\/wp-json\/wp\/v2\/categories?post=254235"},{"taxonomy":"post_tag","embeddable":true,"href":"http:\/\/www.tvturk.com\/index.php\/wp-json\/wp\/v2\/tags?post=254235"}],"curies":[{"name":"wp","href":"https:\/\/api.w.org\/{rel}","templated":true}]}}