{"id":254243,"date":"2020-01-10T19:47:32","date_gmt":"2020-01-10T16:47:32","guid":{"rendered":"http:\/\/www.tvturk.com\/index.php\/erol-bulut-ikinci-yari-zor-gececek\/"},"modified":"2020-01-10T19:47:32","modified_gmt":"2020-01-10T16:47:32","slug":"erol-bulut-ikinci-yari-zor-gececek","status":"publish","type":"post","link":"http:\/\/www.tvturk.com\/index.php\/erol-bulut-ikinci-yari-zor-gececek\/","title":{"rendered":"Erol Bulut: &#8220;\u0130kinci yar\u0131 zor ge\u00e7ecek&#8221;"},"content":{"rendered":"<p>Alanyaspor Teknik Direkt\u00f6r\u00fc Erol Bulut, G\u00f6ztepe ile oynanan haz\u0131rl\u0131k ma\u00e7\u0131n\u0131n ard\u0131ndan de\u011ferlendirmelerde bulundu. Bulut ikinci yar\u0131n\u0131n her tak\u0131m i\u00e7in \u00e7ok zor ge\u00e7ece\u011fini s\u00f6yledi.<\/p>\n<p>S\u00fcper Lig\u2019in ikinci yar\u0131s\u0131na Antalya Belek\u2019te haz\u0131rlanan ve haz\u0131rl\u0131klar kapsam\u0131nda G\u00f6ztepe ile haz\u0131rl\u0131k ma\u00e7\u0131nda kar\u015f\u0131 kar\u015f\u0131ya gelen Alanyaspor\u2019da Teknik Direkt\u00f6r Erol Bulut, 1-0 kazan\u0131lan ma\u00e7\u0131n ard\u0131ndan bas\u0131n mensuplar\u0131na a\u00e7\u0131klamalarda bulundu. Kupa ve lig i\u00e7in \u00f6n haz\u0131rl\u0131k yapt\u0131klar\u0131n\u0131 s\u00f6yleyerek s\u00f6zlerine ba\u015flayan Erol Bulut, &#8220;Bug\u00fcnk\u00fc haz\u0131rl\u0131k ma\u00e7\u0131 da S\u00fcper Lig ma\u00e7\u0131 gibi oldu. Olduk\u00e7a sert ge\u00e7ti ama bizim ad\u0131m\u0131za g\u00fczel ge\u00e7ti. Tak\u0131m\u0131m\u0131z iyi m\u00fccadele etti. \u0130stediklerimizi sahaya yans\u0131tmaya \u00e7al\u0131\u015ft\u0131k. Gen\u00e7 arkada\u015flar\u0131m\u0131z ikinci yar\u0131da forma giydi. 1-0 ald\u0131k ama galibiyet ya da ma\u011flubiyet o kadar \u00f6nemli de\u011fil. \u00d6nemli olan bizim sahada verdi\u011fimiz takti\u011fi en iyi \u015fekilde yerine getirebilmeleriydi. 90 dakika boyunca iyi i\u015fler yapt\u0131k. O y\u00fczden haz\u0131rl\u0131klar\u0131m\u0131z iyi ge\u00e7ti&#8221; dedi.<\/p>\n<p>\u0130kinci yar\u0131n\u0131n her tak\u0131m i\u00e7in zor ge\u00e7ece\u011fini s\u00f6yleyen Erol Bulut, &#8220;\u0130kinci yar\u0131lar her zaman zor olur. \u00c7\u00fcnk\u00fc herkes kendini daha iyi tan\u0131yor.o y\u00fczden biraz detaylar \u00fczerinde \u00e7al\u0131\u015f\u0131lmas\u0131 gerekti\u011fini d\u00fc\u015f\u00fcn\u00fcyorum. Biz onu yapmaya \u00e7al\u0131\u015f\u0131yoruz. \u0130kinci yar\u0131 iyi bir ba\u015flang\u0131\u00e7 yap\u0131p bu durumu istikrarl\u0131 bir hale getirebilmek bizim ad\u0131m\u0131za \u00e7ok \u00f6nemli olacak&#8221; a\u00e7\u0131klamas\u0131nda bulundu.<\/p>\n","protected":false},"excerpt":{"rendered":"<p>ALANYASPOR TEKN\u0130K D\u0130REKT\u00d6R\u00dc EROL BULUT, G\u00d6ZTEPE \u0130LE OYNANAN HAZIRLIK MA\u00c7ININ ARDINDAN DE\u011eERLEND\u0130RMELERDE BULUNDU. BULUT \u0130K\u0130NC\u0130 YARININ HER TAKIM \u0130\u00c7\u0130N \u00c7OK ZOR GE\u00c7ECE\u011e\u0130N\u0130 S\u00d6YLED\u0130.<\/p>\n","protected":false},"author":1,"featured_media":254244,"comment_status":"closed","ping_status":"open","sticky":false,"template":"","format":"standard","meta":{"jetpack_post_was_ever_published":false,"_jetpack_newsletter_access":"","_jetpack_dont_email_post_to_subs":false,"_jetpack_newsletter_tier_id":0,"_jetpack_memberships_contains_paywalled_content":false,"_jetpack_memberships_contains_paid_content":false,"footnotes":"","jetpack_publicize_message":"","jetpack_publicize_feature_enabled":true,"jetpack_social_post_already_shared":true,"jetpack_social_options":{"image_generator_settings":{"template":"highway","default_image_id":0,"font":"","enabled":false},"version":2}},"categories":[657],"tags":[8519,8518,4177,2087,918,9997],"class_list":["post-254243","post","type-post","status-publish","format-standard","has-post-thumbnail","hentry","category-spor","tag-bulut","tag-erol","tag-gececek","tag-ikinci","tag-yari","tag-zor"],"jetpack_publicize_connections":[],"jetpack_featured_media_url":"https:\/\/i0.wp.com\/www.tvturk.com\/wp-content\/uploads\/2020\/01\/erol-bulut-ikinci-yari-zor-gececek_a3dfb50.jpg?fit=1000%2C682","jetpack_sharing_enabled":true,"jetpack_shortlink":"https:\/\/wp.me\/paKIfm-148H","_links":{"self":[{"href":"http:\/\/www.tvturk.com\/index.php\/wp-json\/wp\/v2\/posts\/254243","targetHints":{"allow":["GET"]}}],"collection":[{"href":"http:\/\/www.tvturk.com\/index.php\/wp-json\/wp\/v2\/posts"}],"about":[{"href":"http:\/\/www.tvturk.com\/index.php\/wp-json\/wp\/v2\/types\/post"}],"author":[{"embeddable":true,"href":"http:\/\/www.tvturk.com\/index.php\/wp-json\/wp\/v2\/users\/1"}],"replies":[{"embeddable":true,"href":"http:\/\/www.tvturk.com\/index.php\/wp-json\/wp\/v2\/comments?post=254243"}],"version-history":[{"count":0,"href":"http:\/\/www.tvturk.com\/index.php\/wp-json\/wp\/v2\/posts\/254243\/revisions"}],"wp:featuredmedia":[{"embeddable":true,"href":"http:\/\/www.tvturk.com\/index.php\/wp-json\/wp\/v2\/media\/254244"}],"wp:attachment":[{"href":"http:\/\/www.tvturk.com\/index.php\/wp-json\/wp\/v2\/media?parent=254243"}],"wp:term":[{"taxonomy":"category","embeddable":true,"href":"http:\/\/www.tvturk.com\/index.php\/wp-json\/wp\/v2\/categories?post=254243"},{"taxonomy":"post_tag","embeddable":true,"href":"http:\/\/www.tvturk.com\/index.php\/wp-json\/wp\/v2\/tags?post=254243"}],"curies":[{"name":"wp","href":"https:\/\/api.w.org\/{rel}","templated":true}]}}