{"id":254297,"date":"2020-01-11T10:02:07","date_gmt":"2020-01-11T07:02:07","guid":{"rendered":"http:\/\/www.tvturk.com\/index.php\/minik-ogrenciler-harcliklarini-biriktirip-gorme-engellilere-beyaz-baston-aldilar\/"},"modified":"2020-01-11T10:02:07","modified_gmt":"2020-01-11T07:02:07","slug":"minik-ogrenciler-harcliklarini-biriktirip-gorme-engellilere-beyaz-baston-aldilar","status":"publish","type":"post","link":"http:\/\/www.tvturk.com\/index.php\/minik-ogrenciler-harcliklarini-biriktirip-gorme-engellilere-beyaz-baston-aldilar\/","title":{"rendered":"Minik \u00f6\u011frenciler har\u00e7l\u0131klar\u0131n\u0131 biriktirip g\u00f6rme engellilere beyaz baston ald\u0131lar"},"content":{"rendered":"<p>Kartall\u0131 minik \u00f6\u011frenciler, biriktirdikleri har\u00e7l\u0131klar ile g\u00f6rme engellilere ak\u0131ll\u0131 beyaz baston ald\u0131lar. G\u00f6rme engellilerin karanl\u0131\u011f\u0131na \u0131\u015f\u0131k olan minikler, bu hareketleri ile takdir toplad\u0131lar. G\u00f6rme engelliler, kendilerine bu anlaml\u0131 yard\u0131mda bulunan miniklerle bir araya gelerek beyaz bastonlar\u0131n\u0131 ald\u0131lar.<\/p>\n<p>Kartal\u2019da \u00f6zel bir okulun \u00f6\u011frencileri, birbirlerine y\u0131lba\u015f\u0131nda alacaklar\u0131 hediyelerden vazge\u00e7erek anlaml\u0131 bir ad\u0131m att\u0131. Minik \u00f6\u011frenciler hediye i\u00e7in biriktirdikleri har\u00e7l\u0131klar\u0131 toplayarak, il\u00e7ede ya\u015fayan 8 g\u00f6rme engelli vatanda\u015fa ak\u0131ll\u0131 beyaz baston ald\u0131lar. Kartal Belediyesi i\u015fbirli\u011fiyle \u2018Hediyemden vazge\u00e7tim, karanl\u0131\u011fa \u0131\u015f\u0131k oldum\u2019 slogan\u0131yla hayata ge\u00e7irdikleri bu yard\u0131m ile minik \u00f6\u011frenciler takdir toplad\u0131lar.<\/p>\n<p>G\u00f6rme engelli 8 vatanda\u015f, Kartal Belediye Ba\u015fkan\u0131 G\u00f6khan Y\u00fcksel\u2019in makam\u0131nda minik \u00f6\u011frencilerle bir araya geldi. Sohbet havas\u0131nda d\u00fczenlenen organizasyonda g\u00f6rme engellilere, ak\u0131ll\u0131 beyaz bastonlar\u0131 Ba\u015fkan G\u00f6khan Y\u00fcksel taraf\u0131ndan takdim edildi. G\u00f6rme engelliler, engel alg\u0131lama \u00f6zelli\u011fi ve Bluetooth ile telefon entegrasyonuna sahip ak\u0131ll\u0131 bastonlar\u0131na sahip olmalar\u0131nda yard\u0131m etti\u011fi i\u00e7in minik \u00f6\u011frencilere ve Kartal Belediyesine te\u015fekk\u00fcr ettiler.<\/p>\n<p>Ak\u0131ll\u0131 bastonuna kavu\u015fan g\u00f6rme engelli \u00e7ocuk, \u201c\u00c7ok te\u015fekk\u00fcr ediyorum. Art\u0131k yollarda daha rahat bir \u015fekilde y\u00fcr\u00fcyebilece\u011fim\u201d dedi.<\/p>\n<p>Ak\u0131ll\u0131 bastonun kendileri i\u00e7in yararl\u0131 olaca\u011f\u0131n\u0131 ifade eden g\u00f6rme engelli vatanda\u015f, \u201cGer\u00e7ekten g\u00fczel bir proje, yapanlara te\u015fekk\u00fcr ederiz. Bizim i\u00e7in iyi oldu, hayat\u0131m\u0131z kolayla\u015facak\u201d diye konu\u015ftu.<\/p>\n","protected":false},"excerpt":{"rendered":"<p>KARTALLI M\u0130N\u0130K \u00d6\u011eRENC\u0130LER, B\u0130R\u0130KT\u0130RD\u0130KLER\u0130 HAR\u00c7LIKLAR \u0130LE G\u00d6RME ENGELL\u0130LERE AKILLI BEYAZ BASTON ALDILAR. G\u00d6RME ENGELL\u0130LER\u0130N KARANLI\u011eINA I\u015eIK OLAN M\u0130N\u0130KLER, BU HAREKETLER\u0130 \u0130LE TAKD\u0130R TOPLADILAR. G\u00d6RME ENGELL\u0130LER, KEND\u0130LER\u0130NE BU ANLAMLI YARDIMDA BULUNAN M\u0130N\u0130KLERLE B\u0130R ARAYA GELEREK BEYAZ BASTONLARINI ALDILAR.<\/p>\n","protected":false},"author":1,"featured_media":254298,"comment_status":"closed","ping_status":"open","sticky":false,"template":"","format":"standard","meta":{"jetpack_post_was_ever_published":false,"_jetpack_newsletter_access":"","_jetpack_dont_email_post_to_subs":false,"_jetpack_newsletter_tier_id":0,"_jetpack_memberships_contains_paywalled_content":false,"_jetpack_memberships_contains_paid_content":false,"footnotes":"","jetpack_publicize_message":"","jetpack_publicize_feature_enabled":true,"jetpack_social_post_already_shared":true,"jetpack_social_options":{"image_generator_settings":{"template":"highway","default_image_id":0,"font":"","enabled":false},"version":2}},"categories":[1],"tags":[818,5819,21171,33948,1735,8240,30696,1636,1293],"class_list":["post-254297","post","type-post","status-publish","format-standard","has-post-thumbnail","hentry","category-genel","tag-beyaz","tag-aldilar","tag-baston","tag-biriktirip","tag-engellilere","tag-gorme","tag-harcliklarini","tag-minik","tag-ogrenciler"],"jetpack_publicize_connections":[],"jetpack_featured_media_url":"https:\/\/i0.wp.com\/www.tvturk.com\/wp-content\/uploads\/2020\/01\/minik-ogrenciler-harcliklarini-biriktirip-gorme-engellilere-beyaz-baston-aldilar_3c5a5bf.jpg?fit=1000%2C562","jetpack_sharing_enabled":true,"jetpack_shortlink":"https:\/\/wp.me\/paKIfm-149z","_links":{"self":[{"href":"http:\/\/www.tvturk.com\/index.php\/wp-json\/wp\/v2\/posts\/254297","targetHints":{"allow":["GET"]}}],"collection":[{"href":"http:\/\/www.tvturk.com\/index.php\/wp-json\/wp\/v2\/posts"}],"about":[{"href":"http:\/\/www.tvturk.com\/index.php\/wp-json\/wp\/v2\/types\/post"}],"author":[{"embeddable":true,"href":"http:\/\/www.tvturk.com\/index.php\/wp-json\/wp\/v2\/users\/1"}],"replies":[{"embeddable":true,"href":"http:\/\/www.tvturk.com\/index.php\/wp-json\/wp\/v2\/comments?post=254297"}],"version-history":[{"count":0,"href":"http:\/\/www.tvturk.com\/index.php\/wp-json\/wp\/v2\/posts\/254297\/revisions"}],"wp:featuredmedia":[{"embeddable":true,"href":"http:\/\/www.tvturk.com\/index.php\/wp-json\/wp\/v2\/media\/254298"}],"wp:attachment":[{"href":"http:\/\/www.tvturk.com\/index.php\/wp-json\/wp\/v2\/media?parent=254297"}],"wp:term":[{"taxonomy":"category","embeddable":true,"href":"http:\/\/www.tvturk.com\/index.php\/wp-json\/wp\/v2\/categories?post=254297"},{"taxonomy":"post_tag","embeddable":true,"href":"http:\/\/www.tvturk.com\/index.php\/wp-json\/wp\/v2\/tags?post=254297"}],"curies":[{"name":"wp","href":"https:\/\/api.w.org\/{rel}","templated":true}]}}