{"id":254323,"date":"2020-01-11T10:31:50","date_gmt":"2020-01-11T07:31:50","guid":{"rendered":"http:\/\/www.tvturk.com\/index.php\/sivas-ellerinde-japon-bir-ozan\/"},"modified":"2020-01-11T10:31:50","modified_gmt":"2020-01-11T07:31:50","slug":"sivas-ellerinde-japon-bir-ozan","status":"publish","type":"post","link":"http:\/\/www.tvturk.com\/index.php\/sivas-ellerinde-japon-bir-ozan\/","title":{"rendered":"Sivas ellerinde Japon bir ozan"},"content":{"rendered":"<p>Yurt d\u0131\u015f\u0131 e\u011fitim program\u0131 kapsam\u0131nda T\u00fcrkiye\u2019de e\u011fitim g\u00f6ren Japon Kotaro Yuzawa, izledi\u011fi filmden etkilenip sosyal medya \u00fczerinden destek alarak ba\u011flama \u00e7almay\u0131 \u00f6\u011frendi, Sivas\u2019\u0131 ziyaret edip Siva\u2019ta ba\u011flama \u00e7ald\u0131 .<\/p>\n<p>Almanya\u2019da T\u00fcrkoloji b\u00f6l\u00fcm\u00fcnde e\u011fitim g\u00f6ren ve e\u011fitimini yurt d\u0131\u015f\u0131 e\u011fitim program\u0131 kapsam\u0131nda \u0130stanbul \u00dcniversitesinde devam ettiren Japon \u00f6\u011frenci Kotaro Yuzawa, izledi\u011fi bir filmden etkilenerek, sosyal medya \u00fczerinden destek al\u0131p, canl\u0131 ba\u011flant\u0131lar kurarak ba\u011flama \u00e7almay\u0131 \u00f6\u011frendi. A\u015f\u0131k Veysel\u2019i ara\u015ft\u0131ran, Veysel\u2019e hayranl\u0131k duyan Yuzawa, ge\u00e7ti\u011fimiz g\u00fcn a\u015f\u0131klar ve ozanlar \u015fehri Sivas\u2019\u0131 ziyaret etti. Sivas\u2019ta Doktor \u00d6\u011fretim G\u00f6revlisi Murat Sinan La\u00e7iner\u2019in misafiri olan Japon \u00f6\u011frenci, La\u00e7iner rehberli\u011finde Sivas\u2019\u0131 gezme f\u0131rsat\u0131 buldu. Sivas\u2019ta ba\u011flama ustas\u0131 \u015eent\u00fcrk \u0130yido\u011fan\u2019\u0131 ziyaret etti. Bir s\u00fcre \u0130yido\u011fan\u2019\u0131n ba\u011flama yap\u0131m\u0131n\u0131 izleyen Yuzawa, Ozanlar M\u00fczesi\u2019ni de gezmeyi unutmad\u0131. Burada b\u00fcy\u00fck bir s\u00fcrprizle kar\u015f\u0131la\u015fan Japon \u00f6\u011frenci, b\u00fcy\u00fck ilgi duydu\u011fu d\u00fcnyaca \u00fcnl\u00fc halk ozan\u0131 A\u015f\u0131k Veysel\u2019in 100 y\u0131ll\u0131k saz\u0131n\u0131 da eline alma f\u0131rsat\u0131 buldu. Japon \u00f6\u011frenci, ba\u011flama ustas\u0131 \u0130yido\u011fan ile birlikte \u201c\u00c7i\u011fdem der ki ben elay\u0131m\u201d t\u00fcrk\u00fcs\u00fcn\u00fc \u00e7ald\u0131. Yuzawa, ba\u011flamaya olan merak\u0131n\u0131n izledi\u011fi bir filmden etkilenmesiyle ba\u015flad\u0131\u011f\u0131 ve ba\u011flama \u00e7almay\u0131 sosyal medyadan e\u011fitim videolar\u0131 izleyerek \u00f6\u011frendi\u011fini s\u00f6yledi.<\/p>\n<p>Ba\u011flama Ustas\u0131 \u015eent\u00fcrk \u0130yido\u011fan, ozanlar m\u00fczesini bir\u00e7ok ki\u015finin ziyaret etti\u011fini belirtip, \u201cYurt d\u0131\u015f\u0131ndan \u00f6zellikle; Japonya\u2019dan \u0130ngiltere\u2019den Almanya\u2019dan Amerika\u2019dan insanlar\u0131n buraya gelip ziyaret etmesi \u00e7ok keyif veriyor. Bug\u00fcnde Japon karde\u015fimiz burada A\u015f\u0131k Veysel\u2019in ba\u011flamas\u0131yla birlikte. Tabi zaten A\u015f\u0131k Veysel d\u00fcnyada 72 millet aras\u0131nda hi\u00e7 ayr\u0131m yapmayan ilk ve tek ozand\u0131r. Onlar\u0131 bilmesi tan\u0131mas\u0131 bizim i\u00e7in ayr\u0131 bir keyiftir. Evet karde\u015fimiz \u00e7ok g\u00fczel ba\u011flama \u00e7alma yolunda\u201d \u015feklinde konu\u015ftu.<\/p>\n<p>\u015ea\u015fk\u0131nl\u0131\u011f\u0131n\u0131 gizleyemedi<\/p>\n<p>Yuzawa, A\u015f\u0131k Veysel\u2019in ba\u011flamas\u0131n\u0131 g\u00f6r\u00fcnce \u00e7ok mutlu oldu\u011funu ifade ederek, \u201cBenim ba\u011flamaya ilgim izledi\u011fim bir filmle ba\u015flad\u0131. Orada T\u00fcrk m\u00fcziklerinin \u00e7ok kullan\u0131ld\u0131\u011f\u0131 bir filmdi. Ondan dolay\u0131 T\u00fcrk m\u00fczi\u011fine ilgim ba\u015flad\u0131 ve Almanya\u2019da okurken T\u00fcrk Halk M\u00fczi\u011fi korosuna kat\u0131ld\u0131m. Orada da halk m\u00fczi\u011fine ilgim artt\u0131. Ba\u011flama kursuna kat\u0131lmak istiyordum. Ama hem zaman\u0131n hem param yoktu. Sosyal medyaya ba\u011flama dersi ile ilgili video atan \u00e7ok insan var. Bende sosyal medyadan video izleyerek \u00e7almaya ba\u015flad\u0131m. \u0130ki g\u00fcn \u00f6nce Sivas\u2019a geldim. Gezmek istiyordum. Asl\u0131nda A\u015f\u0131k Veysel\u2019in Sivasl\u0131 oldu\u011funu bilmiyordum. Ama A\u015f\u0131k Veysel\u2019i tan\u0131yordum. Buraya geldi\u011fim i\u00e7in \u00e7ok sevindim. Bu durumu hi\u00e7 beklemiyordum. \u015eimdi \u00e7ok \u015fa\u015f\u0131rd\u0131m. \u0130nan\u0131lmaz bir duygu\u201d dedi.<\/p>\n<p>Doktor \u00d6\u011fretim G\u00f6revlisi Murat Sinan La\u00e7iner ise yapt\u0131\u011f\u0131 a\u00e7\u0131klamada \u015funlar\u0131 s\u00f6yledi:<\/p>\n<p>\u201cSivas\u2019a geliyorduk. O vesile ile tan\u0131\u015ft\u0131k. Sivas\u2019\u0131 biraz tan\u0131tal\u0131m dedik. Kotaroyla tan\u0131\u015fmaktan ger\u00e7ekten bizde \u00e7ok mutlu olduk. Kotaro da geldi, burada ba\u011flama \u00e7ald\u0131. Bunu yapabildi\u011fini de g\u00f6sterdi. B\u00fcy\u00fck memnuniyet duyduk.\u201d<\/p>\n","protected":false},"excerpt":{"rendered":"<p>YURT DI\u015eI E\u011e\u0130T\u0130M PROGRAMI KAPSAMINDA T\u00dcRK\u0130YE\u2019DE E\u011e\u0130T\u0130M G\u00d6REN JAPON KOTARO YUZAWA, \u0130ZLED\u0130\u011e\u0130 F\u0130LMDEN ETK\u0130LEN\u0130P SOSYAL MEDYA \u00dcZER\u0130NDEN DESTEK ALARAK BA\u011eLAMA \u00c7ALMAYI \u00d6\u011eREND\u0130, S\u0130VAS&#8217;I Z\u0130YARET ED\u0130P S\u0130VAS&#8217;TA BA\u011eLAMA \u00c7ALDI.<\/p>\n","protected":false},"author":1,"featured_media":254324,"comment_status":"closed","ping_status":"open","sticky":false,"template":"","format":"standard","meta":{"jetpack_post_was_ever_published":false,"_jetpack_newsletter_access":"","_jetpack_dont_email_post_to_subs":false,"_jetpack_newsletter_tier_id":0,"_jetpack_memberships_contains_paywalled_content":false,"_jetpack_memberships_contains_paid_content":false,"footnotes":"","jetpack_publicize_message":"","jetpack_publicize_feature_enabled":true,"jetpack_social_post_already_shared":true,"jetpack_social_options":{"image_generator_settings":{"template":"highway","default_image_id":0,"font":"","enabled":false},"version":2}},"categories":[1],"tags":[125,1058,1711,11089,4247],"class_list":["post-254323","post","type-post","status-publish","format-standard","has-post-thumbnail","hentry","category-genel","tag-bir","tag-ellerinde","tag-japon","tag-ozan","tag-sivas"],"jetpack_publicize_connections":[],"jetpack_featured_media_url":"https:\/\/i0.wp.com\/www.tvturk.com\/wp-content\/uploads\/2020\/01\/sivas-ellerinde-japon-bir-ozan_0ca3bc2.jpg?fit=1000%2C666","jetpack_sharing_enabled":true,"jetpack_shortlink":"https:\/\/wp.me\/paKIfm-149Z","_links":{"self":[{"href":"http:\/\/www.tvturk.com\/index.php\/wp-json\/wp\/v2\/posts\/254323","targetHints":{"allow":["GET"]}}],"collection":[{"href":"http:\/\/www.tvturk.com\/index.php\/wp-json\/wp\/v2\/posts"}],"about":[{"href":"http:\/\/www.tvturk.com\/index.php\/wp-json\/wp\/v2\/types\/post"}],"author":[{"embeddable":true,"href":"http:\/\/www.tvturk.com\/index.php\/wp-json\/wp\/v2\/users\/1"}],"replies":[{"embeddable":true,"href":"http:\/\/www.tvturk.com\/index.php\/wp-json\/wp\/v2\/comments?post=254323"}],"version-history":[{"count":0,"href":"http:\/\/www.tvturk.com\/index.php\/wp-json\/wp\/v2\/posts\/254323\/revisions"}],"wp:featuredmedia":[{"embeddable":true,"href":"http:\/\/www.tvturk.com\/index.php\/wp-json\/wp\/v2\/media\/254324"}],"wp:attachment":[{"href":"http:\/\/www.tvturk.com\/index.php\/wp-json\/wp\/v2\/media?parent=254323"}],"wp:term":[{"taxonomy":"category","embeddable":true,"href":"http:\/\/www.tvturk.com\/index.php\/wp-json\/wp\/v2\/categories?post=254323"},{"taxonomy":"post_tag","embeddable":true,"href":"http:\/\/www.tvturk.com\/index.php\/wp-json\/wp\/v2\/tags?post=254323"}],"curies":[{"name":"wp","href":"https:\/\/api.w.org\/{rel}","templated":true}]}}