{"id":254327,"date":"2020-01-11T10:32:16","date_gmt":"2020-01-11T07:32:16","guid":{"rendered":"http:\/\/www.tvturk.com\/index.php\/ozel-tuberkuloz-hastalarina-goruntulu-ilac-tedavisi\/"},"modified":"2020-01-11T10:32:16","modified_gmt":"2020-01-11T07:32:16","slug":"ozel-tuberkuloz-hastalarina-goruntulu-ilac-tedavisi","status":"publish","type":"post","link":"http:\/\/www.tvturk.com\/index.php\/ozel-tuberkuloz-hastalarina-goruntulu-ilac-tedavisi\/","title":{"rendered":"(\u00d6zel) T\u00fcberk\u00fcloz hastalar\u0131na g\u00f6r\u00fcnt\u00fcl\u00fc ila\u00e7 tedavisi"},"content":{"rendered":"<p>T\u00fcrkiye genelinde Verem Sava\u015f Dispanserlerinde uygulanan videolu do\u011frudan g\u00f6zetimli tedavi ile binlerce t\u00fcberk\u00fcloz (verem) hastas\u0131na ila\u00e7lar\u0131 telefonla g\u00f6r\u00fcnt\u00fcl\u00fc aranarak i\u00e7iriliyor. Uygulamayla;  tedavi edilmedi\u011finde \u00f6l\u00fcmc\u00fcl sonu\u00e7lara varabilen bu hastal\u0131ktan toplumun korunmas\u0131 ama\u00e7lan\u0131yor.<\/p>\n<p>T\u00fcrkiye genelinde yakla\u015f\u0131k 10 bin ki\u015fide bulunan t\u00fcberk\u00fcloz hastal\u0131\u011f\u0131n\u0131n takibi, toplum sa\u011fl\u0131\u011f\u0131n\u0131n korunmas\u0131 amac\u0131yla  dijital ortama ta\u015f\u0131nd\u0131. Verem Sava\u015f Dispanserlerinde uygulanan Video e\u015fli\u011finde do\u011frudan g\u00f6zetimli tedaviyle bug\u00fcne kadar  binlerce hasta sa\u011fl\u0131\u011f\u0131na kavu\u015ftu.<\/p>\n<p>T\u00fcrkiye\u2019de uygulanan y\u00f6ntemle y\u00fczde 90\u2019lara varan ba\u015far\u0131 sa\u011fland\u0131. Uzun soluklu bir tedavi gerektiren bu hastal\u0131kta  ila\u00e7 kullan\u0131m\u0131n\u0131 te\u015fvik etmek i\u00e7in Sa\u011fl\u0131k Bakanl\u0131\u011f\u0131 ile Aile \u00c7al\u0131\u015fma ve Sosyal Hizmetler Bakanl\u0131\u011f\u0131n\u0131n imzalad\u0131\u011f\u0131 protokolle t\u00fcberk\u00fcloz hastalar\u0131na maddi yard\u0131m yap\u0131lmaya ba\u015flanm\u0131\u015f, ayr\u0131ca  bak\u0131m deste\u011fi duyanlara  da ekstra destek verilmesi kararla\u015ft\u0131r\u0131lm\u0131\u015ft\u0131.<\/p>\n<p>Videolu do\u011frudan g\u00f6zetimli tedaviyle hastalar\u0131n ev konforunda takibi yap\u0131l\u0131yor, b\u00f6ylelikle hastalar hem zamandan tasarruf ediyor hem ula\u015f\u0131ma \u00fccret \u00f6demiyor. Uygulama hastalar\u0131n hafta sonu da takibinin yap\u0131lmas\u0131na imkan  sunuyor. Doktor ya da sa\u011fl\u0131k personeli, takibini yapt\u0131\u011f\u0131 hastay\u0131 tek tek g\u00f6r\u00fcnt\u00fcl\u00fc ar\u0131yor, \u00f6nce ila\u00e7lar\u0131 g\u00f6stermesini istiyor ard\u0131ndan ila\u00e7lar\u0131n\u0131 i\u00e7mesini bekliyor. Bu s\u00fcre i\u00e7inde hastaya genel sa\u011fl\u0131k durumu ile ilgili sorular da soruluyor.<\/p>\n<p>Hastaneye gidip vakit kaybetmediklerini belirten hastalar ise uygulamadan olduk\u00e7a memnun.<\/p>\n<p>Ankara \u0130l Sa\u011fl\u0131k M\u00fcd\u00fcrl\u00fc\u011f\u00fc Halk Sa\u011fl\u0131\u011f\u0131 Hizmetleri Ba\u015fkanl\u0131\u011f\u0131 T\u00fcberk\u00fcloz Birim Sorumlusu Dr. Hatice Turan, verem hastal\u0131\u011f\u0131n\u0131n tedavi edilen bir hastal\u0131k oldu\u011funu ama tedavi s\u00fcrecinin \u00e7ok uzun oldu\u011fu i\u00e7in s\u0131k\u0131nt\u0131l\u0131 durumlar olu\u015fturabildi\u011fine i\u015faret etti.<\/p>\n<p>Hastan\u0131n verem tan\u0131s\u0131 ald\u0131ktan sonra en az 6 ay s\u00fcreyle d\u00fczenli tedavi almas\u0131 gerekti\u011fini vurgulayan Turan, \u201cG\u00fcnde en az 3-4 tane ila\u00e7 kullanmas\u0131 gerekiyor. 6 boyunca d\u00fczenli ila\u00e7 kullanmak hi\u00e7 kimse i\u00e7in kolay bir s\u00fcre\u00e7 de\u011fil. Ama ki\u015fi d\u00fczenli olarak 6 ay tedavi almazsa, tedavisi tam olmayaca\u011f\u0131 i\u00e7in hastal\u0131k s\u00fcreci uzuyor. Biz de bunu takip edebilmek amac\u0131yla hem hastan\u0131n evden \u00e7\u0131kma konforunu bozmamak, ula\u015f\u0131m\u0131n\u0131 kolayla\u015ft\u0131rmak hem de g\u00f6zetim alt\u0131nda tutabilmek ama\u00e7l\u0131 DGT sistemi geli\u015ftirildi\u201d diye konu\u015ftu.<\/p>\n<p>Hastalar\u0131n her g\u00fcn ayn\u0131 saatte ilac\u0131n\u0131 almas\u0131 gerekti\u011fini kaydeden Turan, bu uygulama ile d\u00fczenli kontrolleri sa\u011flayabildiklerini alt\u0131n\u0131 \u00e7izerek, O saatlerde bir sa\u011fl\u0131k personeliyle internet ortam\u0131nda ileti\u015fime ge\u00e7iyor, ilac\u0131n\u0131 ald\u0131\u011f\u0131n\u0131 g\u00f6steriyor. \u0130lac\u0131n\u0131 yutarken ve suyunu i\u00e7erken biz g\u00f6r\u00fcyoruz. Yan etkisi olup olmad\u0131\u011f\u0131n\u0131, bir \u015fikayeti olup olmad\u0131\u011f\u0131n\u0131 soruyoruz, ertesi g\u00fcn g\u00f6r\u00fc\u015fmek \u00fczere bu g\u00f6r\u00fc\u015fmeyi sonland\u0131r\u0131yoruz\u201d dedi.<\/p>\n<p>Turan, hastalar\u0131n ve hasta yak\u0131nlar\u0131n\u0131n bu uygulamadan olduk\u00e7a memnun olduklar\u0131n\u0131 belirterek,\u201dEvden \u00e7\u0131kma ihtiya\u00e7lar\u0131 olmuyor, ula\u015f\u0131m sorunu ya\u015fam\u0131yorlar. Sa\u011fl\u0131k personeli her g\u00fcn sizinle ileti\u015fime ge\u00e7ip sizinle ilgilendi\u011fini biliyorsan\u0131z bu s\u00fcreci kolayla\u015ft\u0131rm\u0131\u015f oluyoruz. Bizim i\u00e7in de bir iyili\u011fi var; 6 ay s\u00fcreyle hastam\u0131z\u0131 takip ediyoruz, ila\u00e7lar\u0131n\u0131 ald\u0131\u011f\u0131ndan emin oluyoruz. \u015eehir merkezine uzak yerlerde oturanlarla ileti\u015fim kurup tedavilerini takip etmemiz \u00e7ok kolay oluyor bu y\u00f6ntemle. Evlerindeki g\u00fcvenli ortamdan \u00e7\u0131km\u0131yorlar, ula\u015f\u0131m masraflar\u0131 da olmuyor. Hastan\u0131n hekime ula\u015famayaca\u011f\u0131 bir durum olursa, hasta bilgilendiriliyor ve bir \u015fekilde video ya da g\u00f6r\u00fcnt\u00fcs\u00fcne ula\u015f\u0131l\u0131yor\u201d dedi.<\/p>\n","protected":false},"excerpt":{"rendered":"<p>T\u00dcRK\u0130YE GENEL\u0130NDE VEREM SAVA\u015e D\u0130SPANSERLER\u0130NDE UYGULANAN V\u0130DEOLU DO\u011eRUDAN G\u00d6ZET\u0130ML\u0130 TEDAV\u0130 \u0130LE B\u0130NLERCE T\u00dcBERK\u00dcLOZ (VEREM) HASTASINA \u0130LA\u00c7LARI TELEFONLA G\u00d6R\u00dcNT\u00dcL\u00dc ARANARAK \u0130\u00c7\u0130R\u0130L\u0130YOR. UYGULAMAYLA;  TEDAV\u0130 ED\u0130LMED\u0130\u011e\u0130NDE \u00d6L\u00dcMC\u00dcL SONU\u00c7LARA VARAB\u0130LEN BU HASTALIKTAN TOPLUMUN KORUNMASI AMA\u00c7LANIYOR. T\u00dcRK\u0130YE GENEL\u0130NDE YAKLA\u015eIK 10 B\u0130N K\u0130\u015e\u0130DE BULUNAN T\u00dcBERK\u00dcLOZ HASTALI\u011eININ TAK\u0130B\u0130, TOPLUM SA\u011eLI\u011eININ KORUNMASI AMACIYLA  D\u0130J\u0130TAL ORTAMA TA\u015eINDI. VEREM SAVA\u015e D\u0130SPANSERLER\u0130NDE UYGULANAN V\u0130DEO E\u015eL\u0130\u011e\u0130NDE DO\u011eRUDAN G\u00d6ZET\u0130ML\u0130 TEDAV\u0130YLE BUG\u00dcNE KADAR  B\u0130NLERCE HASTA SA\u011eLI\u011eINA KAVU\u015eTU.<\/p>\n","protected":false},"author":1,"featured_media":254328,"comment_status":"closed","ping_status":"open","sticky":false,"template":"","format":"standard","meta":{"jetpack_post_was_ever_published":false,"_jetpack_newsletter_access":"","_jetpack_dont_email_post_to_subs":false,"_jetpack_newsletter_tier_id":0,"_jetpack_memberships_contains_paywalled_content":false,"_jetpack_memberships_contains_paid_content":false,"footnotes":"","jetpack_publicize_message":"","jetpack_publicize_feature_enabled":true,"jetpack_social_post_already_shared":true,"jetpack_social_options":{"image_generator_settings":{"template":"highway","default_image_id":0,"font":"","enabled":false},"version":2}},"categories":[1],"tags":[1073,55146,3716,3712,6552,47088],"class_list":["post-254327","post","type-post","status-publish","format-standard","has-post-thumbnail","hentry","category-genel","tag-ozel","tag-goruntulu","tag-hastalarina","tag-ilac","tag-tedavisi","tag-tuberkuloz"],"jetpack_publicize_connections":[],"jetpack_featured_media_url":"https:\/\/i0.wp.com\/www.tvturk.com\/wp-content\/uploads\/2020\/01\/ozel-tuberkuloz-hastalarina-goruntulu-ilac-tedavisi_a8d465e.jpg?fit=1000%2C562","jetpack_sharing_enabled":true,"jetpack_shortlink":"https:\/\/wp.me\/paKIfm-14a3","_links":{"self":[{"href":"http:\/\/www.tvturk.com\/index.php\/wp-json\/wp\/v2\/posts\/254327","targetHints":{"allow":["GET"]}}],"collection":[{"href":"http:\/\/www.tvturk.com\/index.php\/wp-json\/wp\/v2\/posts"}],"about":[{"href":"http:\/\/www.tvturk.com\/index.php\/wp-json\/wp\/v2\/types\/post"}],"author":[{"embeddable":true,"href":"http:\/\/www.tvturk.com\/index.php\/wp-json\/wp\/v2\/users\/1"}],"replies":[{"embeddable":true,"href":"http:\/\/www.tvturk.com\/index.php\/wp-json\/wp\/v2\/comments?post=254327"}],"version-history":[{"count":0,"href":"http:\/\/www.tvturk.com\/index.php\/wp-json\/wp\/v2\/posts\/254327\/revisions"}],"wp:featuredmedia":[{"embeddable":true,"href":"http:\/\/www.tvturk.com\/index.php\/wp-json\/wp\/v2\/media\/254328"}],"wp:attachment":[{"href":"http:\/\/www.tvturk.com\/index.php\/wp-json\/wp\/v2\/media?parent=254327"}],"wp:term":[{"taxonomy":"category","embeddable":true,"href":"http:\/\/www.tvturk.com\/index.php\/wp-json\/wp\/v2\/categories?post=254327"},{"taxonomy":"post_tag","embeddable":true,"href":"http:\/\/www.tvturk.com\/index.php\/wp-json\/wp\/v2\/tags?post=254327"}],"curies":[{"name":"wp","href":"https:\/\/api.w.org\/{rel}","templated":true}]}}