{"id":254343,"date":"2020-01-11T11:31:27","date_gmt":"2020-01-11T08:31:27","guid":{"rendered":"http:\/\/www.tvturk.com\/index.php\/baris-pinari-harekati-ile-tel-abyad-ve-resulaynli-20-bin-ogrenci-okula-basladi\/"},"modified":"2020-01-11T11:31:27","modified_gmt":"2020-01-11T08:31:27","slug":"baris-pinari-harekati-ile-tel-abyad-ve-resulaynli-20-bin-ogrenci-okula-basladi","status":"publish","type":"post","link":"http:\/\/www.tvturk.com\/index.php\/baris-pinari-harekati-ile-tel-abyad-ve-resulaynli-20-bin-ogrenci-okula-basladi\/","title":{"rendered":"Bar\u0131\u015f P\u0131nar\u0131 Harekat\u0131 ile Tel Abyad ve Resulaynl\u0131 20 bin \u00f6\u011frenci okula ba\u015flad\u0131"},"content":{"rendered":"<p>Ter\u00f6r \u00f6rg\u00fct\u00fc PKK\/YPG\u2019nin i\u015fgali nedeniyle uzun y\u0131llar e\u011fitim \u00f6\u011fretim hakk\u0131ndan mahrum kalan Tel Abyad ve Resulaynl\u0131 \u00e7ocuklar, Bar\u0131\u015f P\u0131nar\u0131 Harekat\u0131 sonras\u0131nda yeniden okullar\u0131na kavu\u015fman\u0131n sevincini ya\u015f\u0131yor.<\/p>\n<p>Bar\u0131\u015f P\u0131nar\u0131 Harekat\u0131 kapsam\u0131nda T\u00fcrkiye\u2019nin kontrol\u00fcne ge\u00e7en Tel Abyad ve Resulayn\u2019da, \u015eanl\u0131urfa Valili\u011fi Suriye Destek ve Koordinasyon Merkezi (SUDKOM) nezaretinde tadilatlar\u0131 yap\u0131lan ve eksiklikleri giderilen okullar, \u00f6\u011frencilerle dolduruldu.<\/p>\n<p>Tel Abyad\u2019da 160 okulda 790 \u00f6\u011fretmen ve 15 bin 200 \u00f6\u011frenci e\u011fitime devam ederken, Resulayn\u2019da ise 20 okulda 172 \u00f6\u011fretmen ve 4 bin 720 \u00f6\u011frenci yeniden okullar\u0131na kavu\u015ftu. Okullar\u0131n \u0131s\u0131nma sorununun \u00e7\u00f6z\u00fclmesi i\u00e7in AFAD koordinasyonunda ATAA \u0130nsani Yard\u0131m Derne\u011fi taraf\u0131ndan temin edilen 75 mazotlu soba ve 3 bin 330 litre yak\u0131t eksikli\u011fi bulunan okullara da\u011f\u0131t\u0131ld\u0131. \u00d6\u011frencilerin ba\u015fta kitap olmak \u00fczere e\u011fitim materyalleri de \u00c7obanbey\u2019den temin edildi. Daha \u00f6nceden m\u00fclakatlar\u0131 ger\u00e7ekle\u015ftirilerek bilgileri kaydedilen Suriyeli \u00f6\u011fretmenlerin g\u00f6rev ald\u0131\u011f\u0131 okullar\u0131n eksiklikleri, SUDKOM Milli E\u011fitim Koordinat\u00f6rl\u00fc\u011f\u00fc taraf\u0131ndan belirlenerek temin yoluna gidiliyor.<\/p>\n<p>E\u011fitimin ba\u015flad\u0131\u011f\u0131 okullarda \u00f6\u011frencilerin spor ve sosyal aktivitelere y\u00f6nlendirilmesini sa\u011flamak amac\u0131yla \u015eanl\u0131urfa Gen\u00e7lik ve Spor Hizmetleri \u0130l M\u00fcd\u00fcrl\u00fc\u011f\u00fc taraf\u0131ndan da faaliyetler ger\u00e7ekle\u015ftiriliyor. Tel Abyadl\u0131 \u00f6\u011frenciler ve okul idarecileri, il\u00e7ede bulunan Cerrah, El Saba\u011f, ve \u015earki okullar\u0131 bah\u00e7elerine basketbol potalar\u0131, voleybol fileleri ve futbol kaleleri yapan Gen\u00e7lik ve Spor Hizmetleri \u0130l M\u00fcd\u00fcrl\u00fc\u011f\u00fcne te\u015fekk\u00fcr etti.<\/p>\n<p>T\u00fcrkiye\u2019nin destekleriyle e\u011fitim hayat\u0131na yeniden ba\u015flayan Tel Abyad ve Resulaynl\u0131 \u00e7ocuklar da okullar\u0131na yeniden ba\u015flaman\u0131n verdi\u011fi sevin\u00e7le, T\u00fcrkiye Cumhuriyeti\u2019ne, Cumhurba\u015fkan\u0131 Recep Tayyip Erdo\u011fan\u2019a ve kendilerini ziyaret eden \u015eanl\u0131urfa Valisi Abdullah Erin\u2019e te\u015fekk\u00fcr etti.<\/p>\n","protected":false},"excerpt":{"rendered":"<p>BARI\u015e PINARI HAREKATI \u0130LE 20 B\u0130N \u00d6\u011eRENC\u0130 OKULA BA\u015eLADI<\/p>\n","protected":false},"author":1,"featured_media":254344,"comment_status":"closed","ping_status":"open","sticky":false,"template":"","format":"standard","meta":{"jetpack_post_was_ever_published":false,"_jetpack_newsletter_access":"","_jetpack_dont_email_post_to_subs":false,"_jetpack_newsletter_tier_id":0,"_jetpack_memberships_contains_paywalled_content":false,"_jetpack_memberships_contains_paid_content":false,"footnotes":"","jetpack_publicize_message":"","jetpack_publicize_feature_enabled":true,"jetpack_social_post_already_shared":true,"jetpack_social_options":{"image_generator_settings":{"template":"highway","default_image_id":0,"font":"","enabled":false},"version":2}},"categories":[10],"tags":[54004,4256,55,213,17305,192,773,4317,53832,62919,1236],"class_list":["post-254343","post","type-post","status-publish","format-standard","has-post-thumbnail","hentry","category-dunya","tag-abyad","tag-baris","tag-basladi","tag-bin","tag-harekati","tag-ile","tag-ogrenci","tag-okula","tag-pinari","tag-resulaynli","tag-tel"],"jetpack_publicize_connections":[],"jetpack_featured_media_url":"https:\/\/i0.wp.com\/www.tvturk.com\/wp-content\/uploads\/2020\/01\/baris-pinari-harekati-ile-tel-abyad-ve-resulaynli-20-bin-ogrenci-okula-basladi_39bcaec.jpg?fit=1000%2C750","jetpack_sharing_enabled":true,"jetpack_shortlink":"https:\/\/wp.me\/paKIfm-14aj","_links":{"self":[{"href":"http:\/\/www.tvturk.com\/index.php\/wp-json\/wp\/v2\/posts\/254343","targetHints":{"allow":["GET"]}}],"collection":[{"href":"http:\/\/www.tvturk.com\/index.php\/wp-json\/wp\/v2\/posts"}],"about":[{"href":"http:\/\/www.tvturk.com\/index.php\/wp-json\/wp\/v2\/types\/post"}],"author":[{"embeddable":true,"href":"http:\/\/www.tvturk.com\/index.php\/wp-json\/wp\/v2\/users\/1"}],"replies":[{"embeddable":true,"href":"http:\/\/www.tvturk.com\/index.php\/wp-json\/wp\/v2\/comments?post=254343"}],"version-history":[{"count":0,"href":"http:\/\/www.tvturk.com\/index.php\/wp-json\/wp\/v2\/posts\/254343\/revisions"}],"wp:featuredmedia":[{"embeddable":true,"href":"http:\/\/www.tvturk.com\/index.php\/wp-json\/wp\/v2\/media\/254344"}],"wp:attachment":[{"href":"http:\/\/www.tvturk.com\/index.php\/wp-json\/wp\/v2\/media?parent=254343"}],"wp:term":[{"taxonomy":"category","embeddable":true,"href":"http:\/\/www.tvturk.com\/index.php\/wp-json\/wp\/v2\/categories?post=254343"},{"taxonomy":"post_tag","embeddable":true,"href":"http:\/\/www.tvturk.com\/index.php\/wp-json\/wp\/v2\/tags?post=254343"}],"curies":[{"name":"wp","href":"https:\/\/api.w.org\/{rel}","templated":true}]}}