{"id":254407,"date":"2020-01-11T13:16:06","date_gmt":"2020-01-11T10:16:06","guid":{"rendered":"http:\/\/www.tvturk.com\/index.php\/irak-basbakani-abdulmehdi-kurt-yetkililerle-siyasi-krizi-gorusmek-uzere-erbilde\/"},"modified":"2020-01-11T13:16:06","modified_gmt":"2020-01-11T10:16:06","slug":"irak-basbakani-abdulmehdi-kurt-yetkililerle-siyasi-krizi-gorusmek-uzere-erbilde","status":"publish","type":"post","link":"http:\/\/www.tvturk.com\/index.php\/irak-basbakani-abdulmehdi-kurt-yetkililerle-siyasi-krizi-gorusmek-uzere-erbilde\/","title":{"rendered":"Irak Ba\u015fbakan\u0131 Abdulmehdi, K\u00fcrt yetkililerle siyasi krizi g\u00f6r\u00fc\u015fmek \u00fczere Erbil\u2019de"},"content":{"rendered":"<p>Irak Ba\u015fbakan\u0131 Adil Abd\u00fclmehdi, Irak\u2019taki siyasi kriz ve ABD ile \u0130ran aras\u0131nda artan gerilimi g\u00f6r\u00fc\u015fmek \u00fczere Irak K\u00fcrt B\u00f6lgesel Y\u00f6netimi\u2019nin (IKBY) ba\u015fkenti Erbil\u2019e geldi.<\/p>\n<p>Irak Ba\u015fbakan\u0131 Adil Abd\u00fclmehdi ve Maliye Bakan\u0131 Fuat H\u00fcseyin, \u0130\u00e7i\u015fleri Bakan\u0131 Muhammet Ali el-Hekim, Planlama Bakan\u0131 Nuri el-Dilemi ve Ulusal \u0130stihbarat Ba\u015fkan\u0131 Mustafa el-Kazimi\u2019den olu\u015fan heyeti ile birlikte Irak K\u00fcrt B\u00f6lgesel Y\u00f6netimi\u2019nin (IKBY) ba\u015fkenti Erbil\u2019e gitti. Abdulmehdi ve beraberindekileri, Erbil Uluslararas\u0131 Havaliman\u0131\u2019nda IKBY Ba\u015fkan\u0131 Ne\u00e7irvan Barzani kar\u015f\u0131lad\u0131.<\/p>\n<p>Erbil\u2019de K\u00fcrt yetkilerle bir araya gelecek olan Abd\u00fclmehdi, IKBY Ba\u015fbakan Mesrur Barzani ile de g\u00f6r\u00fc\u015fme ger\u00e7ekle\u015ftirecek.<\/p>\n<p>G\u00f6reve geldi\u011finden bu yana IKBY\u2019ye ilk resmi ziyaretini ger\u00e7ekle\u015ftiren Abd\u00fclmehdi\u2019nin temaslar\u0131nda, ABD-\u0130ran gerilimi ve Irak\u2019taki siyasi krizin ele al\u0131nmas\u0131 bekleniyor.<\/p>\n","protected":false},"excerpt":{"rendered":"<p>IRAK BA\u015eBAKANI AD\u0130L ABD\u00dcLMEHD\u0130, IRAK&#8217;TAK\u0130 S\u0130YAS\u0130 KR\u0130Z VE ABD \u0130LE \u0130RAN ARASINDA ARTAN GER\u0130L\u0130M\u0130 G\u00d6R\u00dc\u015eMEK \u00dcZERE IRAK K\u00dcRT B\u00d6LGESEL Y\u00d6NET\u0130M\u0130&#8217;N\u0130N (IKBY) BA\u015eKENT\u0130 ERB\u0130L&#8217;E GELD\u0130.<\/p>\n","protected":false},"author":1,"featured_media":254408,"comment_status":"closed","ping_status":"open","sticky":false,"template":"","format":"standard","meta":{"jetpack_post_was_ever_published":false,"_jetpack_newsletter_access":"","_jetpack_dont_email_post_to_subs":false,"_jetpack_newsletter_tier_id":0,"_jetpack_memberships_contains_paywalled_content":false,"_jetpack_memberships_contains_paid_content":false,"footnotes":"","jetpack_publicize_message":"","jetpack_publicize_feature_enabled":true,"jetpack_social_post_already_shared":true,"jetpack_social_options":{"image_generator_settings":{"template":"highway","default_image_id":0,"font":"","enabled":false},"version":2}},"categories":[10],"tags":[20605,651,29252,9568,1248,2121,7474,2698,2150,62472],"class_list":["post-254407","post","type-post","status-publish","format-standard","has-post-thumbnail","hentry","category-dunya","tag-abdulmehdi","tag-basbakani","tag-erbilde","tag-gorusmek","tag-irak","tag-krizi","tag-kurt","tag-siyasi","tag-uzere","tag-yetkililerle"],"jetpack_publicize_connections":[],"jetpack_featured_media_url":"https:\/\/i0.wp.com\/www.tvturk.com\/wp-content\/uploads\/2020\/01\/irak-basbakani-abdulmehdi-kurt-yetkililerle-siyasi-krizi-gorusmek-uzere-erbilde_aaed513.jpg?fit=781%2C439","jetpack_sharing_enabled":true,"jetpack_shortlink":"https:\/\/wp.me\/paKIfm-14bl","_links":{"self":[{"href":"http:\/\/www.tvturk.com\/index.php\/wp-json\/wp\/v2\/posts\/254407","targetHints":{"allow":["GET"]}}],"collection":[{"href":"http:\/\/www.tvturk.com\/index.php\/wp-json\/wp\/v2\/posts"}],"about":[{"href":"http:\/\/www.tvturk.com\/index.php\/wp-json\/wp\/v2\/types\/post"}],"author":[{"embeddable":true,"href":"http:\/\/www.tvturk.com\/index.php\/wp-json\/wp\/v2\/users\/1"}],"replies":[{"embeddable":true,"href":"http:\/\/www.tvturk.com\/index.php\/wp-json\/wp\/v2\/comments?post=254407"}],"version-history":[{"count":0,"href":"http:\/\/www.tvturk.com\/index.php\/wp-json\/wp\/v2\/posts\/254407\/revisions"}],"wp:featuredmedia":[{"embeddable":true,"href":"http:\/\/www.tvturk.com\/index.php\/wp-json\/wp\/v2\/media\/254408"}],"wp:attachment":[{"href":"http:\/\/www.tvturk.com\/index.php\/wp-json\/wp\/v2\/media?parent=254407"}],"wp:term":[{"taxonomy":"category","embeddable":true,"href":"http:\/\/www.tvturk.com\/index.php\/wp-json\/wp\/v2\/categories?post=254407"},{"taxonomy":"post_tag","embeddable":true,"href":"http:\/\/www.tvturk.com\/index.php\/wp-json\/wp\/v2\/tags?post=254407"}],"curies":[{"name":"wp","href":"https:\/\/api.w.org\/{rel}","templated":true}]}}