{"id":254419,"date":"2020-01-11T13:46:21","date_gmt":"2020-01-11T10:46:21","guid":{"rendered":"http:\/\/www.tvturk.com\/index.php\/fiskobirlik-yonetim-kurulu-baskani-lutfi-bayraktar-bu-kurum-artik-yola-cikti\/"},"modified":"2020-01-11T13:46:21","modified_gmt":"2020-01-11T10:46:21","slug":"fiskobirlik-yonetim-kurulu-baskani-lutfi-bayraktar-bu-kurum-artik-yola-cikti","status":"publish","type":"post","link":"http:\/\/www.tvturk.com\/index.php\/fiskobirlik-yonetim-kurulu-baskani-lutfi-bayraktar-bu-kurum-artik-yola-cikti\/","title":{"rendered":"F\u0130SKOB\u0130RL\u0130K Y\u00f6netim kurulu Ba\u015fkan\u0131 L\u00fctfi Bayraktar: \u201cBu kurum art\u0131k yola \u00e7\u0131kt\u0131\u201d"},"content":{"rendered":"<p>F\u0130SKOB\u0130RL\u0130K Mali Genel Kurulu EF\u0130T A.\u015e tesislerinde ger\u00e7ekle\u015fti.<\/p>\n<p>2018-2019 y\u0131l\u0131 verileri ve baz\u0131 maddelerin g\u00f6r\u00fc\u015f\u00fcld\u00fc\u011f\u00fc F\u0130SKOB\u0130RL\u0130K Ola\u011fan Mali Genel Kurulunda FKB Y\u00f6netim Kurulu Ba\u015fkan\u0131 L\u00fctfi Bayraktar\u2019da bir konu\u015fma yapt\u0131.<\/p>\n<p>Bayraktar, FKB\u2019nin Giresun 2. Organize Sanayi B\u00f6lgesi\u2019nde yeni yat\u0131r\u0131m yapt\u0131klar\u0131n\u0131 ifade ederek, Giresun kalite f\u0131nd\u0131klar\u0131n co\u011frafi i\u015faret tescili ald\u0131klar\u0131n\u0131, art\u0131k kimsenin F\u0130SKOB\u0130RL\u0130K\u2019e ba\u015fvurmadan Giresun kalite f\u0131nd\u0131k sat\u0131\u015f\u0131 yapamad\u0131\u011f\u0131n\u0131 s\u00f6yledi.<\/p>\n<p>Bayraktar, yurt i\u00e7inin yan\u0131 s\u0131ra yurt d\u0131\u015f\u0131na da f\u0131nd\u0131k \u00fcr\u00fcnlerini satt\u0131klar\u0131n\u0131 hat\u0131rlatarak, \u201cBu kurum art\u0131k yola \u00e7\u0131kt\u0131, destek verilirse 3 y\u0131lda tamamlar, verilmezse 5 y\u0131lda tamamlar ama bu kurum yolda. Demin de s\u00f6yledim d\u00fcnyan\u0131n bir\u00e7ok \u00fclkesine \u00fcr\u00fcn sat\u0131yoruz hatta talepleri kar\u015f\u0131layam\u0131yoruz \u00fcretimimiz eksik diye. Ben entegre tesisine u\u011frar\u0131m her geldi\u011fimde, sorar\u0131m b\u0131rak\u0131n yurt d\u0131\u015f\u0131n\u0131 T\u00fcrkiye\u2019de ne kadar talep bekliyor diye? En az 10 milyon her ay, her ay 10 milyon liral\u0131k talep bekliyor, \u00fcretememi\u015fiz\u201d dedi.<\/p>\n<p>F\u0130SKOB\u0130RL\u0130K Mali Genel Kuruluna AK Parti Giresun Milletvekilleri Sabri \u00d6zt\u00fcrk, Kadir Ayd\u0131n ile siyasi parti temsilcileri kat\u0131ld\u0131. Mali Genel Kurulda divan ba\u015fkanl\u0131\u011f\u0131n\u0131 ise Engin Tekinta\u015f yapt\u0131.<\/p>\n","protected":false},"excerpt":{"rendered":"<p>F\u0130SKOB\u0130RL\u0130K MAL\u0130 GENEL KURULU EF\u0130T A.\u015e TES\u0130SLER\u0130NDE GER\u00c7EKLE\u015eT\u0130. 2018-2019 YILI VER\u0130LER\u0130 VE BAZI MADDELER\u0130N G\u00d6R\u00dc\u015e\u00dcLD\u00dc\u011e\u00dc F\u0130SKOB\u0130RL\u0130K OLA\u011eAN MAL\u0130 GENEL KURULUNDA FKB Y\u00d6NET\u0130M KURULU BA\u015eKANI L\u00dcTF\u0130 BAYRAKTAR\u2019DA B\u0130R KONU\u015eMA YAPTI.(L\u00dcFT\u0130 BAYRAKTAR)<\/p>\n","protected":false},"author":1,"featured_media":254420,"comment_status":"closed","ping_status":"open","sticky":false,"template":"","format":"standard","meta":{"jetpack_post_was_ever_published":false,"_jetpack_newsletter_access":"","_jetpack_dont_email_post_to_subs":false,"_jetpack_newsletter_tier_id":0,"_jetpack_memberships_contains_paywalled_content":false,"_jetpack_memberships_contains_paid_content":false,"footnotes":"","jetpack_publicize_message":"","jetpack_publicize_feature_enabled":true,"jetpack_social_post_already_shared":true,"jetpack_social_options":{"image_generator_settings":{"template":"highway","default_image_id":0,"font":"","enabled":false},"version":2}},"categories":[19],"tags":[986,2058,216,8670,1202,50405,247,2582,12142,1535,246],"class_list":["post-254419","post","type-post","status-publish","format-standard","has-post-thumbnail","hentry","category-ekonomi","tag-bu","tag-artik","tag-baskani","tag-bayraktar","tag-cikti","tag-fiskobirlik","tag-kurulu","tag-kurum","tag-lutfi","tag-yola","tag-yonetim"],"jetpack_publicize_connections":[],"jetpack_featured_media_url":"https:\/\/i0.wp.com\/www.tvturk.com\/wp-content\/uploads\/2020\/01\/fiskobirlik-yonetim-kurulu-baskani-lutfi-bayraktar-bu-kurum-artik-yola-cikti_1ce07d7.jpg?fit=1000%2C665","jetpack_sharing_enabled":true,"jetpack_shortlink":"https:\/\/wp.me\/paKIfm-14bx","_links":{"self":[{"href":"http:\/\/www.tvturk.com\/index.php\/wp-json\/wp\/v2\/posts\/254419","targetHints":{"allow":["GET"]}}],"collection":[{"href":"http:\/\/www.tvturk.com\/index.php\/wp-json\/wp\/v2\/posts"}],"about":[{"href":"http:\/\/www.tvturk.com\/index.php\/wp-json\/wp\/v2\/types\/post"}],"author":[{"embeddable":true,"href":"http:\/\/www.tvturk.com\/index.php\/wp-json\/wp\/v2\/users\/1"}],"replies":[{"embeddable":true,"href":"http:\/\/www.tvturk.com\/index.php\/wp-json\/wp\/v2\/comments?post=254419"}],"version-history":[{"count":0,"href":"http:\/\/www.tvturk.com\/index.php\/wp-json\/wp\/v2\/posts\/254419\/revisions"}],"wp:featuredmedia":[{"embeddable":true,"href":"http:\/\/www.tvturk.com\/index.php\/wp-json\/wp\/v2\/media\/254420"}],"wp:attachment":[{"href":"http:\/\/www.tvturk.com\/index.php\/wp-json\/wp\/v2\/media?parent=254419"}],"wp:term":[{"taxonomy":"category","embeddable":true,"href":"http:\/\/www.tvturk.com\/index.php\/wp-json\/wp\/v2\/categories?post=254419"},{"taxonomy":"post_tag","embeddable":true,"href":"http:\/\/www.tvturk.com\/index.php\/wp-json\/wp\/v2\/tags?post=254419"}],"curies":[{"name":"wp","href":"https:\/\/api.w.org\/{rel}","templated":true}]}}