{"id":254427,"date":"2020-01-11T14:02:08","date_gmt":"2020-01-11T11:02:08","guid":{"rendered":"http:\/\/www.tvturk.com\/index.php\/manisada-yaylada-mahsur-kalan-6-kisi-kurtarildi\/"},"modified":"2020-01-11T14:02:08","modified_gmt":"2020-01-11T11:02:08","slug":"manisada-yaylada-mahsur-kalan-6-kisi-kurtarildi","status":"publish","type":"post","link":"http:\/\/www.tvturk.com\/index.php\/manisada-yaylada-mahsur-kalan-6-kisi-kurtarildi\/","title":{"rendered":"Manisa\u2019da yaylada mahsur kalan 6 ki\u015fi kurtar\u0131ld\u0131"},"content":{"rendered":"<p>Manisa\u2019n\u0131n Salihli il\u00e7esindeki Bah\u00e7ecik ve \u015eirinyer Mahallesi K\u0131s\u0131k Yaylas\u0131\u2019nda kar ya\u011f\u0131\u015f\u0131 dolay\u0131s\u0131yla 4 g\u00fcnd\u00fcr mahsur kalan 6 ki\u015fi Salihli Belediyesi K\u0131rsal Hizmetler M\u00fcd\u00fcrl\u00fc\u011f\u00fc ekiplerinin 2 g\u00fcnl\u00fck \u00e7al\u0131\u015fmas\u0131 sonucu kurtar\u0131ld\u0131.<\/p>\n<p>\u0130l\u00e7eye ba\u011fl\u0131 Bah\u00e7ecik ile \u015eirinyer Mahallesi\u2019nde bulunan yaylada hayvanc\u0131l\u0131kla u\u011fra\u015fan 6 ki\u015fi yo\u011fun kar ya\u011f\u0131\u015f\u0131ndan dolay\u0131 yaylada mahsur kald\u0131. Mahsur kalan vatanda\u015flar, Salihli Belediyesinden yard\u0131m istedi. Salihli Belediyesi K\u0131rsal Hizmetler M\u00fcd\u00fcrl\u00fc\u011f\u00fc ekipleri de i\u015f makineleriyle ger\u00e7ekle\u015ftirdi\u011fi 2 g\u00fcnl\u00fck yol a\u00e7ma \u00e7al\u0131\u015fmalar\u0131 sonucunda yayladaki vatanda\u015flara ula\u015farak kurtar\u0131ld\u0131. K\u0131rsal Hizmetler M\u00fcd\u00fcr\u00fc Serkan S\u00f6zer, gece boyunca devam eden \u00e7al\u0131\u015fmalara kat\u0131larak vatanda\u015flara ge\u00e7mi\u015f olsun dileklerini iletti.<\/p>\n<p>Belediye ekiplerinin vatanda\u015flar\u0131n ma\u011fdur olmamas\u0131 i\u00e7in 7\/24 mesai yapt\u0131\u011f\u0131n\u0131 belirten Belediye Ba\u015fkan\u0131 Zeki Kayda, y\u00fcksek kesimlerdeki mahallelerde ya\u015fayan vatanda\u015flar\u0131n s\u0131k\u0131nt\u0131 ya\u015famamas\u0131 i\u00e7in t\u00fcm imkanlar\u0131n seferber edildi\u011fini s\u00f6yledi.<\/p>\n","protected":false},"excerpt":{"rendered":"<p>MAN\u0130SA\u2019NIN SAL\u0130HL\u0130 \u0130L\u00c7ES\u0130NDEK\u0130 BAH\u00c7EC\u0130K VE \u015e\u0130R\u0130NYER MAHALLES\u0130 KISIK YAYLASI\u2019NDA KAR YA\u011eI\u015eI DOLAYISIYLA 4 G\u00dcND\u00dcR MAHSUR KALAN 6 K\u0130\u015e\u0130 SAL\u0130HL\u0130 BELED\u0130YES\u0130 KIRSAL H\u0130ZMETLER M\u00dcD\u00dcRL\u00dc\u011e\u00dc EK\u0130PLER\u0130N\u0130N 2 G\u00dcNL\u00dcK \u00c7ALI\u015eMASI SONUCU KURTARILDI.<\/p>\n","protected":false},"author":1,"featured_media":254428,"comment_status":"closed","ping_status":"open","sticky":false,"template":"","format":"standard","meta":{"jetpack_post_was_ever_published":false,"_jetpack_newsletter_access":"","_jetpack_dont_email_post_to_subs":false,"_jetpack_newsletter_tier_id":0,"_jetpack_memberships_contains_paywalled_content":false,"_jetpack_memberships_contains_paid_content":false,"footnotes":"","jetpack_publicize_message":"","jetpack_publicize_feature_enabled":true,"jetpack_social_post_already_shared":true,"jetpack_social_options":{"image_generator_settings":{"template":"highway","default_image_id":0,"font":"","enabled":false},"version":2}},"categories":[1],"tags":[1274,1012,766,2381,3037,7159],"class_list":["post-254427","post","type-post","status-publish","format-standard","has-post-thumbnail","hentry","category-genel","tag-kalan","tag-kisi","tag-kurtarildi","tag-mahsur","tag-manisada","tag-yaylada"],"jetpack_publicize_connections":[],"jetpack_featured_media_url":"https:\/\/i0.wp.com\/www.tvturk.com\/wp-content\/uploads\/2020\/01\/manisada-yaylada-mahsur-kalan-6-kisi-kurtarildi_bf06a88.jpg?fit=1000%2C750","jetpack_sharing_enabled":true,"jetpack_shortlink":"https:\/\/wp.me\/paKIfm-14bF","_links":{"self":[{"href":"http:\/\/www.tvturk.com\/index.php\/wp-json\/wp\/v2\/posts\/254427","targetHints":{"allow":["GET"]}}],"collection":[{"href":"http:\/\/www.tvturk.com\/index.php\/wp-json\/wp\/v2\/posts"}],"about":[{"href":"http:\/\/www.tvturk.com\/index.php\/wp-json\/wp\/v2\/types\/post"}],"author":[{"embeddable":true,"href":"http:\/\/www.tvturk.com\/index.php\/wp-json\/wp\/v2\/users\/1"}],"replies":[{"embeddable":true,"href":"http:\/\/www.tvturk.com\/index.php\/wp-json\/wp\/v2\/comments?post=254427"}],"version-history":[{"count":0,"href":"http:\/\/www.tvturk.com\/index.php\/wp-json\/wp\/v2\/posts\/254427\/revisions"}],"wp:featuredmedia":[{"embeddable":true,"href":"http:\/\/www.tvturk.com\/index.php\/wp-json\/wp\/v2\/media\/254428"}],"wp:attachment":[{"href":"http:\/\/www.tvturk.com\/index.php\/wp-json\/wp\/v2\/media?parent=254427"}],"wp:term":[{"taxonomy":"category","embeddable":true,"href":"http:\/\/www.tvturk.com\/index.php\/wp-json\/wp\/v2\/categories?post=254427"},{"taxonomy":"post_tag","embeddable":true,"href":"http:\/\/www.tvturk.com\/index.php\/wp-json\/wp\/v2\/tags?post=254427"}],"curies":[{"name":"wp","href":"https:\/\/api.w.org\/{rel}","templated":true}]}}