{"id":254447,"date":"2020-01-11T14:32:22","date_gmt":"2020-01-11T11:32:22","guid":{"rendered":"http:\/\/www.tvturk.com\/index.php\/tekirdagda-karli-yuksek-kesimlere-yarim-ton-yem-birakildi\/"},"modified":"2020-01-11T14:32:22","modified_gmt":"2020-01-11T11:32:22","slug":"tekirdagda-karli-yuksek-kesimlere-yarim-ton-yem-birakildi","status":"publish","type":"post","link":"http:\/\/www.tvturk.com\/index.php\/tekirdagda-karli-yuksek-kesimlere-yarim-ton-yem-birakildi\/","title":{"rendered":"Tekirda\u011f\u2019da karl\u0131 y\u00fcksek kesimlere yar\u0131m ton yem b\u0131rak\u0131ld\u0131"},"content":{"rendered":"<p>Tekirda\u011f Do\u011fa Koruma ve Milli Parklar \u015eube M\u00fcd\u00fcrl\u00fc\u011f\u00fcne ba\u011fl\u0131 Av Koruma ve Kontrol ekiplerince beyaza b\u00fcr\u00fcnen y\u00fcksek kesimlerde  yaban hayvanlar\u0131na yakla\u015f\u0131k yar\u0131m ton yem b\u0131rak\u0131ld\u0131.<\/p>\n<p>Tekirda\u011f\u2019\u0131n \u00f6zellikle y\u00fcksek kesimlerinde etkili olan kar ya\u011f\u0131\u015f\u0131 ve so\u011fuk hava nedeniyle yem ve yiyecek bulmakta g\u00fc\u00e7l\u00fck \u00e7eken yaban hayvanlar\u0131n\u0131n beslenmesini takviye etmek ama\u00e7l\u0131 yemleme \u00e7al\u0131\u015fmalar\u0131 yap\u0131l\u0131yor. Yo\u011fun kar alan  Tekirda\u011f S\u00fcleymanpa\u015fa \u0130l\u00e7esinin y\u00fcksek kesimlerinde bulunan Araphac\u0131 ve Palamut  Devlet Avlaklar\u0131nda yemleme \u00e7al\u0131\u015fmas\u0131 yap\u0131ld\u0131. \u00c7al\u0131\u015fmalarda yakla\u015f\u0131k yar\u0131m ton Hububat ile Saman-Ot do\u011faya b\u0131rak\u0131ld\u0131.<\/p>\n<p>Av sezonu boyunca yakla\u015f\u0131k 2 ton yemleme<\/p>\n<p>Tekirda\u011f Do\u011fa Koruma ve Milli Parklar \u015eube M\u00fcd\u00fcrl\u00fc\u011f\u00fcne ba\u011fl\u0131 Av Koruma ve Kontrol ekiplerince  2019-2020 av sezonu boyunca yakla\u015f\u0131k 2 ton yemleme \u00e7al\u0131\u015fmalar\u0131 yap\u0131ld\u0131. Hava ko\u015fullar\u0131na ba\u011fl\u0131 olarak yemleme \u00e7al\u0131\u015fmalar\u0131n\u0131n devam edilece\u011fi \u00f6\u011frenildi.<\/p>\n","protected":false},"excerpt":{"rendered":"<p>TEK\u0130RDA\u011e DO\u011eA KORUMA VE M\u0130LL\u0130 PARKLAR \u015eUBE M\u00dcD\u00dcRL\u00dc\u011e\u00dcNE BA\u011eLI AV KORUMA VE KONTROL EK\u0130PLER\u0130NCE BEYAZA B\u00dcR\u00dcNEN Y\u00dcKSEK KES\u0130MLERDE  YABAN HAYVANLARINA YEM BIRAKILDI.<\/p>\n","protected":false},"author":1,"featured_media":254448,"comment_status":"closed","ping_status":"open","sticky":false,"template":"","format":"standard","meta":{"jetpack_post_was_ever_published":false,"_jetpack_newsletter_access":"","_jetpack_dont_email_post_to_subs":false,"_jetpack_newsletter_tier_id":0,"_jetpack_memberships_contains_paywalled_content":false,"_jetpack_memberships_contains_paid_content":false,"footnotes":"","jetpack_publicize_message":"","jetpack_publicize_feature_enabled":true,"jetpack_social_post_already_shared":true,"jetpack_social_options":{"image_generator_settings":{"template":"highway","default_image_id":0,"font":"","enabled":false},"version":2}},"categories":[1],"tags":[5130,7986,25282,1163,6778,9234,2850,3448],"class_list":["post-254447","post","type-post","status-publish","format-standard","has-post-thumbnail","hentry","category-genel","tag-birakildi","tag-karli","tag-kesimlere","tag-tekirdagda","tag-ton","tag-yarim","tag-yem","tag-yuksek"],"jetpack_publicize_connections":[],"jetpack_featured_media_url":"https:\/\/i0.wp.com\/www.tvturk.com\/wp-content\/uploads\/2020\/01\/tekirdagda-karli-yuksek-kesimlere-yarim-ton-yem-birakildi_0c6d175.jpg?fit=1000%2C746","jetpack_sharing_enabled":true,"jetpack_shortlink":"https:\/\/wp.me\/paKIfm-14bZ","_links":{"self":[{"href":"http:\/\/www.tvturk.com\/index.php\/wp-json\/wp\/v2\/posts\/254447","targetHints":{"allow":["GET"]}}],"collection":[{"href":"http:\/\/www.tvturk.com\/index.php\/wp-json\/wp\/v2\/posts"}],"about":[{"href":"http:\/\/www.tvturk.com\/index.php\/wp-json\/wp\/v2\/types\/post"}],"author":[{"embeddable":true,"href":"http:\/\/www.tvturk.com\/index.php\/wp-json\/wp\/v2\/users\/1"}],"replies":[{"embeddable":true,"href":"http:\/\/www.tvturk.com\/index.php\/wp-json\/wp\/v2\/comments?post=254447"}],"version-history":[{"count":0,"href":"http:\/\/www.tvturk.com\/index.php\/wp-json\/wp\/v2\/posts\/254447\/revisions"}],"wp:featuredmedia":[{"embeddable":true,"href":"http:\/\/www.tvturk.com\/index.php\/wp-json\/wp\/v2\/media\/254448"}],"wp:attachment":[{"href":"http:\/\/www.tvturk.com\/index.php\/wp-json\/wp\/v2\/media?parent=254447"}],"wp:term":[{"taxonomy":"category","embeddable":true,"href":"http:\/\/www.tvturk.com\/index.php\/wp-json\/wp\/v2\/categories?post=254447"},{"taxonomy":"post_tag","embeddable":true,"href":"http:\/\/www.tvturk.com\/index.php\/wp-json\/wp\/v2\/tags?post=254447"}],"curies":[{"name":"wp","href":"https:\/\/api.w.org\/{rel}","templated":true}]}}