{"id":254465,"date":"2020-01-11T15:02:43","date_gmt":"2020-01-11T12:02:43","guid":{"rendered":"http:\/\/www.tvturk.com\/index.php\/alexandra-ceylan-osmaniyede-kick-boks-gecesi-duzenleyecek\/"},"modified":"2020-01-11T15:02:43","modified_gmt":"2020-01-11T12:02:43","slug":"alexandra-ceylan-osmaniyede-kick-boks-gecesi-duzenleyecek","status":"publish","type":"post","link":"http:\/\/www.tvturk.com\/index.php\/alexandra-ceylan-osmaniyede-kick-boks-gecesi-duzenleyecek\/","title":{"rendered":"Alexandra Ceylan, Osmaniye\u2019de kick boks gecesi d\u00fczenleyecek"},"content":{"rendered":"<p>T\u00fcrk e\u015fi Erol Ceylan ile birlikte T\u00fcrkiye\u2019de d\u00fczenledi\u011fi etkinliklerle kick boks organizat\u00f6r\u00fc olan Miss Serbia g\u00fczeli Alexandra Ceylan, Osmaniye\u2019de kick boks gecesi d\u00fczenleyecek.<\/p>\n<p>2013 y\u0131l\u0131nda e\u015fi Erol Ceylan ile birlikte Almanya\u2019da ba\u015flayan kick boks organizat\u00f6rl\u00fc\u011f\u00fcne T\u00fcrkiye\u2019de devam ettiren Alexandra Ceylan yo\u011fun ilgi g\u00f6rd\u00fc. \u015eu ana kadar e\u015fi Erol Ceylan ile birlikte 45 organizasyon d\u00fczenleyen Alexandra Ceylan, T\u00fcrkiye\u2019nin \u00e7e\u015fitli illerinde bu organizasyonlar\u0131n say\u0131s\u0131n\u0131 artt\u0131rmay\u0131 hedefliyor. Mart ay\u0131nda \u015fampiyon sporcularla birlikte Osmaniye\u2019de kick boks gecesi d\u00fczenleyecek olan Alexandra Ceylan etkinli\u011fe t\u00fcm sporseverleri davet etti. \u00d6nceleri d\u00f6v\u00fc\u015f sporlar\u0131n\u0131 pek benimsemedi\u011fini s\u00f6yleyen Ceylan, \u201cAileler d\u00f6v\u00fc\u015f sporu diye boks veya kick boksa so\u011fuk baksalar da sporun her t\u00fcrl\u00fcs\u00fc zararl\u0131 al\u0131\u015fkanl\u0131klardan koruyucudur. Spora ve sporcuya destek olmaya devam ediyoruz. \u00d6zellikle gen\u00e7lerimizin spora y\u00f6nelmesi i\u00e7in bu t\u00fcr organizasyonlar \u00f6zendirici oluyor. T\u00fcm Osmaniyelileri etkinli\u011fimize bekliyoruz\u201d \u015feklinde konu\u015ftu.<\/p>\n","protected":false},"excerpt":{"rendered":"<p>M\u0130SS SERB\u0130A G\u00dcZEL\u0130 ALEXANDRA CEYLAN OSMAN\u0130YE\u2019DE K\u0130CKBOKS GECES\u0130 D\u00dcZENLEYECEK<\/p>\n","protected":false},"author":1,"featured_media":254466,"comment_status":"closed","ping_status":"open","sticky":false,"template":"","format":"standard","meta":{"jetpack_post_was_ever_published":false,"_jetpack_newsletter_access":"","_jetpack_dont_email_post_to_subs":false,"_jetpack_newsletter_tier_id":0,"_jetpack_memberships_contains_paywalled_content":false,"_jetpack_memberships_contains_paid_content":false,"footnotes":"","jetpack_publicize_message":"","jetpack_publicize_feature_enabled":true,"jetpack_social_post_already_shared":true,"jetpack_social_options":{"image_generator_settings":{"template":"highway","default_image_id":0,"font":"","enabled":false},"version":2}},"categories":[657],"tags":[44965,13404,22896,7720,3456,13403,10083],"class_list":["post-254465","post","type-post","status-publish","format-standard","has-post-thumbnail","hentry","category-spor","tag-alexandra","tag-boks","tag-ceylan","tag-duzenleyecek","tag-gecesi","tag-kick","tag-osmaniyede"],"jetpack_publicize_connections":[],"jetpack_featured_media_url":"https:\/\/i0.wp.com\/www.tvturk.com\/wp-content\/uploads\/2020\/01\/alexandra-ceylan-osmaniyede-kick-boks-gecesi-duzenleyecek_340d84f.jpg?fit=664%2C354","jetpack_sharing_enabled":true,"jetpack_shortlink":"https:\/\/wp.me\/paKIfm-14ch","_links":{"self":[{"href":"http:\/\/www.tvturk.com\/index.php\/wp-json\/wp\/v2\/posts\/254465","targetHints":{"allow":["GET"]}}],"collection":[{"href":"http:\/\/www.tvturk.com\/index.php\/wp-json\/wp\/v2\/posts"}],"about":[{"href":"http:\/\/www.tvturk.com\/index.php\/wp-json\/wp\/v2\/types\/post"}],"author":[{"embeddable":true,"href":"http:\/\/www.tvturk.com\/index.php\/wp-json\/wp\/v2\/users\/1"}],"replies":[{"embeddable":true,"href":"http:\/\/www.tvturk.com\/index.php\/wp-json\/wp\/v2\/comments?post=254465"}],"version-history":[{"count":0,"href":"http:\/\/www.tvturk.com\/index.php\/wp-json\/wp\/v2\/posts\/254465\/revisions"}],"wp:featuredmedia":[{"embeddable":true,"href":"http:\/\/www.tvturk.com\/index.php\/wp-json\/wp\/v2\/media\/254466"}],"wp:attachment":[{"href":"http:\/\/www.tvturk.com\/index.php\/wp-json\/wp\/v2\/media?parent=254465"}],"wp:term":[{"taxonomy":"category","embeddable":true,"href":"http:\/\/www.tvturk.com\/index.php\/wp-json\/wp\/v2\/categories?post=254465"},{"taxonomy":"post_tag","embeddable":true,"href":"http:\/\/www.tvturk.com\/index.php\/wp-json\/wp\/v2\/tags?post=254465"}],"curies":[{"name":"wp","href":"https:\/\/api.w.org\/{rel}","templated":true}]}}