{"id":254469,"date":"2020-01-11T15:16:22","date_gmt":"2020-01-11T12:16:22","guid":{"rendered":"http:\/\/www.tvturk.com\/index.php\/iran-hava-kuvvetleri-komutani-hacizade-tum-sorumlulugu-uzerime-aliyorum\/"},"modified":"2020-01-11T15:16:22","modified_gmt":"2020-01-11T12:16:22","slug":"iran-hava-kuvvetleri-komutani-hacizade-tum-sorumlulugu-uzerime-aliyorum","status":"publish","type":"post","link":"http:\/\/www.tvturk.com\/index.php\/iran-hava-kuvvetleri-komutani-hacizade-tum-sorumlulugu-uzerime-aliyorum\/","title":{"rendered":"\u0130ran Hava Kuvvetleri Komutan\u0131 Hac\u0131zade: &#8220;T\u00fcm sorumlulu\u011fu \u00fczerime al\u0131yorum&#8221;"},"content":{"rendered":"<p>\u0130ran Devrim Muhaf\u0131zlar\u0131 Hava Kuvvetleri Komutan\u0131 General Emir Ali Hac\u0131zade, Ukrayna\u2019ya ait yolcu u\u00e7a\u011f\u0131n\u0131n f\u00fczeyle d\u00fc\u015f\u00fcr\u00fcld\u00fc\u011f\u00fc haberini ald\u0131\u011f\u0131nda b\u00fcy\u00fck bir \u00fcz\u00fcnt\u00fc duydu\u011funu belirterek, &#8220;Haberi ilk ald\u0131\u011f\u0131mda \u00f6lmek istedim&#8221; dedi.<\/p>\n<p>\u0130ran Devrim Muhaf\u0131zlar\u0131 Hava Kuvvetleri Komutan\u0131 General Emir Ali Hac\u0131zade, Ukrayna\u2019ya ait yolcu u\u00e7a\u011f\u0131n\u0131n \u0130ran\u2019a ait hava savunma sistemi ile d\u00fc\u015f\u00fcr\u00fclmesine ili\u015fkin konu\u015ftu. General Hac\u0131zade yolcu u\u00e7a\u011f\u0131n\u0131n yanl\u0131\u015fl\u0131kla d\u00fc\u015f\u00fcr\u00fclmesine ili\u015fkin t\u00fcm sorumlulu\u011fu \u00fczerine ald\u0131\u011f\u0131n\u0131 s\u00f6yleyerek, &#8220;Yetkililer ne karar al\u0131rlarsa uymaya haz\u0131r\u0131m&#8221; ifadelerini kulland\u0131.<\/p>\n<p>General Hac\u0131zade yolcu u\u00e7a\u011f\u0131n\u0131n d\u00fc\u015ft\u00fc\u011f\u00fc gece, ABD ile \u0130ran \u0130slam devriminden sonra ilk defa olas\u0131 bir sava\u015fa yak\u0131n olduklar\u0131n\u0131 belirterek, &#8220;O gece ba\u015fkent Tahran dahil \u00fclkedeki t\u00fcm hava savunma sistemleri tam bir teyakkuz halindeydi. ABD ile ilk defa olas\u0131 bir sava\u015fa \u00e7ok yak\u0131nd\u0131k. Hem onlar ve hem biz y\u00fczde y\u00fcz bir teyakkuz halindeydik&#8221; \u015feklinde konu\u015ftu.<\/p>\n<p>ABD Ba\u015fkan\u0131 Donald Trump\u2019\u0131n \u0130ran\u2019daki 52 noktay\u0131 vurma tehdidi ile birlikte \u0130ran Silahl\u0131 Kuvvetlerinin \u2019olas\u0131 bir sava\u015f i\u00e7in haz\u0131r ol\u2019 \u015feklinde vaziyet ald\u0131klar\u0131n\u0131 s\u00f6yleyen General Hac\u0131zade, &#8220;Bu s\u00fcre i\u00e7erisinde Tahran\u2019daki hava savunma sistemlerine yenileri de eklenmi\u015fti&#8221; dedi.<\/p>\n<p>General Hac\u0131zade Tahran\u2019\u0131n bat\u0131s\u0131na konu\u015flanan hava savunma sistemlerinin, di\u011fer hava savunma sistemlerine bir seyir f\u00fczesinin ate\u015flendi\u011fini duyurdu\u011funu belirterek, &#8220;Hava savunma sistemi, seyir f\u00fczesinin ate\u015flendi\u011fini d\u00fc\u015f\u00fcnerek vurdu&#8221; diye konu\u015ftu.<\/p>\n","protected":false},"excerpt":{"rendered":"<p>\u0130RAN DEVR\u0130M MUHAFIZLARI HAVA KUVVETLER\u0130 KOMUTANI GENERAL EM\u0130R AL\u0130 HACIZADE, UKRAYNA&#8217;YA A\u0130T YOLCU U\u00c7A\u011eININ F\u00dcZEYLE D\u00dc\u015e\u00dcR\u00dcLD\u00dc\u011e\u00dc HABER\u0130N\u0130 ALDI\u011eINDA B\u00dcY\u00dcK B\u0130R \u00dcZ\u00dcNT\u00dc DUYDU\u011eUNU BEL\u0130RTEREK, &#8220;HABER\u0130 \u0130LK ALDI\u011eIMDA \u00d6LMEK \u0130STED\u0130M&#8221; DED\u0130.<\/p>\n","protected":false},"author":1,"featured_media":254470,"comment_status":"closed","ping_status":"open","sticky":false,"template":"","format":"standard","meta":{"jetpack_post_was_ever_published":false,"_jetpack_newsletter_access":"","_jetpack_dont_email_post_to_subs":false,"_jetpack_newsletter_tier_id":0,"_jetpack_memberships_contains_paywalled_content":false,"_jetpack_memberships_contains_paid_content":false,"footnotes":"","jetpack_publicize_message":"","jetpack_publicize_feature_enabled":true,"jetpack_social_post_already_shared":true,"jetpack_social_options":{"image_generator_settings":{"template":"highway","default_image_id":0,"font":"","enabled":false},"version":2}},"categories":[10],"tags":[62943,62942,257,548,943,18755,57986,1325,30799],"class_list":["post-254469","post","type-post","status-publish","format-standard","has-post-thumbnail","hentry","category-dunya","tag-aliyorum","tag-hacizade","tag-hava","tag-iran","tag-komutani","tag-kuvvetleri","tag-sorumlulugu","tag-tum","tag-uzerime"],"jetpack_publicize_connections":[],"jetpack_featured_media_url":"https:\/\/i0.wp.com\/www.tvturk.com\/wp-content\/uploads\/2020\/01\/iran-hava-kuvvetleri-komutani-hacizade-tum-sorumlulugu-uzerime-aliyorum_58ac2e4.jpg?fit=671%2C920","jetpack_sharing_enabled":true,"jetpack_shortlink":"https:\/\/wp.me\/paKIfm-14cl","_links":{"self":[{"href":"http:\/\/www.tvturk.com\/index.php\/wp-json\/wp\/v2\/posts\/254469","targetHints":{"allow":["GET"]}}],"collection":[{"href":"http:\/\/www.tvturk.com\/index.php\/wp-json\/wp\/v2\/posts"}],"about":[{"href":"http:\/\/www.tvturk.com\/index.php\/wp-json\/wp\/v2\/types\/post"}],"author":[{"embeddable":true,"href":"http:\/\/www.tvturk.com\/index.php\/wp-json\/wp\/v2\/users\/1"}],"replies":[{"embeddable":true,"href":"http:\/\/www.tvturk.com\/index.php\/wp-json\/wp\/v2\/comments?post=254469"}],"version-history":[{"count":0,"href":"http:\/\/www.tvturk.com\/index.php\/wp-json\/wp\/v2\/posts\/254469\/revisions"}],"wp:featuredmedia":[{"embeddable":true,"href":"http:\/\/www.tvturk.com\/index.php\/wp-json\/wp\/v2\/media\/254470"}],"wp:attachment":[{"href":"http:\/\/www.tvturk.com\/index.php\/wp-json\/wp\/v2\/media?parent=254469"}],"wp:term":[{"taxonomy":"category","embeddable":true,"href":"http:\/\/www.tvturk.com\/index.php\/wp-json\/wp\/v2\/categories?post=254469"},{"taxonomy":"post_tag","embeddable":true,"href":"http:\/\/www.tvturk.com\/index.php\/wp-json\/wp\/v2\/tags?post=254469"}],"curies":[{"name":"wp","href":"https:\/\/api.w.org\/{rel}","templated":true}]}}