{"id":254509,"date":"2020-01-11T16:31:39","date_gmt":"2020-01-11T13:31:39","guid":{"rendered":"http:\/\/www.tvturk.com\/index.php\/bakan-pakdemirliden-anac-keci-destegi-mujdesi\/"},"modified":"2020-01-11T16:31:39","modified_gmt":"2020-01-11T13:31:39","slug":"bakan-pakdemirliden-anac-keci-destegi-mujdesi","status":"publish","type":"post","link":"http:\/\/www.tvturk.com\/index.php\/bakan-pakdemirliden-anac-keci-destegi-mujdesi\/","title":{"rendered":"Bakan Pakdemirli\u2019den \u2018ana\u00e7 ke\u00e7i deste\u011fi\u2019 m\u00fcjdesi"},"content":{"rendered":"<p>MERS\u0130N (\u0130HA) \u2013 Tar\u0131m ve Orman Bakan\u0131 Bekir Pakdemirli, ke\u00e7i yeti\u015ftiricilerine Mersin\u2019den m\u00fcjde vererek, bu y\u0131l ana\u00e7 ke\u00e7i deste\u011fini 25 liradan 35 liraya \u00e7\u0131kard\u0131klar\u0131n\u0131 s\u00f6yledi. Pakdemirli, \u201cHedefimiz, k\u00fc\u00e7\u00fckba\u015f hayvan varl\u0131\u011f\u0131m\u0131zda, bu y\u0131l 56 milyona ula\u015fmak. 2023\u2019te ise n\u00fcfusumuz kadar k\u00fc\u00e7\u00fckba\u015f hayvan varl\u0131\u011f\u0131na sahip olmak\u201d dedi.<\/p>\n<p>Tar\u0131m ve Orman Bakan\u0131 Pakdemirli, bir dizi toplant\u0131ya kat\u0131lmak \u00fczere Mersin\u2019e geldi. TBMM Plan ve B\u00fct\u00e7e Komisyonu Ba\u015fkan\u0131, Mersin Milletvekili L\u00fctfi Elvan\u2019\u0131n e\u015flik etti\u011fi Bakan Pakdemirli, ilk toplant\u0131s\u0131n\u0131 k\u00fc\u00e7\u00fckba\u015f hayvan yeti\u015ftiricileriyle birlikte yapt\u0131. Mersin Dam\u0131zl\u0131k Koyun ve Ke\u00e7i Yeti\u015ftiricileri Birli\u011finin, Yeni\u015fehir Atat\u00fcrk K\u00fclt\u00fcr Merkezinde d\u00fczenledi\u011fi K\u0131l \u00c7ad\u0131rlar Ayd\u0131nlan\u0131yor Proje Tan\u0131t\u0131m ve Sertifika Program\u0131na kat\u0131lan Pakdemirli, Mersin\u2019de \u00fcreticilere m\u00fcjde verdi. Toplant\u0131ya Mersin Valisi Ali \u0130hsan Su, B\u00fcy\u00fck\u015fehir Belediye Ba\u015fkan\u0131 Vahap Se\u00e7er ile milletvekilleri, belediye ba\u015fkanlar\u0131 ve \u00e7ok say\u0131da \u00fcretici kat\u0131ld\u0131.<\/p>\n<p>\u201cZarar\u0131 kar\u015f\u0131lamak i\u00e7in gerekeni yapaca\u011f\u0131z\u201d<\/p>\n<p>Omzuna Y\u00f6r\u00fck po\u015fusu tak\u0131lan Pakdemirli, toplant\u0131da yapt\u0131\u011f\u0131 konu\u015fmas\u0131na, Mersin\u2019de 6-7 Ocak tarihlerinde etkili olan a\u015f\u0131r\u0131 ya\u011f\u0131\u015flarda tar\u0131m arazilerinin zarar g\u00f6rmesi nedeniyle Mersinlilere ge\u00e7mi\u015f olsun dileklerini ileterek ba\u015flad\u0131. Ya\u015fanan b\u00fcy\u00fck sel afeti nedeniyle hayat\u0131n\u0131 kaybeden iki vatanda\u015fa<\/p>\n<p>Allah\u2019tan rahmet, ailelerine ba\u015f sa\u011fl\u0131\u011f\u0131 dileyen Pakdemirli, \u201cBakan yard\u0131mc\u0131m\u0131z\u0131n koordinasyonunda ekiplerimizle g\u00fcnlerdir sahaday\u0131z. \u0130n\u015fallah yaralar\u0131 beraber saraca\u011f\u0131z. Biliyorum ki, her \u015fehrin bir kokusu, bir havas\u0131 vard\u0131r. Ancak Mersin\u2019in bu sel felaketi nedeniyle \u00fczg\u00fcn bir havan\u0131n oldu\u011funu biliyorum. \u015eu konuda i\u00e7iniz rahat olsun; ta\u015fk\u0131n\u0131 bask\u0131lad\u0131k. Hasar ve zarar tespit \u00e7al\u0131\u015fmalar\u0131m\u0131za zaten ba\u015flam\u0131\u015ft\u0131k, in\u015fallah bir an \u00f6nce tamamlayaca\u011f\u0131z. \u0130n\u015fallah zarar\u0131 kar\u015f\u0131lamak i\u00e7in de gerekeni yapaca\u011f\u0131z. Devlet daima \u00e7ift\u00e7isinin yan\u0131ndad\u0131r, Bakanl\u0131k daima \u00e7ift\u00e7isinin yan\u0131ndad\u0131r. Tabi bundan sonras\u0131 i\u00e7in de gerekli tedbirleri alaca\u011f\u0131z. Mesela Tarsus\u2019ta Berdan Nehri \u00fczerindeki seddeleri daha da y\u00fckseltece\u011fiz. Yine Berdan Nehri \u00fczerindeki eski k\u00f6pr\u00fcy\u00fc yenileme i\u015fini de bir an evvel tamamlayaca\u011f\u0131z\u201d diye konu\u015ftu.<\/p>\n<p>Derelerin \u00fczerlerinin \u00f6rt\u00fclmesinin, zarar\u0131n en b\u00fcy\u00fck sebeplerinden biri oldu\u011funa i\u015faret eden Pakdemirli, \u201cBiz bu konuda, DS\u0130 arac\u0131l\u0131\u011f\u0131yla belediyeleri uyarm\u0131\u015ft\u0131k. Onlar da sahile yak\u0131n yerlerde baz\u0131 b\u00f6l\u00fcmlerde derelerin \u00fczerlerini a\u00e7m\u0131\u015flar. Fakat bu konuda tekrar uyar\u0131lar\u0131m\u0131z\u0131 yapt\u0131k, bu i\u015fi \u00e7\u00f6zmemiz laz\u0131m\u201d ifadelerini kulland\u0131.<\/p>\n<p>\u201cKrediler, y\u00fczde 9 faiz oran\u0131yla 5 y\u0131la kadar uzun vadeli yeniden yap\u0131land\u0131r\u0131lacak\u201d<\/p>\n<p>Bakanl\u0131\u011f\u0131n \u00e7al\u0131\u015fmalar\u0131n\u0131 anlatan Pakdemirli, T\u00fcrkiye\u2019de hayvanc\u0131l\u0131\u011f\u0131n gelece\u011fi, k\u00fc\u00e7\u00fckba\u015f hayvanc\u0131l\u0131\u011f\u0131n yar\u0131nlar\u0131 i\u00e7in \u201cOrtak Ak\u0131l, Ortak Ad\u0131m\u201d hedefiyle ger\u00e7ekle\u015ftirdikleri toplant\u0131n\u0131n ve Hayvan Islah\u0131 Projesinin, hay\u0131rlara vesile olmas\u0131n\u0131 diledi. \u00c7ift\u00e7ileri k\u0131sa vadede de sevindirmek istediklerini vurgulayan Bakan Pakdemirli, Hazine ve Maliye Bakan\u0131 Berat Albayrak\u2019\u0131n d\u00fcn duyurdu\u011fu m\u00fcjdeyi tekrarlad\u0131. Pakdemirli, \u201c\u00c7ift\u00e7ilerimizin Ziraat Bankas\u0131ndan kulland\u0131\u011f\u0131 kredilerin do\u011fal afetlerden etkilenen veya ekonomik sebeplerden dolay\u0131 kredi geri \u00f6demelerinde sorun ya\u015fayan, fakat bin bir zahmetle tar\u0131msal faaliyetlerini devam ettiren \u00e7ift\u00e7ilerimize, \u00fcreticilerimize verdi\u011fimiz krediler, y\u0131ll\u0131k y\u00fczde 9 faiz oran\u0131yla 5 y\u0131la kadar uzun vadeli yeniden yap\u0131land\u0131r\u0131lacak. \u0130n\u015fallah b\u00f6ylece, \u00f6deme zorlu\u011fu \u00e7eken \u00e7ift\u00e7ilerimize, \u00fcreticilerimize kolayl\u0131k sa\u011flam\u0131\u015f olaca\u011f\u0131z\u201d \u015feklinde konu\u015ftu.<\/p>\n<p>\u201cYol haritam\u0131z\u0131 \u00e7\u0131karmaya \u00e7al\u0131\u015f\u0131yoruz\u201d<\/p>\n<p>Son 1,5 y\u0131lda 17 yurt d\u0131\u015f\u0131 ve 62 il ziyareti ile toplam 194 program ger\u00e7ekle\u015ftirdiklerini belirten Bakan Pakdemirli, b\u00fct\u00fcn bu programlar\u0131; sahay\u0131 dinlemek, \u00fcreticileri anlamak i\u00e7in yapt\u0131klar\u0131n\u0131 s\u00f6yledi. Bakanl\u0131k olarak, d\u00fcnyadaki geli\u015fmelerin h\u0131z\u0131ndan geri kalmamak ad\u0131na b\u00fcrokrasiyi azaltarak, yeni tar\u0131m politikalar\u0131yla seri ve etkili bir s\u00fcreci y\u00f6netmeye \u00e7al\u0131\u015ft\u0131klar\u0131n\u0131 dile getiren Pakdemirli, \u015f\u00f6yle devam etti:<\/p>\n<p>\u201cBunun i\u00e7in, ge\u00e7ti\u011fimiz aylarda \u00fclkemiz tarihinin en geni\u015f kat\u0131l\u0131ml\u0131 Tar\u0131m Orman \u015euras\u0131n\u0131, \u2018Ortak Ak\u0131l\u2019 bulu\u015fmalar\u0131yla ger\u00e7ekle\u015ftirmi\u015ftik. \u2018Bir fikrim var\u2019 diyen b\u00fct\u00fcn vatanda\u015flar\u0131m\u0131zdan gelen 50 bini a\u015fk\u0131n fikir, plan ve projeyi \u00e7al\u0131\u015fma gruplar\u0131m\u0131zda s\u0131n\u0131fland\u0131rd\u0131k. Son 1,5 ayd\u0131r da bu b\u00fcy\u00fck bilgi, plan ve proje hazinesinden yol haritam\u0131z\u0131 \u00e7\u0131karmaya \u00e7al\u0131\u015f\u0131yoruz. Tar\u0131m-Orman \u015euras\u0131nda, su odakl\u0131 planlama, s\u00f6zle\u015fmeli \u00fcretim, \u00fcretici \u00f6rg\u00fctleri, g\u0131dada taklit ve ta\u011f\u015fi\u015f gibi konular olduk\u00e7a \u00f6ne \u00e7\u0131kt\u0131. Fakat hayvanc\u0131l\u0131k konusu da ana konu ba\u015fl\u0131klar\u0131ndan biri olarak konu\u015fuldu, tart\u0131\u015f\u0131ld\u0131. Biz de Bakanl\u0131k olarak, elimizdeki b\u00fct\u00fcn imkanlar\u0131 seferber ederek, size g\u00fczel haberler vermeye geldik.\u201d<\/p>\n<p>\u201cMersin\u2019de hayvanc\u0131l\u0131k sekt\u00f6r\u00fcne son 17 y\u0131lda 502 milyon lira hibe deste\u011fi sa\u011flad\u0131k\u201d<\/p>\n<p>Bakanl\u0131k olarak Mersin\u2019de bug\u00fcne kadar yapt\u0131klar\u0131 \u00e7al\u0131\u015fmalar\u0131 da anlatan Pakdemirli, \u201cBakanl\u0131k olarak, Mersin\u2019de hayvanc\u0131l\u0131\u011f\u0131n geli\u015ftirilmesine y\u00f6nelik \u00e7al\u0131\u015fmalar\u0131m\u0131z kapsam\u0131nda, son 17 y\u0131lda hayvanc\u0131l\u0131k sekt\u00f6r\u00fcm\u00fcze 502 milyon lira hibe deste\u011fi sa\u011flad\u0131k. Verdi\u011fimiz bu destekler ve yeti\u015ftiricilerimizin azimli \u00e7al\u0131\u015fmalar\u0131 neticesinde Mersin\u2019imizin hak etti\u011fi seviyelere y\u00fckseldi\u011fini g\u00f6rmek mutluluk verici. Bunun en g\u00fczel \u00f6rne\u011fi de Mersin\u2019in ke\u00e7i varl\u0131\u011f\u0131nda \u00fclkemizde birinci s\u0131rada, toplam k\u00fc\u00e7\u00fckba\u015f hayvan varl\u0131\u011f\u0131nda da 6\u2019nc\u0131 s\u0131rada olmas\u0131n\u0131 g\u00f6sterebiliriz. 2019 y\u0131l\u0131nda, Mersin ilindeki k\u00fc\u00e7\u00fckba\u015f hayvan varl\u0131\u011f\u0131m\u0131z 1,5 milyon ba\u015fa yakla\u015ft\u0131\u201d dedi.<\/p>\n<p>D\u00fcnyadaki ve T\u00fcrkiye\u2019deki n\u00fcfus art\u0131\u015f\u0131na ve ete olan talebe ba\u011fl\u0131 olarak piyasadaki ihtiyaca g\u00f6re k\u0131sa ve uzun vadeli planlamalar \u00fczerinde de \u00e7al\u0131\u015ft\u0131klar\u0131n\u0131 ifade eden Pakdemirli, \u201cBununla birlikte, 2019 y\u0131l\u0131nda 504 bin litre s\u00fcte destek sa\u011flad\u0131k. 2018 y\u0131l\u0131nda Mersin ilimizde yakla\u015f\u0131k 700 bin ba\u015f hayvana,<\/p>\n<p>17,4 milyon lira destekleme \u00f6demesi yapt\u0131k. S\u00fcr\u00fc Y\u00f6neticisi (\u00e7oban) \u0130stihdam Deste\u011fi ile Mersin\u2019de 2018 y\u0131l\u0131nda 615 i\u015fletmeye 3,1 milyon lira s\u00fcr\u00fc y\u00f6neticisi istihdam deste\u011fi verdik. Bu rakam; T\u00fcrkiye genelinde verdi\u011fimiz toplam deste\u011fin yakla\u015f\u0131k y\u00fczde 10\u2019ununa tekab\u00fcl ediyor. Mersin\u2019de son 17 y\u0131lda ORK\u00d6Y S\u00fct Koyunculu\u011fu Projeleri kapsam\u0131nda toplam 937 aileye, g\u00fcn\u00fcm\u00fcz tutarlar\u0131yla 35 milyon lira kredi ve hibe deste\u011fi verdik. Gen\u00e7 \u00c7ift\u00e7i Projelerinin Desteklenmesi Program\u0131 kapsam\u0131nda, 112 k\u00fc\u00e7\u00fckba\u015f hayvanc\u0131l\u0131k projesi uygulayarak, gen\u00e7 \u00e7ift\u00e7ilerimize toplam 3 milyon 360 bin lira hibe ettik\u201d diye konu\u015ftu.<\/p>\n<p>Bakanl\u0131k olarak, 2002\u2019de 930 bin lira olan yem bitkileri desteklemelerini 2018\u2019de 3,2 kat art\u0131rarak, 3 milyon liraya \u00e7\u0131kard\u0131klar\u0131 bilgisini veren Pakdemirli, son 17 y\u0131lda 58 milyon lira yem bitkileri destekleme \u00f6demesi yapt\u0131klar\u0131n\u0131 s\u00f6yledi. T\u00fcrkiye\u2019den canl\u0131 koyun-ke\u00e7i ihracat\u0131 kapsam\u0131nda, 2019\u2019da Azerbaycan, Katar, Sudan, Irak ve L\u00fcbnan olmak \u00fczere toplam 5 \u00fclkeye 141 bin k\u00fc\u00e7\u00fckba\u015f hayvan ihra\u00e7 ettiklerini ifade eden Pakdemirli, Mersin\u2019in bu konuda bar\u0131nd\u0131rd\u0131\u011f\u0131 potansiyeli ile \u00f6nc\u00fc illerden biri olaca\u011f\u0131n\u0131n alt\u0131n\u0131 \u00e7izdi.<\/p>\n<p>\u201c2020 hedefimiz, 56 milyon ba\u015fa ula\u015fmak\u201d<\/p>\n<p>2019 y\u0131l\u0131nda s\u00fcr\u00fc b\u00fcy\u00fctme ve yenileme deste\u011fini uygulamaya koyduklar\u0131n\u0131 dile getiren Pakdemirli, \u201cBir \u00f6nceki y\u0131lda do\u011fan kuzu ve o\u011flaklardan ana\u00e7 vasf\u0131na ula\u015fan ve ilk defa s\u00fcr\u00fcye kat\u0131lan hayvan ba\u015f\u0131na 100 lira destekleme \u00f6deyece\u011fiz. Bu da yeni bir destek, benim zaman\u0131mda \u00e7\u0131kt\u0131. Islah program\u0131 kapsam\u0131nda; soy k\u00fct\u00fc\u011f\u00fc kayd\u0131 tutulan koyun ke\u00e7i ba\u015f\u0131na 100 lira, soy k\u00fct\u00fc\u011f\u00fcnden do\u011fan dam\u0131zl\u0131k ko\u00e7-tekeleri kullanan yeti\u015ftiricilerimize de ko\u00e7-teke ba\u015f\u0131na 500 lira destekleme yapaca\u011f\u0131z. Toplam k\u00fc\u00e7\u00fckba\u015f hayvan varl\u0131\u011f\u0131m\u0131z bu sene 50 milyona geldi. Ben ald\u0131\u011f\u0131mda 46 milyondu, 2002\u2019de de 32 milyondu. 2020 hedefimiz, 56 milyon ba\u015fa ula\u015fmak. 2023 y\u0131l\u0131nda da her bireye bir k\u00fc\u00e7\u00fckba\u015f sahibi olacak \u015fekilde say\u0131lar\u0131 e\u015fitlemek ana amac\u0131m\u0131z\u201d ifadelerini kulland\u0131.<\/p>\n<p>\u201cAna\u00e7 ke\u00e7i deste\u011fini 25 liradan35 liraya \u00e7\u0131kard\u0131\u011f\u0131m\u0131z\u0131 Mersin\u2019den m\u00fcjde olarak a\u00e7\u0131klayal\u0131m\u201d<\/p>\n<p>Ke\u00e7i \u00fcreticilerine Mersin\u2019den m\u00fcjde veren ve 2020 y\u0131l\u0131nda ana\u00e7 ke\u00e7i i\u00e7in destek miktar\u0131n\u0131n art\u0131\u015f\u0131 i\u00e7in gerekli \u00e7al\u0131\u015fmay\u0131 da yapt\u0131\u011f\u0131n\u0131 belirten Pakdemirli, \u201c25 lira olan deste\u011fi, 2020 y\u0131l\u0131 i\u00e7in Mersin\u2019den m\u00fcjde olarak a\u00e7\u0131klayal\u0131m, 35 lira olarak a\u00e7\u0131klayal\u0131m\u201d dedi.<\/p>\n<p>2020 y\u0131l\u0131nda Mersin\u2019de Koyun ve Ke\u00e7i Yeti\u015ftiricili\u011fini Geli\u015ftirme Projesine devam edeceklerini kaydeden Pakdemirli, \u015funlar\u0131 s\u00f6yledi:<\/p>\n<p>\u201cS\u00fcr\u00fc Y\u00f6neticisi (\u00c7oban) \u0130stihdam Deste\u011fini in\u015fallah 10 bin i\u015fletmeye \u00e7\u0131kararak, 50 milyon lira destekleme \u00f6demesi yapaca\u011f\u0131z. Mersin\u2019in de bu desteklemeden azami derecede yararlanaca\u011f\u0131na inanc\u0131m tam. \u00d6n\u00fcm\u00fczdeki d\u00f6nemde; k\u00fc\u00e7\u00fckba\u015f hayvan eti t\u00fcketiminin \u00f6zendirilmesi ve pazar pay\u0131n\u0131n art\u0131r\u0131lmas\u0131, k\u00fc\u00e7\u00fckba\u015f hayvan etinin tan\u0131t\u0131m\u0131 ile t\u00fcketici al\u0131\u015fkanl\u0131klar\u0131n de\u011fi\u015ftirilmesine y\u00f6nelik \u00e7al\u0131\u015fmalar\u0131m\u0131z h\u0131z kazanacak. Hedefimiz olan toplam k\u0131rm\u0131z\u0131 et \u00fcretimimizde, k\u00fc\u00e7\u00fckba\u015f eti \u00fcretim pay\u0131n\u0131 y\u00fczde 10\u2019dan y\u00fczde 20\u2019lerin \u00fczerine ta\u015f\u0131makt\u0131r.\u201d<\/p>\n<p>K\u0131l \u00c7ad\u0131rlar Ayd\u0131nlan\u0131yor Projesi ile ilgili bilgi veren Bakan Pakdemirli, \u201cBu proje kapsam\u0131nda, 300 adet g\u00fcne\u015f enerji sistemi ile 200 adet koyun y\u00fcn k\u0131rpma makinesi da\u011f\u0131taca\u011f\u0131z. Proje b\u00fcy\u00fckl\u00fc\u011f\u00fc 1 milyon 535 bin TL olup bunun y\u00fczde 25\u2019i, e\u015f finansman olarak yeti\u015ftiriciden kar\u015f\u0131lanacakt\u0131r. \u0130kinci projemiz ise Halk Elinde Hayvan Islah\u0131 \u00dclkesel Projesi. Bu proje kapsam\u0131nda da Mersin\u2019de 7 adet alt proje uygulanmakta olup, projeler ile \u0131slah yap\u0131lan \u0130vesi ve G\u00fcney Karaman \u0131rklar\u0131 ile K\u0131l Ke\u00e7isinin verimlerinde art\u0131\u015flar sa\u011flad\u0131k. Bug\u00fcne kadar proje uygulanan 343 \u00fcyeye de Bakanl\u0131\u011f\u0131m\u0131z taraf\u0131ndan toplamda 21,7 milyon TL destek verdik. Ve yine bug\u00fcn Mersin\u2019imizde a\u00e7\u0131lan S\u00fcr\u00fc Y\u00f6netimi Eleman\u0131 kurslar\u0131n\u0131 bitirenlere sertifikalar\u0131n\u0131 verece\u011fiz. 2014 y\u0131l\u0131ndan bug\u00fcne kadar a\u00e7\u0131lan kurslarda 3 bin 583 \u00fcye sertifika sahibi yap\u0131larak, Bakanl\u0131\u011f\u0131m\u0131z\u0131n verdi\u011fi s\u00fcr\u00fc y\u00f6netimi deste\u011finden faydalanmas\u0131n\u0131n \u00f6n\u00fc a\u00e7\u0131lm\u0131\u015ft\u0131. Bug\u00fcn de 2019 y\u0131l\u0131nda \u015fartlar\u0131 yerine getiren 615 \u00fcyeye, 3,1 milyon Liral\u0131k desteklemesi i\u00e7in sertifikalar\u0131n\u0131 takdim edece\u011fiz. Ben inan\u0131yorum ki, Mersinli yeti\u015ftiricimizin eme\u011fiyle in\u015fallah 2020 y\u0131l\u0131, k\u00fc\u00e7\u00fckba\u015f hayvanc\u0131l\u0131kta rekorlarla dolu bir y\u0131l olacakt\u0131r. \u015eundan emin olabilirsiniz; biz Bakanl\u0131k olarak yan\u0131n\u0131zday\u0131z. \u0130n\u015fallah bu sene de; destek bizden, yeti\u015ftirmek sizden\u201d diye konu\u015ftu.<\/p>\n<p>Bakan Pakdemirli, konu\u015fmas\u0131n\u0131n ard\u0131ndan sertifikalar\u0131 verdi.<\/p>\n","protected":false},"excerpt":{"rendered":"<p>TARIM VE ORMAN BAKANI BEK\u0130R PAKDEM\u0130RL\u0130, B\u0130R D\u0130Z\u0130 TOPLANTIYA KATILMAK \u00dcZERE MERS\u0130N\u2019E GELD\u0130. TBMM PLAN VE B\u00dcT\u00c7E KOM\u0130SYONU BA\u015eKANI, MERS\u0130N M\u0130LLETVEK\u0130L\u0130 L\u00dcTF\u0130 ELVAN\u2019IN E\u015eL\u0130K ETT\u0130\u011e\u0130 BAKAN PAKDEM\u0130RL\u0130, \u0130LK TOPLANTISINI K\u00dc\u00c7\u00dcKBA\u015e HAYVAN YET\u0130\u015eT\u0130R\u0130C\u0130LER\u0130YLE B\u0130RL\u0130KTE YAPTI.<\/p>\n","protected":false},"author":1,"featured_media":254510,"comment_status":"closed","ping_status":"open","sticky":false,"template":"","format":"standard","meta":{"jetpack_post_was_ever_published":false,"_jetpack_newsletter_access":"","_jetpack_dont_email_post_to_subs":false,"_jetpack_newsletter_tier_id":0,"_jetpack_memberships_contains_paywalled_content":false,"_jetpack_memberships_contains_paid_content":false,"footnotes":"","jetpack_publicize_message":"","jetpack_publicize_feature_enabled":true,"jetpack_social_post_already_shared":true,"jetpack_social_options":{"image_generator_settings":{"template":"highway","default_image_id":0,"font":"","enabled":false},"version":2}},"categories":[19],"tags":[43761,742,53,14280,5260,3372],"class_list":["post-254509","post","type-post","status-publish","format-standard","has-post-thumbnail","hentry","category-ekonomi","tag-anac","tag-bakan","tag-destegi","tag-keci","tag-mujdesi","tag-pakdemirliden"],"jetpack_publicize_connections":[],"jetpack_featured_media_url":"https:\/\/i0.wp.com\/www.tvturk.com\/wp-content\/uploads\/2020\/01\/bakan-pakdemirliden-anac-keci-destegi-mujdesi_880003e.jpg?fit=1000%2C666","jetpack_sharing_enabled":true,"jetpack_shortlink":"https:\/\/wp.me\/paKIfm-14cZ","_links":{"self":[{"href":"http:\/\/www.tvturk.com\/index.php\/wp-json\/wp\/v2\/posts\/254509","targetHints":{"allow":["GET"]}}],"collection":[{"href":"http:\/\/www.tvturk.com\/index.php\/wp-json\/wp\/v2\/posts"}],"about":[{"href":"http:\/\/www.tvturk.com\/index.php\/wp-json\/wp\/v2\/types\/post"}],"author":[{"embeddable":true,"href":"http:\/\/www.tvturk.com\/index.php\/wp-json\/wp\/v2\/users\/1"}],"replies":[{"embeddable":true,"href":"http:\/\/www.tvturk.com\/index.php\/wp-json\/wp\/v2\/comments?post=254509"}],"version-history":[{"count":0,"href":"http:\/\/www.tvturk.com\/index.php\/wp-json\/wp\/v2\/posts\/254509\/revisions"}],"wp:featuredmedia":[{"embeddable":true,"href":"http:\/\/www.tvturk.com\/index.php\/wp-json\/wp\/v2\/media\/254510"}],"wp:attachment":[{"href":"http:\/\/www.tvturk.com\/index.php\/wp-json\/wp\/v2\/media?parent=254509"}],"wp:term":[{"taxonomy":"category","embeddable":true,"href":"http:\/\/www.tvturk.com\/index.php\/wp-json\/wp\/v2\/categories?post=254509"},{"taxonomy":"post_tag","embeddable":true,"href":"http:\/\/www.tvturk.com\/index.php\/wp-json\/wp\/v2\/tags?post=254509"}],"curies":[{"name":"wp","href":"https:\/\/api.w.org\/{rel}","templated":true}]}}