{"id":254517,"date":"2020-01-11T17:02:04","date_gmt":"2020-01-11T14:02:04","guid":{"rendered":"http:\/\/www.tvturk.com\/index.php\/baskan-yazici-gorme-engelliler-icin-farkindalik-olusturmak-amaciyla-gozlerine-bandaj-takti\/"},"modified":"2020-01-11T17:02:04","modified_gmt":"2020-01-11T14:02:04","slug":"baskan-yazici-gorme-engelliler-icin-farkindalik-olusturmak-amaciyla-gozlerine-bandaj-takti","status":"publish","type":"post","link":"http:\/\/www.tvturk.com\/index.php\/baskan-yazici-gorme-engelliler-icin-farkindalik-olusturmak-amaciyla-gozlerine-bandaj-takti\/","title":{"rendered":"Ba\u015fkan Yaz\u0131c\u0131, g\u00f6rme engelliler i\u00e7in fark\u0131ndal\u0131k olu\u015fturmak amac\u0131yla g\u00f6zlerine bandaj takt\u0131"},"content":{"rendered":"<p>Tuzla\u2019da 7-14 Ocak Beyaz Baston G\u00f6rme Engelliler Haftas\u0131 m\u00fcnasebetiyle bir dizi etkinlik ger\u00e7ekle\u015ftirildi. Tuzla Belediye Ba\u015fkan\u0131 \u015eadi Yaz\u0131c\u0131 g\u00f6rme engelli vatanda\u015flar i\u00e7in fark\u0131ndal\u0131k olu\u015fturmak amac\u0131yla g\u00f6zlerine bandaj takt\u0131. D\u00fczenlenen etkinlikte g\u00f6rme engelli bireyler ske\u00e7 oynad\u0131, \u015fark\u0131lar s\u00f6yledi ve doyas\u0131ya oyunlar oynad\u0131.<\/p>\n<p>Tuzla Belediyesi \u00f6nc\u00fcl\u00fc\u011f\u00fcnde Tuzla Belediyesi Nikah Saray\u0131 ve K\u00fclt\u00fcr Merkezinde 7-14 Ocak Beyaz Baston G\u00f6rme Engelliler Haftas\u0131 i\u00e7in etkinlik d\u00fczenlendi. Etkinlik sayg\u0131 duru\u015funda bulunulmas\u0131 ve \u0130stiklal Mar\u015f\u0131\u2019n\u0131n okunmas\u0131yla ba\u015flad\u0131. D\u00fczenlenen etkinlikte g\u00f6rme engelli Mustafa G\u00fcrel Beyaz Baston \u015eiiri\u2019ni, m\u00fczik \u00f6\u011fretmeni olan Serdar Aky\u00fcz ile g\u00f6rme engelli Z\u00fcbeyde G\u00fclen, An\u0131l \u0130pek ve \u00d6mer Efe Y\u0131ld\u0131z solo konser verdi.Konserden olduk\u00e7a keyif alan vatanda\u015flar sosyal medya hesab\u0131ndan konser dinletisini canl\u0131 yay\u0131n yapt\u0131. Daha sonras\u0131nda ise g\u00f6rme engelli olan Mustafa G\u00fcrel ve Ekibi Beyaz Baston Skeci\u2019ni Tuzla Belediye Ba\u015fkan\u0131 \u015eadi Yaz\u0131c\u0131 i\u00e7in oynad\u0131lar. Skeci \u00e7ok be\u011fenen Ba\u015fkan \u015eadi Yaz\u0131c\u0131 sahneye \u00e7\u0131karak oyuncular\u0131 tek tek tebrik edip oyunculara beyaz baston da\u011f\u0131tt\u0131. Sonras\u0131nda ise kendileriyle hat\u0131ra foto\u011fraf\u0131 \u00e7ektirdi. Ske\u00e7 sonras\u0131 \u00d6zel \u00c7ocuklar Komisyonu halk oyunlar\u0131 g\u00f6sterisini izleyicilere sundu. Oyun sonras\u0131nda \u0130stanbul Ho\u015f Seda G\u00f6rme Engelliler M\u00fczik Grubu Dinletisi ile programa kat\u0131lan vatanda\u015flar doyas\u0131ya e\u011flendi. E\u011flenceye de ortak olan Ba\u015fkan \u015eadi Yaz\u0131c\u0131 g\u00f6rme engelli bireyler ve aileleri ile de kar\u015f\u0131l\u0131kl\u0131 oyun oynad\u0131.<\/p>\n<p>Programda konu\u015fan Tuzla Belediye Ba\u015fkan\u0131 \u015eadi Yaz\u0131c\u0131 Beyaz Baston G\u00f6rme Engelliler Haftas\u0131na dikkat \u00e7ekerek, &#8220;7-14 Ocak aras\u0131nda d\u00fczenlenen Beyaz Baston projesi \u00e7ok ho\u015fuma gitti. Sadece beyaz baston desek, g\u00f6rme engelliler haftas\u0131 diye bir kelime kullanmay\u0131 istemiyorum. Sadece beyaz baston haftas\u0131 olsa sanki daha iyi olur gibi geldi bana. \u00c7\u00fcnk\u00fc biz sizinle o kadar g\u00fczel duygular, o kadar g\u00fczel duygular ya\u015fad\u0131k ki. Sizin gibi y\u00fcrekleri a\u00e7\u0131k, gelece\u011fi g\u00f6ren insanlara sevgiyle yakla\u015fan karde\u015flerimizi g\u00f6r\u00fcnce as\u0131l bu haftan\u0131n Beyaz Baston Haftas\u0131 olmas\u0131 gerekti\u011fi, ama di\u011fer g\u00fcnlerin de kalbi kararm\u0131\u015f, gelece\u011fi g\u00f6remeyen, insanlar\u0131n kalbine bakamayan insanlar i\u00e7in de engelliler g\u00fcnleri diye de yaymak laz\u0131m&#8221; diye konu\u015ftu.<\/p>\n","protected":false},"excerpt":{"rendered":"<p>TUZLA&#8217;DA 7-14 OCAK BEYAZ BASTON G\u00d6RME ENGELL\u0130LER HAFTASI M\u00dcNASEBET\u0130YLE B\u0130R D\u0130Z\u0130 ETK\u0130NL\u0130K GER\u00c7EKLE\u015eT\u0130R\u0130LD\u0130. TUZLA BELED\u0130YE BA\u015eKANI \u015eAD\u0130 YAZICI G\u00d6RME ENGELL\u0130 VATANDA\u015eLAR \u0130\u00c7\u0130N FARKINDALIK OLU\u015eTURMAK AMACIYLA G\u00d6ZLER\u0130NE BANDAJ TAKTI. D\u00dcZENLENEN ETK\u0130NL\u0130KTE G\u00d6RME ENGELL\u0130 B\u0130REYLER SKE\u00c7 OYNADI, \u015eARKILAR S\u00d6YLED\u0130 VE DOYASIYA OYUNLAR OYNADI.<\/p>\n","protected":false},"author":1,"featured_media":254518,"comment_status":"closed","ping_status":"open","sticky":false,"template":"","format":"standard","meta":{"jetpack_post_was_ever_published":false,"_jetpack_newsletter_access":"","_jetpack_dont_email_post_to_subs":false,"_jetpack_newsletter_tier_id":0,"_jetpack_memberships_contains_paywalled_content":false,"_jetpack_memberships_contains_paid_content":false,"footnotes":"","jetpack_publicize_message":"","jetpack_publicize_feature_enabled":true,"jetpack_social_post_already_shared":true,"jetpack_social_options":{"image_generator_settings":{"template":"highway","default_image_id":0,"font":"","enabled":false},"version":2}},"categories":[1],"tags":[26408,62957,100,4760,2326,8240,36852,44,2237,9722,1589],"class_list":["post-254517","post","type-post","status-publish","format-standard","has-post-thumbnail","hentry","category-genel","tag-amaciyla","tag-bandaj","tag-baskan","tag-engelliler","tag-farkindalik","tag-gorme","tag-gozlerine","tag-icin","tag-olusturmak","tag-takti","tag-yazici"],"jetpack_publicize_connections":[],"jetpack_featured_media_url":"https:\/\/i0.wp.com\/www.tvturk.com\/wp-content\/uploads\/2020\/01\/baskan-yazici-gorme-engelliler-icin-farkindalik-olusturmak-amaciyla-gozlerine-bandaj-takti_9bbbf98.jpg?fit=1000%2C666","jetpack_sharing_enabled":true,"jetpack_shortlink":"https:\/\/wp.me\/paKIfm-14d7","_links":{"self":[{"href":"http:\/\/www.tvturk.com\/index.php\/wp-json\/wp\/v2\/posts\/254517","targetHints":{"allow":["GET"]}}],"collection":[{"href":"http:\/\/www.tvturk.com\/index.php\/wp-json\/wp\/v2\/posts"}],"about":[{"href":"http:\/\/www.tvturk.com\/index.php\/wp-json\/wp\/v2\/types\/post"}],"author":[{"embeddable":true,"href":"http:\/\/www.tvturk.com\/index.php\/wp-json\/wp\/v2\/users\/1"}],"replies":[{"embeddable":true,"href":"http:\/\/www.tvturk.com\/index.php\/wp-json\/wp\/v2\/comments?post=254517"}],"version-history":[{"count":0,"href":"http:\/\/www.tvturk.com\/index.php\/wp-json\/wp\/v2\/posts\/254517\/revisions"}],"wp:featuredmedia":[{"embeddable":true,"href":"http:\/\/www.tvturk.com\/index.php\/wp-json\/wp\/v2\/media\/254518"}],"wp:attachment":[{"href":"http:\/\/www.tvturk.com\/index.php\/wp-json\/wp\/v2\/media?parent=254517"}],"wp:term":[{"taxonomy":"category","embeddable":true,"href":"http:\/\/www.tvturk.com\/index.php\/wp-json\/wp\/v2\/categories?post=254517"},{"taxonomy":"post_tag","embeddable":true,"href":"http:\/\/www.tvturk.com\/index.php\/wp-json\/wp\/v2\/tags?post=254517"}],"curies":[{"name":"wp","href":"https:\/\/api.w.org\/{rel}","templated":true}]}}