{"id":254541,"date":"2020-01-11T19:02:04","date_gmt":"2020-01-11T16:02:04","guid":{"rendered":"http:\/\/www.tvturk.com\/index.php\/bakan-pakdemirli-tarim-ve-gida-savunma-sanayi-kadar-onemli\/"},"modified":"2020-01-11T19:02:04","modified_gmt":"2020-01-11T16:02:04","slug":"bakan-pakdemirli-tarim-ve-gida-savunma-sanayi-kadar-onemli","status":"publish","type":"post","link":"http:\/\/www.tvturk.com\/index.php\/bakan-pakdemirli-tarim-ve-gida-savunma-sanayi-kadar-onemli\/","title":{"rendered":"Bakan Pakdemirli: &#8220;Tar\u0131m ve g\u0131da savunma sanayi kadar \u00f6nemli&#8221;"},"content":{"rendered":"<p>Tar\u0131m ve Orman Bakan\u0131 Bekir Pakdemirli, tar\u0131m ve g\u0131dan\u0131n savunma sanayi kadar \u00f6nemli oldu\u011funu vurgulayarak, &#8220;U\u00e7aklar\u0131n\u0131z olabilir, roketleriniz olabilir ama yiyece\u011finiz yoksa o u\u00e7ak ve roketleri \u00e7al\u0131\u015ft\u0131rmaya g\u00fcc\u00fcn\u00fcz olmaz. Tar\u0131m g\u00fcnl\u00fck hayat\u0131m\u0131zda da g\u00fcnl\u00fck siyasetimizde spek\u00fcle edilmemesi laz\u0131m&#8221; dedi.<\/p>\n<p>Tar\u0131m ve Orman Bakan\u0131 Pakdemirli, bir dizi toplant\u0131ya kat\u0131lmak \u00fczere geldi\u011fi Mersin\u2019de \u2019Sekt\u00f6r Bulu\u015fma Toplant\u0131s\u0131\u2019na kat\u0131ld\u0131. Toplant\u0131da Pakdemirli\u2019ye TBMM Plan ve B\u00fct\u00e7e Komisyonu Ba\u015fkan\u0131, Mersin Milletvekili L\u00fctfi Elvan, Mersin Valisi Ali \u0130hsan Su ile milletvekilleri kat\u0131ld\u0131. \u00c7ok say\u0131da sekt\u00f6r temsilcisinin bulundu\u011fu toplant\u0131da konu\u015fan Pakdemirli, bu co\u011frafyan\u0131n alt\u0131n\u0131n da \u00fcst\u00fcn\u00fcn de zenginliklerle dolu oldu\u011funu s\u00f6yledi. Co\u011frafi i\u015faretli \u00fcr\u00fcn potansiyelinin 2 bin 500 adet oldu\u011funu kaydeden Pakdemirli, &#8220;Endemik bitki say\u0131m\u0131z toplam k\u0131ta Avrupa\u2019s\u0131ndan daha fazla. \u0130\u015flenen tar\u0131m arazimiz, \u00fclke y\u00fcz \u00f6l\u00e7\u00fcm\u00fcn\u00fcn 3\u2019te 1. Mera alanlar\u0131m\u0131z 5\u2019te 1\u2019i, orman arazilerimiz 3\u2019te 1. \u00dclkemiz tar\u0131msal has\u0131lada, d\u00fcnyada ilk 10\u2019da, Avrupa\u2019da ilk s\u0131ralarday\u0131z. 68 milyon b\u00fcy\u00fckba\u015f ve k\u00fc\u00e7\u00fckba\u015f hayvan varl\u0131\u011f\u0131m\u0131zla Avrupa\u2019da ilk s\u0131raday\u0131z. Co\u011frafya olarak da 1,9 trilyon dolar tar\u0131msal ticaret hacmi olan b\u00f6lgenin, hatta d\u00fcnyan\u0131n tam merkezindeyiz. F\u0131nd\u0131k, incir, kiraz, ayva, kay\u0131s\u0131, kuru \u00fcz\u00fcm \u00fcretiminde, d\u00fcnya lideri konumumuzun yan\u0131 s\u0131ra, f\u0131nd\u0131k, incir, kuru kay\u0131s\u0131, kuru \u00fcz\u00fcm ihracat\u0131nda d\u00fcnya lideri, kiraz ve ayva ihracat\u0131nda ise d\u00fcnya \u00fc\u00e7\u00fcnc\u00fcs\u00fcy\u00fcz. Un ve makarna ihracat\u0131nda \u00fclkemiz, 2002 y\u0131l\u0131nda d\u00fcnyada 11. s\u0131rada iken, 2005 y\u0131l\u0131ndan beri d\u00fcnyada ilk s\u0131rada yer al\u0131yor&#8221; diye konu\u015ftu.<\/p>\n<p>Son 17 y\u0131lda tar\u0131msal has\u0131lay\u0131 y\u00fczde 486 artt\u0131rd\u0131klar\u0131n\u0131 vurgulayan Pakdemirli, &#8220;K\u0131rsal kalk\u0131nma alanlar\u0131nda 200 bin vatanda\u015f\u0131m\u0131za istihdam sa\u011flad\u0131k. Bitkisel \u00fcretimimiz y\u00fczde 20 artt\u0131. Tohumluk \u00fcretimimizi 7 kat, tohum ihracat\u0131m\u0131z\u0131 9 kat art\u0131rd\u0131k. 195 \u00fclkeye bin 690 tar\u0131msal \u00fcr\u00fcn ihra\u00e7 ettik. Y\u00fczde 100 yerli ve milli 45 dakika sarj ile 7 saat aral\u0131ks\u0131z \u00e7al\u0131\u015fabilen elektrikli trakt\u00f6r prototipini geli\u015ftirdik. 2002\u2019de 1,8 milyar lira destek veriyor iken 9 kat art\u0131\u015fla, 2019\u2019da destekleri 16,1 milyar liraya \u00e7\u0131kard\u0131k. 2020 y\u0131l\u0131nda tar\u0131msal desteklemelerimizi bir \u00f6nceki y\u0131la g\u00f6re y\u00fczde 36 art\u0131rarak 22 milyar liraya \u00e7\u0131kard\u0131k. Son 17 y\u0131lda \u00e7ift\u00e7imize, toplam 139,4 milyar lira destek verdik. 2019 y\u0131l\u0131nda 12 yeni destek ve 32 deste\u011fin de birim fiyat\u0131nda art\u0131\u015f sa\u011flad\u0131k&#8221; ifadelerini kulland\u0131.<\/p>\n<p>&#8220;Tar\u0131m ve g\u0131da savunma sanayi kadar \u00f6nemli&#8221;<\/p>\n<p>Tar\u0131m ve g\u0131dan\u0131n savunma sanayi kadar \u00f6nemli oldu\u011funa dikkat \u00e7eken Pakdemirli, &#8220;U\u00e7aklar\u0131n\u0131z olabilir, roketleriniz olabilir ama yiyece\u011finiz yoksa o u\u00e7ak ve roketleri \u00e7al\u0131\u015ft\u0131rmaya g\u00fcc\u00fcn\u00fcz olmaz. O y\u00fczden tar\u0131m g\u00fcnl\u00fck hayat\u0131m\u0131zda da g\u00fcnl\u00fck siyasetimizde de spek\u00fcle edilmemesi laz\u0131m. Mesela hep bu\u011fday\u0131 T\u00fcrkiye\u2019ye muhta\u00e7 ettiler. Halbuki T\u00fcrkiye kabaca son 15 y\u0131lda 20 milyon ton bu\u011fday \u00fcretir, 20 milyon ton bu\u011fday t\u00fcketir. T\u00fcrkiye\u2019nin bu\u011fdayda ithalat\u0131 var m\u0131d\u0131r, vard\u0131r. Olmas\u0131n\u0131n sebebi de un ve makarna ihracat\u0131nda d\u00fcnyada ilk s\u0131rada yer al\u0131yoruz. E\u011fer rahmetli \u00d6zal zaman\u0131nda bir taraftan koruyarak muz ithalat\u0131n\u0131 serbest b\u0131rakmasayd\u0131 bug\u00fcn muzda bu noktaya gelebilirmiydik? Kontroll\u00fc oldu\u011fu s\u00fcrece bu t\u00fcr konularda ithalat yapabilirsiniz. Mersin \u00e7ok yak\u0131n zamanda muz ihracat\u0131na ba\u015flayacakt\u0131r. Bir ka\u00e7 y\u0131l i\u00e7erisinde Mersin art\u0131k sadece T\u00fcrkiye\u2019ye de\u011fil d\u00fcnyaya muz ihracat\u0131 yapacakt\u0131r&#8221; \u015feklinde konu\u015ftu.<\/p>\n","protected":false},"excerpt":{"rendered":"<p>TARIM VE ORMAN BAKANI BEK\u0130R PAKDEM\u0130RL\u0130, TARIM VE GIDANIN SAVUNMA SANAY\u0130 KADAR \u00d6NEML\u0130 OLDU\u011eUNU VURGULAYARAK, &#8220;U\u00c7AKLARINIZ OLAB\u0130L\u0130R, ROKETLER\u0130N\u0130Z OLAB\u0130L\u0130R AMA Y\u0130YECE\u011e\u0130N\u0130Z YOKSA O U\u00c7AK VE ROKETLER\u0130 \u00c7ALI\u015eTIRMAYA G\u00dcC\u00dcN\u00dcZ OLMAZ. TARIM G\u00dcNL\u00dcK HAYATIMIZDA DA G\u00dcNL\u00dcK S\u0130YASET\u0130M\u0130ZDE SPEK\u00dcLE ED\u0130LMEMES\u0130 LAZIM&#8221; DED\u0130.<\/p>\n","protected":false},"author":1,"featured_media":254542,"comment_status":"closed","ping_status":"open","sticky":false,"template":"","format":"standard","meta":{"jetpack_post_was_ever_published":false,"_jetpack_newsletter_access":"","_jetpack_dont_email_post_to_subs":false,"_jetpack_newsletter_tier_id":0,"_jetpack_memberships_contains_paywalled_content":false,"_jetpack_memberships_contains_paid_content":false,"footnotes":"","jetpack_publicize_message":"","jetpack_publicize_feature_enabled":true,"jetpack_social_post_already_shared":true,"jetpack_social_options":{"image_generator_settings":{"template":"highway","default_image_id":0,"font":"","enabled":false},"version":2}},"categories":[1],"tags":[742,507,3702,332,3491,1167,33,2403],"class_list":["post-254541","post","type-post","status-publish","format-standard","has-post-thumbnail","hentry","category-genel","tag-bakan","tag-gida","tag-kadar","tag-onemli","tag-pakdemirli","tag-sanayi","tag-savunma","tag-tarim"],"jetpack_publicize_connections":[],"jetpack_featured_media_url":"https:\/\/i0.wp.com\/www.tvturk.com\/wp-content\/uploads\/2020\/01\/bakan-pakdemirli-tarim-ve-gida-savunma-sanayi-kadar-onemli_7f58b7e.jpg?fit=1000%2C666","jetpack_sharing_enabled":true,"jetpack_shortlink":"https:\/\/wp.me\/paKIfm-14dv","_links":{"self":[{"href":"http:\/\/www.tvturk.com\/index.php\/wp-json\/wp\/v2\/posts\/254541","targetHints":{"allow":["GET"]}}],"collection":[{"href":"http:\/\/www.tvturk.com\/index.php\/wp-json\/wp\/v2\/posts"}],"about":[{"href":"http:\/\/www.tvturk.com\/index.php\/wp-json\/wp\/v2\/types\/post"}],"author":[{"embeddable":true,"href":"http:\/\/www.tvturk.com\/index.php\/wp-json\/wp\/v2\/users\/1"}],"replies":[{"embeddable":true,"href":"http:\/\/www.tvturk.com\/index.php\/wp-json\/wp\/v2\/comments?post=254541"}],"version-history":[{"count":0,"href":"http:\/\/www.tvturk.com\/index.php\/wp-json\/wp\/v2\/posts\/254541\/revisions"}],"wp:featuredmedia":[{"embeddable":true,"href":"http:\/\/www.tvturk.com\/index.php\/wp-json\/wp\/v2\/media\/254542"}],"wp:attachment":[{"href":"http:\/\/www.tvturk.com\/index.php\/wp-json\/wp\/v2\/media?parent=254541"}],"wp:term":[{"taxonomy":"category","embeddable":true,"href":"http:\/\/www.tvturk.com\/index.php\/wp-json\/wp\/v2\/categories?post=254541"},{"taxonomy":"post_tag","embeddable":true,"href":"http:\/\/www.tvturk.com\/index.php\/wp-json\/wp\/v2\/tags?post=254541"}],"curies":[{"name":"wp","href":"https:\/\/api.w.org\/{rel}","templated":true}]}}