{"id":254563,"date":"2020-01-11T21:16:07","date_gmt":"2020-01-11T18:16:07","guid":{"rendered":"http:\/\/www.tvturk.com\/index.php\/iranda-ukrayna-ucaginin-dusurulmesi-protesto-edildi\/"},"modified":"2020-01-11T21:16:07","modified_gmt":"2020-01-11T18:16:07","slug":"iranda-ukrayna-ucaginin-dusurulmesi-protesto-edildi","status":"publish","type":"post","link":"http:\/\/www.tvturk.com\/index.php\/iranda-ukrayna-ucaginin-dusurulmesi-protesto-edildi\/","title":{"rendered":"\u0130ran\u2019da Ukrayna u\u00e7a\u011f\u0131n\u0131n d\u00fc\u015f\u00fcr\u00fclmesi protesto edildi"},"content":{"rendered":"<p>\u0130ran\u2019\u0131n ba\u015fkenti Tahran\u2019da bir grup \u00fcniversite \u00f6\u011frencisi, Ukrayna\u2019ya ait yolcu u\u00e7a\u011f\u0131n\u0131n d\u00fc\u015f\u00fcr\u00fclmesini protesto etti.<\/p>\n<p>\u0130ran\u2019\u0131n ba\u015fkenti Tahran\u2019da bulunan Emir Kebir ve \u015eerif \u00dcniversiteleri \u00f6n\u00fcnde bir grup \u00f6\u011frenci, d\u00fc\u015f\u00fcr\u00fclen Ukrayna u\u00e7a\u011f\u0131nda \u00f6lenler an\u0131s\u0131na merasim d\u00fczenlerken, t\u00f6ren k\u0131sa s\u00fcrede, h\u00fck\u00fcmet kar\u015f\u0131t\u0131 g\u00f6steriye d\u00f6n\u00fc\u015ft\u00fc. \u00c7o\u011funlu\u011funu \u00fcniversite \u00f6\u011frencilerinin olu\u015fturdu\u011fu g\u00f6steride, h\u00fck\u00fcmeti u\u00e7a\u011f\u0131n d\u00fc\u015f\u00fcr\u00fclmesi nedeniyle ele\u015ftiren \u00f6\u011frenciler, \u0130ranl\u0131 yetkilileri ve h\u00fck\u00fcmeti istifaya \u00e7a\u011f\u0131r\u0131rken, rejim kar\u015f\u0131t\u0131 sloganlar at\u0131ld\u0131.<\/p>\n","protected":false},"excerpt":{"rendered":"<p>\u0130RAN\u2019IN BA\u015eKENT\u0130 TAHRAN\u2019DA B\u0130R GRUP \u00dcN\u0130VERS\u0130TE \u00d6\u011eRENC\u0130S\u0130, UKRAYNA\u2019YA A\u0130T YOLCU U\u00c7A\u011eININ D\u00dc\u015e\u00dcR\u00dcLMES\u0130N\u0130 PROTESTO ETT\u0130.<\/p>\n","protected":false},"author":1,"featured_media":254564,"comment_status":"closed","ping_status":"open","sticky":false,"template":"","format":"standard","meta":{"jetpack_post_was_ever_published":false,"_jetpack_newsletter_access":"","_jetpack_dont_email_post_to_subs":false,"_jetpack_newsletter_tier_id":0,"_jetpack_memberships_contains_paywalled_content":false,"_jetpack_memberships_contains_paid_content":false,"footnotes":"","jetpack_publicize_message":"","jetpack_publicize_feature_enabled":true,"jetpack_social_post_already_shared":true,"jetpack_social_options":{"image_generator_settings":{"template":"highway","default_image_id":0,"font":"","enabled":false},"version":2}},"categories":[10],"tags":[18354,857,116,831,22176,2936],"class_list":["post-254563","post","type-post","status-publish","format-standard","has-post-thumbnail","hentry","category-dunya","tag-dusurulmesi","tag-edildi","tag-iranda","tag-protesto","tag-ucaginin","tag-ukrayna"],"jetpack_publicize_connections":[],"jetpack_featured_media_url":"https:\/\/i0.wp.com\/www.tvturk.com\/wp-content\/uploads\/2020\/01\/iranda-ukrayna-ucaginin-dusurulmesi-protesto-edildi_7d9b6f0.jpg?fit=1000%2C562","jetpack_sharing_enabled":true,"jetpack_shortlink":"https:\/\/wp.me\/paKIfm-14dR","_links":{"self":[{"href":"http:\/\/www.tvturk.com\/index.php\/wp-json\/wp\/v2\/posts\/254563","targetHints":{"allow":["GET"]}}],"collection":[{"href":"http:\/\/www.tvturk.com\/index.php\/wp-json\/wp\/v2\/posts"}],"about":[{"href":"http:\/\/www.tvturk.com\/index.php\/wp-json\/wp\/v2\/types\/post"}],"author":[{"embeddable":true,"href":"http:\/\/www.tvturk.com\/index.php\/wp-json\/wp\/v2\/users\/1"}],"replies":[{"embeddable":true,"href":"http:\/\/www.tvturk.com\/index.php\/wp-json\/wp\/v2\/comments?post=254563"}],"version-history":[{"count":0,"href":"http:\/\/www.tvturk.com\/index.php\/wp-json\/wp\/v2\/posts\/254563\/revisions"}],"wp:featuredmedia":[{"embeddable":true,"href":"http:\/\/www.tvturk.com\/index.php\/wp-json\/wp\/v2\/media\/254564"}],"wp:attachment":[{"href":"http:\/\/www.tvturk.com\/index.php\/wp-json\/wp\/v2\/media?parent=254563"}],"wp:term":[{"taxonomy":"category","embeddable":true,"href":"http:\/\/www.tvturk.com\/index.php\/wp-json\/wp\/v2\/categories?post=254563"},{"taxonomy":"post_tag","embeddable":true,"href":"http:\/\/www.tvturk.com\/index.php\/wp-json\/wp\/v2\/tags?post=254563"}],"curies":[{"name":"wp","href":"https:\/\/api.w.org\/{rel}","templated":true}]}}