{"id":254567,"date":"2020-01-11T22:16:07","date_gmt":"2020-01-11T19:16:07","guid":{"rendered":"http:\/\/www.tvturk.com\/index.php\/vladimir-putin-libya-sorunu-bolgesel-degil-global-bir-sorun\/"},"modified":"2020-01-11T22:16:07","modified_gmt":"2020-01-11T19:16:07","slug":"vladimir-putin-libya-sorunu-bolgesel-degil-global-bir-sorun","status":"publish","type":"post","link":"http:\/\/www.tvturk.com\/index.php\/vladimir-putin-libya-sorunu-bolgesel-degil-global-bir-sorun\/","title":{"rendered":"Vladimir Putin: \u201cLibya sorunu b\u00f6lgesel de\u011fil global bir sorun\u201d"},"content":{"rendered":"<p>Rusya Devlet Ba\u015fkan\u0131 Vladimir Putin, \u201cLibya sorunu b\u00f6lgesel de\u011fil global bir sorun. T\u00fcrkiye Cumhuriyeti\u2019nin Cumhurba\u015fkan\u0131 ile de bu konudaki \u00e7al\u0131\u015fmalar\u0131m\u0131z s\u00fcrmektedir\u201d dedi.<\/p>\n<p>Rusya Devlet Ba\u015fkan\u0131 Vladimir Putin, Almanya Ba\u015fbakan\u0131 Angela Merkel\u2019i Moskova\u2019da kabul etti. Putin, Merkel ile g\u00f6r\u00fc\u015fmesinin ard\u0131ndan bas\u0131n toplant\u0131s\u0131 d\u00fczenleyerek g\u00f6r\u00fc\u015fmelerine ait detaylar\u0131 bas\u0131n mensuplar\u0131yla payla\u015ft\u0131.<\/p>\n<p>Putin yapt\u0131\u011f\u0131 a\u00e7\u0131klamada, Merkel ile ikili ili\u015fkilerin g\u00f6r\u00fc\u015f\u00fclerek ekonomik, politik ve k\u00fclt\u00fcrel konularda kilit meselelere de\u011finilmesinin yan\u0131 s\u0131ra k\u00fcresel sorunlar\u0131n da konu\u015fuldu\u011funu belirterek, \u201cAlmanya d\u0131\u015f ekonomideki partnerlerimiz aras\u0131nda ikinci \u00f6nemli yere sahip. \u0130lk s\u0131ray\u0131 \u00c7in al\u0131yor. Son 2-3 ayl\u0131k d\u00f6nemdeki Almanya-Rusya aras\u0131ndaki ticari hacim 43.8 milyar dolar\u0131 bulmu\u015f durumda. Alman yat\u0131r\u0131mc\u0131lar\u0131n Rusya\u2019da ki yat\u0131r\u0131m pay\u0131 20 milyar dolar. Rusya ve Almanya ayr\u0131ca enerji konular\u0131nda da \u00e7ok ciddi projelere sahip iki \u00fclke. Rus gaz\u0131n\u0131n, Ukrayna \u00fczerinde transit ge\u00e7i\u015fine dair konular\u0131 da de\u011findik. 31 Aral\u0131k\u2019ta Ukrayna ve Rusya aras\u0131nda yap\u0131lan gaz anla\u015fmas\u0131n\u0131n \u00f6nemine de tekrar hat\u0131rlad\u0131k\u201d ifadelerini kulland\u0131.<\/p>\n<p>Libya\u2019daki gerilime de de\u011finen Rus lider, \u201cLibya\u2019da devam eden sorunlar\u0131 da ele ald\u0131k. Libya sorunu b\u00f6lgesel de\u011fil global bir sorun. Ter\u00f6rist eylemler art\u0131yor ve Avrupa\u2019ya olumsuz etkileri oluyor. Bu kriz di\u011fer \u00fclkeleri yasal olmayan g\u00f6\u00e7, ka\u00e7ak\u00e7\u0131l\u0131k, silah ve uyu\u015fturucu ticareti gibi konularla etkiliyor. T\u00fcrkiye Cumhuriyeti\u2019nin Cumhurba\u015fkan\u0131 ile de bu konudaki \u00e7al\u0131\u015fmalar\u0131m\u0131z s\u00fcrmektedir. T\u00fcrk h\u00fck\u00fcmeti ile \u0130stanbul\u2019da ger\u00e7ekle\u015ftirdi\u011fimiz \u00e7al\u0131\u015fmalar hakk\u0131nda Say\u0131n Merkel\u2019i bilgilendirdim\u201d a\u00e7\u0131klamas\u0131nda bulundu.<\/p>\n<p>Suriye\u2019de uzun y\u0131llard\u0131r ya\u015fanan krizi de ele ald\u0131klar\u0131n\u0131 a\u00e7\u0131klayan Putin, \u201cSuriye konusunda ise yak\u0131n zamanda \u015eam\u2019a yapt\u0131\u011f\u0131m ziyarete ve Be\u015far Esad ile yapt\u0131\u011f\u0131m g\u00f6r\u00fc\u015fmeye dair konularda da Say\u0131n Merkel\u2019i bilgiler verdim. Suriye ad\u0131m ad\u0131m bar\u0131\u015f dolu bir hayata geri d\u00f6nmeye devam ediyor\u201d dedi.<\/p>\n<p>Putin, \u0130ran\u2019\u0131n n\u00fckleer program\u0131n\u0131 da de\u011ferlendirdiklerini ifade ederken, Ukrayna\u2019daki duruma ili\u015fkin olarak, \u201cUkrayna\u2019n\u0131n do\u011fusundaki bar\u0131\u015f\u0131n devam edebilmesi i\u00e7in Minsk anla\u015fmas\u0131n\u0131n uygulanmaya devam edilmesinin ka\u00e7\u0131n\u0131lmaz bir se\u00e7enek oldu\u011fu konusunda da hemfikiriz. Yak\u0131n zamanda Normandiya D\u00f6rtl\u00fcs\u00fc format\u0131nda ger\u00e7ekle\u015ftirdi\u011fimiz g\u00f6r\u00fc\u015fmedeki ald\u0131\u011f\u0131m\u0131z kararlar\u0131n hayata ge\u00e7irilmesi \u00e7ok \u00f6nemli. Ukrayna h\u00fck\u00fcmetinin, Donbas B\u00f6lgesi i\u00e7in \u00f6zel stat\u00fc verilmesi konusuna ili\u015fkin kendi kanunlar\u0131nda de\u011fi\u015fiklikler yapmas\u0131, bar\u0131\u015f\u0131n sa\u011flanmas\u0131 ad\u0131na \u00e7ok \u00f6nemli bir ad\u0131m\u201d ifadelerinde bulundu.<\/p>\n","protected":false},"excerpt":{"rendered":"<p>RUSYA DEVLET BA\u015eKANI VLAD\u0130M\u0130R PUT\u0130N, \u201cL\u0130BYA SORUNU B\u00d6LGESEL DE\u011e\u0130L GLOBAL B\u0130R SORUN. T\u00dcRK\u0130YE CUMHUR\u0130YET\u0130\u2019N\u0130N CUMHURBA\u015eKANI \u0130LE DE BU KONUDAK\u0130 \u00c7ALI\u015eMALARIMIZ S\u00dcRMEKTED\u0130R\u201d DED\u0130.<\/p>\n","protected":false},"author":1,"featured_media":254568,"comment_status":"closed","ping_status":"open","sticky":false,"template":"","format":"standard","meta":{"jetpack_post_was_ever_published":false,"_jetpack_newsletter_access":"","_jetpack_dont_email_post_to_subs":false,"_jetpack_newsletter_tier_id":0,"_jetpack_memberships_contains_paywalled_content":false,"_jetpack_memberships_contains_paid_content":false,"footnotes":"","jetpack_publicize_message":"","jetpack_publicize_feature_enabled":true,"jetpack_social_post_already_shared":true,"jetpack_social_options":{"image_generator_settings":{"template":"highway","default_image_id":0,"font":"","enabled":false},"version":2}},"categories":[10],"tags":[125,4167,2039,2170,8757,11790,7252,9859,2827],"class_list":["post-254567","post","type-post","status-publish","format-standard","has-post-thumbnail","hentry","category-dunya","tag-bir","tag-bolgesel","tag-degil","tag-global","tag-libya","tag-putin","tag-sorun","tag-sorunu","tag-vladimir"],"jetpack_publicize_connections":[],"jetpack_featured_media_url":"https:\/\/i0.wp.com\/www.tvturk.com\/wp-content\/uploads\/2020\/01\/vladimir-putin-libya-sorunu-bolgesel-degil-global-bir-sorun_61af90c.jpg?fit=940%2C580","jetpack_sharing_enabled":true,"jetpack_shortlink":"https:\/\/wp.me\/paKIfm-14dV","_links":{"self":[{"href":"http:\/\/www.tvturk.com\/index.php\/wp-json\/wp\/v2\/posts\/254567","targetHints":{"allow":["GET"]}}],"collection":[{"href":"http:\/\/www.tvturk.com\/index.php\/wp-json\/wp\/v2\/posts"}],"about":[{"href":"http:\/\/www.tvturk.com\/index.php\/wp-json\/wp\/v2\/types\/post"}],"author":[{"embeddable":true,"href":"http:\/\/www.tvturk.com\/index.php\/wp-json\/wp\/v2\/users\/1"}],"replies":[{"embeddable":true,"href":"http:\/\/www.tvturk.com\/index.php\/wp-json\/wp\/v2\/comments?post=254567"}],"version-history":[{"count":0,"href":"http:\/\/www.tvturk.com\/index.php\/wp-json\/wp\/v2\/posts\/254567\/revisions"}],"wp:featuredmedia":[{"embeddable":true,"href":"http:\/\/www.tvturk.com\/index.php\/wp-json\/wp\/v2\/media\/254568"}],"wp:attachment":[{"href":"http:\/\/www.tvturk.com\/index.php\/wp-json\/wp\/v2\/media?parent=254567"}],"wp:term":[{"taxonomy":"category","embeddable":true,"href":"http:\/\/www.tvturk.com\/index.php\/wp-json\/wp\/v2\/categories?post=254567"},{"taxonomy":"post_tag","embeddable":true,"href":"http:\/\/www.tvturk.com\/index.php\/wp-json\/wp\/v2\/tags?post=254567"}],"curies":[{"name":"wp","href":"https:\/\/api.w.org\/{rel}","templated":true}]}}