{"id":254599,"date":"2020-01-12T10:02:16","date_gmt":"2020-01-12T07:02:16","guid":{"rendered":"http:\/\/www.tvturk.com\/index.php\/ozel-haber-ahmet-tasyurek-emircanin-super-ligde-is-yapacagini-dusunuyorum\/"},"modified":"2020-01-12T10:02:16","modified_gmt":"2020-01-12T07:02:16","slug":"ozel-haber-ahmet-tasyurek-emircanin-super-ligde-is-yapacagini-dusunuyorum","status":"publish","type":"post","link":"http:\/\/www.tvturk.com\/index.php\/ozel-haber-ahmet-tasyurek-emircanin-super-ligde-is-yapacagini-dusunuyorum\/","title":{"rendered":"(\u00d6zel haber) Ahmet Ta\u015fy\u00fcrek: \u201cEmircan\u2019\u0131n S\u00fcper Lig\u2019de i\u015f yapaca\u011f\u0131n\u0131 d\u00fc\u015f\u00fcn\u00fcyorum\u201d"},"content":{"rendered":"<p>Alanyaspor\u2019a transfer olan Emircan Alt\u0131nta\u015f hakk\u0131na a\u00e7\u0131klamalar yapan \u00dcmraniyespor Teknik Direkt\u00f6r\u00fc Ahmet Ta\u015fy\u00fcrek, \u201cEmircan\u2019\u0131n potansiyeli ve kapasitesi \u00e7ok fazla y\u00fcksek. S\u00fcper Lig\u2019de \u00e7ok rahat i\u015f yapaca\u011f\u0131n\u0131 d\u00fc\u015f\u00fcn\u00fcyorum\u201d dedi.<\/p>\n<p>TFF 1. Lig\u2019de ikinci devre haz\u0131rl\u0131klar\u0131n\u0131 Antalya Belek\u2019te s\u00fcrd\u00fcren \u00dcmraniyespor\u2019da Teknik Direkt\u00f6r Ahmet Ta\u015fy\u00fcrek, \u0130hlas Haber Ajans\u0131\u2019na \u00f6zel a\u00e7\u0131klamalarda bulundu. Sezona kimsenin beklemedi\u011fi \u015fekilde ba\u015flad\u0131klar\u0131n\u0131 belirten Ta\u015fy\u00fcrek, \u201c\u0130yi giden periyotta herkesin bekledi\u011finin aksine son d\u00f6nemleri iyi bitiremedik. Tabii bunun \u00e7e\u015fitli nedenleri var. Kart cezal\u0131lar\u0131 ve sakatl\u0131klar ilk yar\u0131 \u00e7ok can\u0131m\u0131z\u0131 ac\u0131tt\u0131. Kadro derinli\u011fimiz olmad\u0131\u011f\u0131 i\u00e7in o konularda \u00e7ok s\u0131k\u0131nt\u0131 ya\u015fad\u0131k. Ama enteresan bir sezon ya\u015f\u0131yoruz ilk yar\u0131y\u0131 de\u011ferlendirdi\u011fimiz zaman. 1. Lig\u2019in tarihinde yoktur puantajlar\u0131n bu kadar yak\u0131n, herkesin herkesi yenebildi\u011fi, hangi ma\u00e7\u0131n hangi sonu\u00e7la bitece\u011finin kestirilemedi\u011fi bir d\u00f6nem ya\u015f\u0131yoruz. Son Erzurum ma\u00e7\u0131n\u0131 kazanm\u0131\u015f olsayd\u0131k ilk yar\u0131y\u0131 ikinci s\u0131rada tamamlayacakt\u0131k. 80\u2019den sonra yedi\u011fimiz iki golle yedinci s\u0131raya d\u00fc\u015ft\u00fck. \u0130kinci devre i\u00e7in de\u011ferlendirmelerimizi yap\u0131yoruz. Nokta transferlerimizi belirlemi\u015ftik. Bu 4 noktan\u0131n 3\u2019\u00fcn\u00fc yapt\u0131k. O 1 nokta ile de u\u011fra\u015f\u0131yoruz\u201d diye konu\u015ftu.<\/p>\n<p>\u201cDe\u011ferlendirmeler yap\u0131l\u0131yor\u201d<\/p>\n<p>Oyuncular\u0131 hakk\u0131nda S\u00fcper Lig ekipleri de dahil olmak \u00fczere bir\u00e7ok tak\u0131mdan teklifler geldi\u011fini dile getiren Ta\u015fy\u00fcrek, \u201cAlttan al\u0131p parlatt\u0131\u011f\u0131m\u0131z oyuncular vizyona \u00e7\u0131kt\u0131\u011f\u0131 zaman bunlar\u0131 talipleri oluyor. Bu anlamda maddi manevi de\u011ferlendirmeler yap\u0131l\u0131yor. Ge\u00e7en sene devre aras\u0131 verdi\u011fimiz 3 oyuncu var. Bu sene onunla ilgili yine \u015feyler var. Bakaca\u011f\u0131z, \u015fu haftay\u0131 de\u011ferlendirece\u011fiz. Ama biz \u00e7izgimizden \u015fa\u015fmama ad\u0131na \u00e7aba i\u00e7erisindeyiz. Ba\u015fkan\u0131m\u0131z da geldi, bunun de\u011ferlendirmesini yapaca\u011f\u0131z\u201d \u015feklinde konu\u015ftu.<\/p>\n<p>\u201cHedefimiz ilk ikide bitirmek\u201d<\/p>\n<p>Sezon sonu hedeflerine ili\u015fkin de konu\u015fan deneyimli \u00e7al\u0131\u015ft\u0131r\u0131c\u0131, \u015fu ifadelere yer verdi:<\/p>\n<p>\u201c\u00dcmraniye tarihinde ilk defa bir y\u00f6netim de\u011fi\u015fikli\u011fi oldu. Tar\u0131k ba\u015fkan\u0131n bu s\u00fcre\u00e7te gelir gelmez bize ifadesi; \u2018yapabildi\u011fimizin en iyisini yapal\u0131m\u2019 oldu. Bunu ya\u015farken ilk defa bu kadar kabuk de\u011fi\u015ftirdik. 5 yabanc\u0131 oyuncumuzun tamam\u0131, totalde 12 oyuncumuz tak\u0131mdan ayr\u0131ld\u0131. Bunlar\u0131n \u00e7o\u011fu 1. Lig\u2019e ve S\u00fcper Lig\u2019e giden oyuncular oldu. Bu manada ligin besi kayna\u011f\u0131 bir tak\u0131m oldu\u011fumuzu g\u00f6steriyoruz. Kabuk de\u011fi\u015ftirmeyle birlikte ilk ba\u015flarda zorlan\u0131r, sonra toparlar hedefimize ula\u015f\u0131r\u0131z derken, d\u00fc\u015f\u00fcncemizin d\u0131\u015f\u0131nda \u00e7ok iyi ba\u015flay\u0131p bitirme noktas\u0131nda s\u0131k\u0131nt\u0131lar\u0131m\u0131z oldu. 4 y\u0131l\u0131n sonunda kazand\u0131\u011f\u0131m\u0131z tecr\u00fcbeler ve en son yapamad\u0131\u011f\u0131m\u0131z play-off\u2019un kap\u0131s\u0131, play-off, T\u00fcrkiye Kupas\u0131 ile lig derken sonunun getiremedi\u011fimiz bir \u015fampiyonluk s\u00fcrecini nas\u0131l tamamlar\u0131z\u0131n hesab\u0131n\u0131 yapt\u0131k. Hedefimiz en iyi yerde bitirmek. Bu en iyi yer ilk iki olacakt\u0131r. Olmazsa play-off hesab\u0131 i\u00e7erisinde d\u00fc\u015f\u00fcn\u00fcyorduk. Ama bu y\u0131l o olmasayd\u0131y\u0131 s\u00f6ylememeye \u00e7al\u0131\u015f\u0131yoruz.\u201d<\/p>\n<p>\u201cEmircan\u2019\u0131n potansiyeli y\u00fcksek\u201d<\/p>\n<p>Alanyaspor ile anla\u015fan Emircan Alt\u0131nta\u015f\u2019\u0131n hedefinin hep en iyi yerde bulunmak oldu\u011funu s\u00f6zlerine etkileyen Ta\u015fy\u00fcrek, \u201cFutbolda \u00fcst tarafta olmak daha kolay. \u00dcst taraflarda \u00e7\u00fcnk\u00fc \u00e7ok \u015fey do\u011fru. A\u015fa\u011f\u0131 inildik\u00e7e zorla\u015f\u0131yor. Bu T\u00fcrk futbolunun yap\u0131s\u0131ndan kaynaklan\u0131yor. Yukar\u0131dan a\u015fa\u011f\u0131 bir yap\u0131lanma olmaz. Oyuncular da \u00fcst liglere gitti\u011fi zaman belli kapasite ve tekni\u011fi varsa iyi olur. Bunun en iyi \u00f6rne\u011fi Sivas\u2019t\u0131r. Erdo\u011fan\u2019\u0131 ald\u0131, Mert Hakan, bizim stoper Aaron Appindangoye, Emre ve bak\u0131n liderler. Bu i\u015f atla deve de\u011fil. Mesela Alt\u0131nordu hi\u00e7 yabanc\u0131yla oynam\u0131yor, gencecik \u00e7ocuklarla her sene yenileniyor. Bunun sebebi yap\u0131lanmadaki tersli\u011fimiz diye d\u00fc\u015f\u00fcn\u00fcyorum. Emircan\u2019\u0131n potansiyeli ve kapasitesi de \u00e7ok fazla y\u00fcksek. S\u00fcper Lig\u2019de \u00e7ok rahat i\u015f yapaca\u011f\u0131n\u0131 d\u00fc\u015f\u00fcn\u00fcyorum\u201d dedi.<\/p>\n<p>\u201cKariyer planlamas\u0131 Avrupa\u2019ya \u00f6zg\u00fc\u201d<\/p>\n<p>Kariyer planlamas\u0131n\u0131 ne \u015feklide yapt\u0131\u011f\u0131na y\u00f6nelik gelen bir soruyu da Ahmet Ta\u015fy\u00fcrek, \u015f\u00f6yle cevapland\u0131rd\u0131:<\/p>\n<p>\u201cT\u00fcrkiye\u2019deki kariyer planlamas\u0131, sonu\u00e7lara ba\u011fl\u0131 antren\u00f6r de\u011ferlendirmesi yap\u0131lan bir T\u00fcrkiye\u2019den dolay\u0131 yap\u0131lmas\u0131 zor g\u00f6z\u00fcken bir s\u00fcre\u00e7. En do\u011frusu k\u0131sa s\u00fcredeki planda bulundu\u011funuz yerde ba\u015far\u0131l\u0131 olmak. Sonras\u0131nda getirecekleri ve size sunumlar\u0131 hesaplamak daha do\u011fru diye d\u00fc\u015f\u00fcn\u00fcyorum. Kariyer planlamas\u0131 daha \u00e7ok Avrupa\u2019ya \u00f6zg\u00fc bir \u015fey diye d\u00fc\u015f\u00fcn\u00fcyorum. Bizim \u015fu andaki hedefimiz tak\u0131m\u0131m\u0131zla birlikte \u00fcste y\u00fckselmek. K\u0131sa s\u00fcreli \u00e7er\u00e7evedeki de\u011ferlendirmemiz bu.\u201d<\/p>\n<p>\u201cTFF 1. Lig hocalar\u0131n\u0131n \u00fcmitsiz oldu\u011funu g\u00f6rd\u00fcm\u201d<\/p>\n<p>TFF 1. Lig\u2019de g\u00f6rev yapan teknik direkt\u00f6rlerden Video Yard\u0131mc\u0131 Hakem (VAR) sisteminin liglerine de getirilmesi konusunda destek istedi\u011fini hat\u0131rlayan ba\u015far\u0131l\u0131 \u00e7al\u0131\u015ft\u0131r\u0131c\u0131, \u201c\u00c7ok ciddi payla\u015f\u0131mlar yapt\u0131m \u00f6zellikle son 8 hafta i\u00e7erisinde neredeyse bas\u0131n toplant\u0131lar\u0131n\u0131 hi\u00e7 ilgisi olmazken VAR konusuna getirdim. Ama hocalarla konu\u015ftu\u011fum zaman tak\u0131mlar\u0131n, bu ligin elit insanlar\u0131n\u0131n, yap\u0131y\u0131 ta\u015f\u0131yan yap\u0131 ta\u015flar\u0131n\u0131n \u00fcmitsiz oldu\u011funu g\u00f6r\u00fcnce bir noktadan sonra ben de ayn\u0131 duyguda oldum. Ama MHK seminerinde de g\u00fcndeme gelmesi bunun net olmas\u0131 gerekti\u011fini d\u00fc\u015f\u00fcn\u00fcyor. A\u015fa\u011f\u0131dan yukar\u0131 bir \u00f6\u011frenme olur, k\u00fc\u00e7\u00fckten b\u00fcy\u00fc\u011fe bir \u015fekilde b\u00fcy\u00fcrs\u00fcn\u00fcz. Bu \u00f6\u011frenmenin yap\u0131s\u0131d\u0131r. \u00dcst taraf\u0131 d\u00fczeltecekseniz buradan hakemler yeti\u015ftireceksiniz. VAR i\u00e7in de laz\u0131m ama buradan direkt oraya atayacaks\u0131n\u0131z. Olmad\u0131, yapamazs\u0131n\u0131z. Bu y\u0131l \u00f6zellikle 1. Lig\u2019de g\u00f6rev alm\u0131\u015f \u00e7o\u011fu hakem S\u00fcper Lig\u2019de g\u00f6rev yap\u0131yor ve de \u00e7ok ba\u015far\u0131l\u0131 \u015fekilde yap\u0131yor. \u0130lk defa belki hakemli\u011fin yap\u0131s\u0131 de\u011fi\u015fti. Ama bunu a\u015fa\u011f\u0131da uygulad\u0131klar\u0131 i\u00e7in o ba\u015far\u0131 yukar\u0131 yans\u0131d\u0131. Bu kadar yap\u0131n\u0131n i\u00e7inde sistemi anlatan, problemlerle kar\u015f\u0131 kar\u015f\u0131ya olan y\u00f6neticiler, hocalar, ba\u015fkanlar var. Ama bunlar\u0131n fikri al\u0131nmadan bir karar al\u0131nmas\u0131n\u0131n mant\u0131\u011f\u0131 yok. hi\u00e7bir \u015fekilde de sonucu yoktur\u201d ifadelerini kulland\u0131.<\/p>\n","protected":false},"excerpt":{"rendered":"<p>ALANYASPOR&#8217;A TRANSFER OLAN EM\u0130RCAN ALTINTA\u015e HAKKINA A\u00c7IKLAMALAR YAPAN \u00dcMRAN\u0130YESPOR TEKN\u0130K D\u0130REKT\u00d6R\u00dc AHMET TA\u015eY\u00dcREK, \u201cEM\u0130RCAN\u2019IN POTANS\u0130YEL\u0130 VE KAPAS\u0130TES\u0130 \u00c7OK FAZLA Y\u00dcKSEK. S\u00dcPER L\u0130G\u2019DE \u00c7OK RAHAT \u0130\u015e YAPACA\u011eINI D\u00dc\u015e\u00dcN\u00dcYORUM\u201d DED\u0130.<\/p>\n","protected":false},"author":1,"featured_media":254600,"comment_status":"closed","ping_status":"open","sticky":false,"template":"","format":"standard","meta":{"jetpack_post_was_ever_published":false,"_jetpack_newsletter_access":"","_jetpack_dont_email_post_to_subs":false,"_jetpack_newsletter_tier_id":0,"_jetpack_memberships_contains_paywalled_content":false,"_jetpack_memberships_contains_paid_content":false,"footnotes":"","jetpack_publicize_message":"","jetpack_publicize_feature_enabled":true,"jetpack_social_post_already_shared":true,"jetpack_social_options":{"image_generator_settings":{"template":"highway","default_image_id":0,"font":"","enabled":false},"version":2}},"categories":[657],"tags":[62971,1073,3634,15046,1545,432,8715,1463,8432,20636],"class_list":["post-254599","post","type-post","status-publish","format-standard","has-post-thumbnail","hentry","category-spor","tag-emircanin","tag-ozel","tag-ahmet","tag-dusunuyorum","tag-haber","tag-is","tag-ligde","tag-super","tag-tasyurek","tag-yapacagini"],"jetpack_publicize_connections":[],"jetpack_featured_media_url":"https:\/\/i0.wp.com\/www.tvturk.com\/wp-content\/uploads\/2020\/01\/ozel-haber-ahmet-tasyurek-emircanin-super-ligde-is-yapacagini-dusunuyorum_b4bb284.jpg?fit=1000%2C750","jetpack_sharing_enabled":true,"jetpack_shortlink":"https:\/\/wp.me\/paKIfm-14er","_links":{"self":[{"href":"http:\/\/www.tvturk.com\/index.php\/wp-json\/wp\/v2\/posts\/254599","targetHints":{"allow":["GET"]}}],"collection":[{"href":"http:\/\/www.tvturk.com\/index.php\/wp-json\/wp\/v2\/posts"}],"about":[{"href":"http:\/\/www.tvturk.com\/index.php\/wp-json\/wp\/v2\/types\/post"}],"author":[{"embeddable":true,"href":"http:\/\/www.tvturk.com\/index.php\/wp-json\/wp\/v2\/users\/1"}],"replies":[{"embeddable":true,"href":"http:\/\/www.tvturk.com\/index.php\/wp-json\/wp\/v2\/comments?post=254599"}],"version-history":[{"count":0,"href":"http:\/\/www.tvturk.com\/index.php\/wp-json\/wp\/v2\/posts\/254599\/revisions"}],"wp:featuredmedia":[{"embeddable":true,"href":"http:\/\/www.tvturk.com\/index.php\/wp-json\/wp\/v2\/media\/254600"}],"wp:attachment":[{"href":"http:\/\/www.tvturk.com\/index.php\/wp-json\/wp\/v2\/media?parent=254599"}],"wp:term":[{"taxonomy":"category","embeddable":true,"href":"http:\/\/www.tvturk.com\/index.php\/wp-json\/wp\/v2\/categories?post=254599"},{"taxonomy":"post_tag","embeddable":true,"href":"http:\/\/www.tvturk.com\/index.php\/wp-json\/wp\/v2\/tags?post=254599"}],"curies":[{"name":"wp","href":"https:\/\/api.w.org\/{rel}","templated":true}]}}