{"id":254607,"date":"2020-01-12T10:16:43","date_gmt":"2020-01-12T07:16:43","guid":{"rendered":"http:\/\/www.tvturk.com\/index.php\/13-yil-sonra-gelen-borcla-saskina-dondu\/"},"modified":"2020-01-12T10:16:43","modified_gmt":"2020-01-12T07:16:43","slug":"13-yil-sonra-gelen-borcla-saskina-dondu","status":"publish","type":"post","link":"http:\/\/www.tvturk.com\/index.php\/13-yil-sonra-gelen-borcla-saskina-dondu\/","title":{"rendered":"13 y\u0131l sonra gelen bor\u00e7la \u015fa\u015fk\u0131na d\u00f6nd\u00fc"},"content":{"rendered":"<p>Adana\u2019da 2007 ile 2015 y\u0131llar\u0131 aras\u0131nda satt\u0131\u011f\u0131 2 motosiklet ve 1 otomobile ge\u00e7en hafta 3 bin 858 TL\u2019lik vergi borcu cezas\u0131 gelen Ali Avan \u015fa\u015fk\u0131na d\u00f6nd\u00fc. Avan, cezalara itiraz edece\u011fini s\u00f6yleyerek, &#8220;Gerekli yerlere itiraz\u0131m\u0131 yapaca\u011f\u0131m. Satm\u0131\u015f oldu\u011fum ara\u00e7larla ilgili borcum var ise nas\u0131l sat\u0131\u015f\u0131n yap\u0131ld\u0131\u011f\u0131na oradaki g\u00f6revliler de \u015fa\u015f\u0131rd\u0131&#8221; dedi.<\/p>\n<p>\u00d6zel sekt\u00f6rde \u00e7al\u0131\u015fan 41 ya\u015f\u0131ndaki Ali Avan, 17 Temmuz 2007 tarihinde 01 JJ 746 plakal\u0131 motosikletini satt\u0131. Daha sonra 2011 y\u0131l\u0131nda 01 BIR 66 plakal\u0131 bir motosiklet daha alan Ali Avan, bunu da 2013 y\u0131l\u0131nda satt\u0131. 2015 y\u0131l\u0131nda ise 01 ZF 302 plakal\u0131 otomobil sat\u0131n alan Avan, bu arac\u0131n\u0131 da 2016 tarihinde satt\u0131. B\u00fct\u00fcn sat\u0131\u015flar\u0131nda vergi dairesinden \u2018Vergi borcu yoktur\u2019 yaz\u0131s\u0131 alan ve devir i\u015flemlerinde s\u0131k\u0131nt\u0131 ya\u015famayan Ali Avan, 3 Ocak 2020 tarihinde Seyhan il\u00e7esi U\u00e7ak Mahallesi\u2019ndeki evine gelen bin 200 liral\u0131k \u00f6deme emri ka\u011f\u0131d\u0131 ile \u015fa\u015fk\u0131na d\u00f6nd\u00fc. Bunun \u00fczerine vergi dairesine giden Avan, 2007\u2019de 444, 2008\u2019de 600, 2012\u2019de 154, 2016\u2019da 88, 2019\u2019da ise bin 200 lira oldu\u011funu, toplam borcunun 2 bin 486 lira oldu\u011funu ancak gecikme faiziyle birlikte 3 bin 858 TL\u2019ye ula\u015ft\u0131\u011f\u0131n\u0131 \u00f6\u011frendi. Vergi dairesinde \u00f6\u011frendikleri kar\u015f\u0131s\u0131nda \u015fa\u015fk\u0131na d\u00f6nen Avan, Sulh Ceza Mahkemesi\u2019ne ba\u015fvurup ma\u011fduriyetinin giderilmesini talep edecek.<\/p>\n<p>Ara\u00e7lar\u0131n\u0131 satarken kar\u015f\u0131s\u0131na bor\u00e7 \u00e7\u0131kmad\u0131\u011f\u0131n\u0131 belirten Ali Avan, \u201cAra\u00e7lar\u0131 satt\u0131ktan sonra herhangi bir evrak gelmedi. 13 y\u0131l sonra evime evrak g\u00f6nderdiler. Bu bor\u00e7lar\u0131 Adana Trafik Tescil ve \u015eube M\u00fcd\u00fcrl\u00fc\u011f\u00fcne giderek ara\u015ft\u0131rd\u0131m ve satm\u0131\u015f oldu\u011fum ara\u00e7larla ilgili borcum var ise nas\u0131l sat\u0131\u015f\u0131n yap\u0131ld\u0131\u011f\u0131na oradaki g\u00f6revliler de \u015fa\u015f\u0131rd\u0131. Gerekli yerlere itiraz\u0131m\u0131 yapaca\u011f\u0131m\u201d diye konu\u015ftu.<\/p>\n<p>Toplam borcunun 3 bin 858 TL oldu\u011funu s\u00f6yleyen Avan, \u201cBorcum olabilir ama 13 y\u0131ld\u0131r bizim vergi dairemiz neredeydi, bana evrak g\u00f6ndermedi. Evrak g\u00f6nderse \u015fimdiye kadar belki \u00f6denir giderdi. Adana Trafik Tescil ve \u015eube M\u00fcd\u00fcrl\u00fc\u011f\u00fcnde g\u00f6revliler bana 12 y\u0131lda devletin 5 defa af getirdi\u011fini s\u00f6yledi. \u015ea\u015f\u0131rd\u0131m b\u00f6yle bir cezaya. Hakk\u0131m\u0131 arayaca\u011f\u0131m. Varsa b\u00f6yle bir borcum \u00f6derim. Ama haks\u0131z yere de b\u00f6yle bir bor\u00e7 \u00f6demem\u201d ifadelerini kulland\u0131.<\/p>\n","protected":false},"excerpt":{"rendered":"<p>ADANA\u2019DA 2007 \u0130LE 2015 YILLARI ARASINDA SATTI\u011eI 2 MOTOS\u0130KLET VE 1 OTOMOB\u0130LE GE\u00c7EN HAFTA VERG\u0130 BORCU CEZASI GELEN AL\u0130 AVAN \u015eA\u015eKINA D\u00d6ND\u00dc.<\/p>\n","protected":false},"author":1,"featured_media":254608,"comment_status":"closed","ping_status":"open","sticky":false,"template":"","format":"standard","meta":{"jetpack_post_was_ever_published":false,"_jetpack_newsletter_access":"","_jetpack_dont_email_post_to_subs":false,"_jetpack_newsletter_tier_id":0,"_jetpack_memberships_contains_paywalled_content":false,"_jetpack_memberships_contains_paid_content":false,"footnotes":"","jetpack_publicize_message":"","jetpack_publicize_feature_enabled":true,"jetpack_social_post_already_shared":true,"jetpack_social_options":{"image_generator_settings":{"template":"highway","default_image_id":0,"font":"","enabled":false},"version":2}},"categories":[1],"tags":[60325,990,307,18821,2022,231],"class_list":["post-254607","post","type-post","status-publish","format-standard","has-post-thumbnail","hentry","category-genel","tag-borcla","tag-dondu","tag-gelen","tag-saskina","tag-sonra","tag-yil"],"jetpack_publicize_connections":[],"jetpack_featured_media_url":"https:\/\/i0.wp.com\/www.tvturk.com\/wp-content\/uploads\/2020\/01\/13-yil-sonra-gelen-borcla-saskina-dondu_3016884.jpg?fit=1000%2C843","jetpack_sharing_enabled":true,"jetpack_shortlink":"https:\/\/wp.me\/paKIfm-14ez","_links":{"self":[{"href":"http:\/\/www.tvturk.com\/index.php\/wp-json\/wp\/v2\/posts\/254607","targetHints":{"allow":["GET"]}}],"collection":[{"href":"http:\/\/www.tvturk.com\/index.php\/wp-json\/wp\/v2\/posts"}],"about":[{"href":"http:\/\/www.tvturk.com\/index.php\/wp-json\/wp\/v2\/types\/post"}],"author":[{"embeddable":true,"href":"http:\/\/www.tvturk.com\/index.php\/wp-json\/wp\/v2\/users\/1"}],"replies":[{"embeddable":true,"href":"http:\/\/www.tvturk.com\/index.php\/wp-json\/wp\/v2\/comments?post=254607"}],"version-history":[{"count":0,"href":"http:\/\/www.tvturk.com\/index.php\/wp-json\/wp\/v2\/posts\/254607\/revisions"}],"wp:featuredmedia":[{"embeddable":true,"href":"http:\/\/www.tvturk.com\/index.php\/wp-json\/wp\/v2\/media\/254608"}],"wp:attachment":[{"href":"http:\/\/www.tvturk.com\/index.php\/wp-json\/wp\/v2\/media?parent=254607"}],"wp:term":[{"taxonomy":"category","embeddable":true,"href":"http:\/\/www.tvturk.com\/index.php\/wp-json\/wp\/v2\/categories?post=254607"},{"taxonomy":"post_tag","embeddable":true,"href":"http:\/\/www.tvturk.com\/index.php\/wp-json\/wp\/v2\/tags?post=254607"}],"curies":[{"name":"wp","href":"https:\/\/api.w.org\/{rel}","templated":true}]}}