{"id":254635,"date":"2020-01-12T10:47:10","date_gmt":"2020-01-12T07:47:10","guid":{"rendered":"http:\/\/www.tvturk.com\/index.php\/biz-boyleyiz-filmine-izmirde-ozel-gala\/"},"modified":"2020-01-12T10:47:10","modified_gmt":"2020-01-12T07:47:10","slug":"biz-boyleyiz-filmine-izmirde-ozel-gala","status":"publish","type":"post","link":"http:\/\/www.tvturk.com\/index.php\/biz-boyleyiz-filmine-izmirde-ozel-gala\/","title":{"rendered":"\u201cBiz B\u00f6yleyiz\u201d filmine \u0130zmir\u2019de \u00f6zel gala"},"content":{"rendered":"<p>&#8220;Biz B\u00f6yleyiz&#8221; filmi i\u00e7in \u00e7ekildi\u011fi \u0130zmir\u2019de gala d\u00fczenlendi. Film ekibi, galada seyircilerle bulu\u015farak s\u00f6yle\u015fi yapt\u0131.<\/p>\n<p>\u201cBiz B\u00f6yleyiz&#8221; filminin \u0130zmir galas\u0131 Optimum Al\u0131\u015fveri\u015f Merkezi\u2019nde yap\u0131ld\u0131. Galaya filmin y\u00f6netmeni Caner \u00d6zyurtlu, filmin senaristlerinden ve ayn\u0131 zamanda ba\u015frol oyuncusu Berrak T\u00fcz\u00fcnata\u00e7, Meri\u00e7 Aral ve Boran Kuzum kat\u0131ld\u0131. Film ekibi, ziyaret\u00e7ilerle s\u00f6yle\u015fi ger\u00e7ekle\u015ftirdi.<\/p>\n<p>Y\u00f6netmen Caner \u00d6zyurtlu, \u0130zmir\u2019de film \u00e7ekmenin g\u00fczel oldu\u011funu s\u00f6yleyerek, \u201cBize de bir \u0130stanbul aras\u0131 verdirmi\u015f oldu ve \u015fimdi de burada filmi izletmek ve seyircilerden yorum almak heyecan verici. Bu filmde ben oynamad\u0131m ama kendime g\u00f6re daha iyi oyuncularla \u00e7al\u0131\u015ft\u0131m. Filmin m\u00fcziklerinde 90\u2019lar tad\u0131 var. \u00c7o\u011fumuzun \u00e7ocuklu\u011funu ge\u00e7irdi\u011fi d\u00f6nem 90\u2019l\u0131 y\u0131llard\u0131 ve m\u00fczik se\u00e7imini de ona g\u00f6re yapt\u0131k. Genel olarak filmin renkleri ve g\u00f6rsellerinde tatl\u0131 bir nostalji hissi var\u201d dedi.<\/p>\n<p>\u201cOynamas\u0131n\u0131 hayal etti\u011fimiz her oyuncu bu filmin i\u00e7inde olmay\u0131 istedi\u201d<\/p>\n<p>Filmin ba\u015frol oyuncusu Berrak T\u00fcz\u00fcnata\u00e7 ise, filmin yap\u0131m s\u00fcrecinden bahsederek, \u201cAkl\u0131ma bir fikir geldi. Benimle ayn\u0131 oranda heyecan duyan arkada\u015flar\u0131m vard\u0131 \u00e7evremde. Sonu\u00e7 olarak hep birlikte buraday\u0131z. \u00c7ok g\u00fczel bir duygu, mutluyuz. Oynamas\u0131n\u0131 hayal etti\u011fimiz her oyuncu bu filmin i\u00e7inde olmay\u0131 istedi. Filmin deniz kenar\u0131nda olaca\u011f\u0131 belliydi ve idealimde de \u0130zmir vard\u0131. Ana mekan\u0131m\u0131z da diledi\u011fimiz gibi Urla oldu. Yaz\u0131n Ege\u2019de \u00e7al\u0131\u015fmak harikayd\u0131\u201d diye konu\u015ftu.<\/p>\n<p>\u201cFilmde oynarken \u00e7ok b\u00fcy\u00fck bir keyif ald\u0131m\u201d<\/p>\n<p>Filmde Emrah karakterini canland\u0131ran oyuncu Boran Kuzum ise, \u201cEmrah da b\u00fct\u00fcn bu etraf\u0131nda olan trajikomik olaylara espriyle cevap veren ve onlar\u0131n hissettikleri \u015feyleri y\u00fczlerine vurmaktan \u00e7ekinmeyen bir karakter. Filmde oynarken \u00e7ok b\u00fcy\u00fck bir keyif ald\u0131m. \u00c7ok \u015fansl\u0131 hissediyorum, \u00e7\u00fcnk\u00fc birlikte oynad\u0131\u011f\u0131m oyuncular \u00fcreticiliklerini her alanda g\u00f6steren \u015fahane insanlar. Ben de bir par\u00e7as\u0131 oldum ve hep beraber \u00e7ok g\u00fczel bir \u015fey \u00fcrettik. Bu hissimiz de eminim ki seyirciye ge\u00e7ecektir\u201d ifadelerini kulland\u0131.<\/p>\n<p>\u201cFilmi \u00e7ekerken \u00e7ok e\u011flendik\u201d<\/p>\n<p>Filmde Beril karakterini canland\u0131ran oyuncu Meri\u00e7 Aral, oynad\u0131\u011f\u0131 karakterden bahsederek, \u201cFilmde izleyiciyle beraber b\u00fct\u00fcn olan biteni g\u00f6zlemleyen ki\u015fiyi oynuyorum. \u0130zmir\u2019de \u00e7ok g\u00fczel bir s\u00fcre\u00e7 ge\u00e7irdik ger\u00e7ekten. Filmi \u00e7ekerken \u00e7ok e\u011flendik. Umar\u0131m izleyenler de be\u011fenir\u201d dedi.<\/p>\n<p>Yo\u011fun kat\u0131l\u0131m\u0131n ya\u015fand\u0131\u011f\u0131 galada, film ekibi daha sonra seyircilerle birlikte filmi izledi. Film, y\u0131llar sonra yeniden bir araya gelen bir arkada\u015f grubunun hikayesini konu ediyor. \u00c7ocukluk ve gen\u00e7lik d\u00f6nemlerini birlikte ge\u00e7iren bir grup arkada\u015f, yeti\u015fkinli\u011fe ge\u00e7meleriyle birlikte farkl\u0131 y\u00f6nlere savrulur. Nezihe\u2019nin ellerinde b\u00fcy\u00fcyen arkada\u015flar, hayatta en de\u011fer verdikleri ki\u015fi olan Nezihe\u2019nin rahats\u0131zland\u0131\u011f\u0131n\u0131 \u00f6\u011frendiklerinde b\u00fcy\u00fck bir \u00fcz\u00fcnt\u00fcye kap\u0131l\u0131rlar. Bu s\u00fcre\u00e7te Nezihe\u2019nin yan\u0131nda olmak isteyen arkada\u015flar, \u0130stanbul\u2019dan Nezihe\u2019nin \u0130zmir\u2019deki evine gider. Birbirlerinden tamamen farkl\u0131 karakterlere sahip olan arkada\u015flar, bu vesileyle birka\u00e7 g\u00fcnl\u00fc\u011f\u00fcne bir arada kalmak zorunda kal\u0131r. Bu s\u00fcre\u00e7, s\u00fcrpriz geli\u015fmelerin ve ge\u00e7mi\u015fe y\u00f6nelik hesapla\u015fmalar\u0131n ya\u015fanmas\u0131na neden olur.<\/p>\n","protected":false},"excerpt":{"rendered":"<p>B\u0130Z B\u00d6YLEY\u0130Z F\u0130LM\u0130, F\u0130LM\u0130N \u00c7EK\u0130LD\u0130\u011e\u0130 KENT OLAN \u0130ZM\u0130R\u2019DE \u00d6ZEL B\u0130R GALA PROGRAMI D\u00dcZENLEND\u0130. F\u0130LM EK\u0130B\u0130, SEY\u0130RC\u0130LERLE BULU\u015eARAK S\u00d6YLE\u015e\u0130 YAPTI.<\/p>\n","protected":false},"author":1,"featured_media":254636,"comment_status":"closed","ping_status":"open","sticky":false,"template":"","format":"standard","meta":{"jetpack_post_was_ever_published":false,"_jetpack_newsletter_access":"","_jetpack_dont_email_post_to_subs":false,"_jetpack_newsletter_tier_id":0,"_jetpack_memberships_contains_paywalled_content":false,"_jetpack_memberships_contains_paid_content":false,"footnotes":"","jetpack_publicize_message":"","jetpack_publicize_feature_enabled":true,"jetpack_social_post_already_shared":true,"jetpack_social_options":{"image_generator_settings":{"template":"highway","default_image_id":0,"font":"","enabled":false},"version":2}},"categories":[656],"tags":[1073,1322,62979,29594,9429,1554],"class_list":["post-254635","post","type-post","status-publish","format-standard","has-post-thumbnail","hentry","category-kultur-sanat","tag-ozel","tag-biz","tag-boyleyiz","tag-filmine","tag-gala","tag-izmirde"],"jetpack_publicize_connections":[],"jetpack_featured_media_url":"https:\/\/i0.wp.com\/www.tvturk.com\/wp-content\/uploads\/2020\/01\/biz-boyleyiz-filmine-izmirde-ozel-gala_7f04a7d.jpg?fit=1000%2C666","jetpack_sharing_enabled":true,"jetpack_shortlink":"https:\/\/wp.me\/paKIfm-14f1","_links":{"self":[{"href":"http:\/\/www.tvturk.com\/index.php\/wp-json\/wp\/v2\/posts\/254635","targetHints":{"allow":["GET"]}}],"collection":[{"href":"http:\/\/www.tvturk.com\/index.php\/wp-json\/wp\/v2\/posts"}],"about":[{"href":"http:\/\/www.tvturk.com\/index.php\/wp-json\/wp\/v2\/types\/post"}],"author":[{"embeddable":true,"href":"http:\/\/www.tvturk.com\/index.php\/wp-json\/wp\/v2\/users\/1"}],"replies":[{"embeddable":true,"href":"http:\/\/www.tvturk.com\/index.php\/wp-json\/wp\/v2\/comments?post=254635"}],"version-history":[{"count":0,"href":"http:\/\/www.tvturk.com\/index.php\/wp-json\/wp\/v2\/posts\/254635\/revisions"}],"wp:featuredmedia":[{"embeddable":true,"href":"http:\/\/www.tvturk.com\/index.php\/wp-json\/wp\/v2\/media\/254636"}],"wp:attachment":[{"href":"http:\/\/www.tvturk.com\/index.php\/wp-json\/wp\/v2\/media?parent=254635"}],"wp:term":[{"taxonomy":"category","embeddable":true,"href":"http:\/\/www.tvturk.com\/index.php\/wp-json\/wp\/v2\/categories?post=254635"},{"taxonomy":"post_tag","embeddable":true,"href":"http:\/\/www.tvturk.com\/index.php\/wp-json\/wp\/v2\/tags?post=254635"}],"curies":[{"name":"wp","href":"https:\/\/api.w.org\/{rel}","templated":true}]}}