{"id":254667,"date":"2020-01-12T12:16:33","date_gmt":"2020-01-12T09:16:33","guid":{"rendered":"http:\/\/www.tvturk.com\/index.php\/idliblilere-yardim-tiri-gonderildi\/"},"modified":"2020-01-12T12:16:33","modified_gmt":"2020-01-12T09:16:33","slug":"idliblilere-yardim-tiri-gonderildi","status":"publish","type":"post","link":"http:\/\/www.tvturk.com\/index.php\/idliblilere-yardim-tiri-gonderildi\/","title":{"rendered":"\u0130dliblilere yard\u0131m t\u0131r\u0131 g\u00f6nderildi"},"content":{"rendered":"<p>Malatya\u2019dan \u0130dliblilere, 400 g\u0131da kolisi 500 battaniye 600 \u00e7ift \u00e7ocuk \u00e7izmesi ve k\u0131\u015fl\u0131k elbiseden olu\u015fan yard\u0131m t\u0131r\u0131 g\u00f6nderildi.<\/p>\n<p>\u0130yilik Derne\u011fi Malatya Temsilcisi Nihat Erku\u015f, g\u00f6nderilen yard\u0131mla ilgili yapt\u0131\u011f\u0131 a\u00e7\u0131klamada, \u201cSon zamanlarda ya\u015fanan s\u0131k\u0131nt\u0131lardan dolay\u0131 evlerinden ayr\u0131lmak zorunda kal\u0131p s\u0131n\u0131rlar\u0131m\u0131zdaki g\u00fcvenli b\u00f6lgelere gelen, maalesef bar\u0131nacak yerleri olmayan, \u00e7amur i\u00e7erisinde, ya\u015fam m\u00fccadelesi veren \u0130dlibli karde\u015flerimizin dertlerine bir nebze \u00e7are olmak i\u00e7in on be\u015f g\u00fcn arayla ikinci g\u0131da ve insani yard\u0131m t\u0131r\u0131m\u0131z\u0131 g\u00f6nderiyoruz. Bu \u00e7al\u0131\u015fma kapsam\u0131nda Malatyal\u0131 karde\u015flerimiz \u0130dlib\u2019ten g\u00f6\u00e7 etmek zorunda b\u0131rak\u0131lan \u0130dlibliler i\u00e7in seferber oldu ve elhamd\u00fclillah on be\u015f g\u00fcn i\u00e7inde ikinci t\u0131r\u0131m\u0131z 400 g\u0131da kolisi 500 battaniye 600 \u00e7ift \u00e7ocuk \u00e7izmesi ve k\u0131\u015fl\u0131k elbise ile bug\u00fcn yola \u00e7\u0131k\u0131yor. \u00d6ncelikle iyilik Derne\u011fi ad\u0131na mazluma ve darda kalm\u0131\u015fa her daim elini uzat\u0131p \u00e7are olan Malatya\u2019m\u0131z\u0131n g\u00fczel insanlar\u0131na te\u015fekk\u00fcr ediyorum\u201d dedi.<\/p>\n","protected":false},"excerpt":{"rendered":"<p>MALATYA\u2019DAN \u0130DL\u0130BL\u0130LERE, 400 GIDA KOL\u0130S\u0130 500 BATTAN\u0130YE 600 \u00c7\u0130FT \u00c7OCUK \u00c7\u0130ZMES\u0130 VE KI\u015eLIK ELB\u0130SEDEN OLU\u015eAN YARDIM TIRI G\u00d6NDER\u0130LD\u0130.<\/p>\n","protected":false},"author":1,"featured_media":254668,"comment_status":"closed","ping_status":"open","sticky":false,"template":"","format":"standard","meta":{"jetpack_post_was_ever_published":false,"_jetpack_newsletter_access":"","_jetpack_dont_email_post_to_subs":false,"_jetpack_newsletter_tier_id":0,"_jetpack_memberships_contains_paywalled_content":false,"_jetpack_memberships_contains_paid_content":false,"footnotes":"","jetpack_publicize_message":"","jetpack_publicize_feature_enabled":true,"jetpack_social_post_already_shared":true,"jetpack_social_options":{"image_generator_settings":{"template":"highway","default_image_id":0,"font":"","enabled":false},"version":2}},"categories":[1],"tags":[2949,50438,5961,1736],"class_list":["post-254667","post","type-post","status-publish","format-standard","has-post-thumbnail","hentry","category-genel","tag-gonderildi","tag-idliblilere","tag-tiri","tag-yardim"],"jetpack_publicize_connections":[],"jetpack_featured_media_url":"https:\/\/i0.wp.com\/www.tvturk.com\/wp-content\/uploads\/2020\/01\/idliblilere-yardim-tiri-gonderildi_4e5d9b4.jpg?fit=1000%2C750","jetpack_sharing_enabled":true,"jetpack_shortlink":"https:\/\/wp.me\/paKIfm-14fx","_links":{"self":[{"href":"http:\/\/www.tvturk.com\/index.php\/wp-json\/wp\/v2\/posts\/254667","targetHints":{"allow":["GET"]}}],"collection":[{"href":"http:\/\/www.tvturk.com\/index.php\/wp-json\/wp\/v2\/posts"}],"about":[{"href":"http:\/\/www.tvturk.com\/index.php\/wp-json\/wp\/v2\/types\/post"}],"author":[{"embeddable":true,"href":"http:\/\/www.tvturk.com\/index.php\/wp-json\/wp\/v2\/users\/1"}],"replies":[{"embeddable":true,"href":"http:\/\/www.tvturk.com\/index.php\/wp-json\/wp\/v2\/comments?post=254667"}],"version-history":[{"count":0,"href":"http:\/\/www.tvturk.com\/index.php\/wp-json\/wp\/v2\/posts\/254667\/revisions"}],"wp:featuredmedia":[{"embeddable":true,"href":"http:\/\/www.tvturk.com\/index.php\/wp-json\/wp\/v2\/media\/254668"}],"wp:attachment":[{"href":"http:\/\/www.tvturk.com\/index.php\/wp-json\/wp\/v2\/media?parent=254667"}],"wp:term":[{"taxonomy":"category","embeddable":true,"href":"http:\/\/www.tvturk.com\/index.php\/wp-json\/wp\/v2\/categories?post=254667"},{"taxonomy":"post_tag","embeddable":true,"href":"http:\/\/www.tvturk.com\/index.php\/wp-json\/wp\/v2\/tags?post=254667"}],"curies":[{"name":"wp","href":"https:\/\/api.w.org\/{rel}","templated":true}]}}