{"id":254673,"date":"2020-01-12T12:31:26","date_gmt":"2020-01-12T09:31:26","guid":{"rendered":"http:\/\/www.tvturk.com\/index.php\/pakistanda-zirai-ilaclama-ucagi-dustu-2-olu\/"},"modified":"2020-01-12T12:31:26","modified_gmt":"2020-01-12T09:31:26","slug":"pakistanda-zirai-ilaclama-ucagi-dustu-2-olu","status":"publish","type":"post","link":"http:\/\/www.tvturk.com\/index.php\/pakistanda-zirai-ilaclama-ucagi-dustu-2-olu\/","title":{"rendered":"Pakistan\u2019da zirai ila\u00e7lama u\u00e7a\u011f\u0131 d\u00fc\u015ft\u00fc: 2 \u00f6l\u00fc"},"content":{"rendered":"<p>Pakistan\u2019da bir tar\u0131m arazisinde zirai ila\u00e7lama yapan u\u00e7a\u011f\u0131n d\u00fc\u015fmesi sonucu 2 pilot hayat\u0131n\u0131 kaybetti.<\/p>\n<p>Pakistan\u2019\u0131n Pencap eyaletindeki Sadiqabad b\u00f6lgesinde tar\u0131m arazisinde zirai ila\u00e7lama yapan u\u00e7ak d\u00fc\u015ft\u00fc. Kazada u\u00e7aktaki 2 pilot hayat\u0131n\u0131 kaybetti. Yetkililer, u\u00e7a\u011f\u0131n teknik bir ar\u0131za nedeniyle d\u00fc\u015ft\u00fc\u011f\u00fcn\u00fc a\u00e7\u0131klad\u0131.<\/p>\n","protected":false},"excerpt":{"rendered":"<p>PAK\u0130STAN\u2019DA B\u0130R TARIM ARAZ\u0130S\u0130NDE Z\u0130RA\u0130 \u0130LA\u00c7LAMA YAPAN U\u00c7A\u011eIN D\u00dc\u015eMES\u0130 SONUCU 2 P\u0130LOT HAYATINI KAYBETT\u0130.<\/p>\n","protected":false},"author":1,"featured_media":254674,"comment_status":"closed","ping_status":"open","sticky":false,"template":"","format":"standard","meta":{"jetpack_post_was_ever_published":false,"_jetpack_newsletter_access":"","_jetpack_dont_email_post_to_subs":false,"_jetpack_newsletter_tier_id":0,"_jetpack_memberships_contains_paywalled_content":false,"_jetpack_memberships_contains_paid_content":false,"footnotes":"","jetpack_publicize_message":"","jetpack_publicize_feature_enabled":true,"jetpack_social_post_already_shared":true,"jetpack_social_options":{"image_generator_settings":{"template":"highway","default_image_id":0,"font":"","enabled":false},"version":2}},"categories":[10],"tags":[1613,32932,1664,5759,17580,15547],"class_list":["post-254673","post","type-post","status-publish","format-standard","has-post-thumbnail","hentry","category-dunya","tag-dustu","tag-ilaclama","tag-olu","tag-pakistanda","tag-ucagi","tag-zirai"],"jetpack_publicize_connections":[],"jetpack_featured_media_url":"https:\/\/i0.wp.com\/www.tvturk.com\/wp-content\/uploads\/2020\/01\/pakistanda-zirai-ilaclama-ucagi-dustu-2-olu_28de075.jpg?fit=720%2C405","jetpack_sharing_enabled":true,"jetpack_shortlink":"https:\/\/wp.me\/paKIfm-14fD","_links":{"self":[{"href":"http:\/\/www.tvturk.com\/index.php\/wp-json\/wp\/v2\/posts\/254673","targetHints":{"allow":["GET"]}}],"collection":[{"href":"http:\/\/www.tvturk.com\/index.php\/wp-json\/wp\/v2\/posts"}],"about":[{"href":"http:\/\/www.tvturk.com\/index.php\/wp-json\/wp\/v2\/types\/post"}],"author":[{"embeddable":true,"href":"http:\/\/www.tvturk.com\/index.php\/wp-json\/wp\/v2\/users\/1"}],"replies":[{"embeddable":true,"href":"http:\/\/www.tvturk.com\/index.php\/wp-json\/wp\/v2\/comments?post=254673"}],"version-history":[{"count":0,"href":"http:\/\/www.tvturk.com\/index.php\/wp-json\/wp\/v2\/posts\/254673\/revisions"}],"wp:featuredmedia":[{"embeddable":true,"href":"http:\/\/www.tvturk.com\/index.php\/wp-json\/wp\/v2\/media\/254674"}],"wp:attachment":[{"href":"http:\/\/www.tvturk.com\/index.php\/wp-json\/wp\/v2\/media?parent=254673"}],"wp:term":[{"taxonomy":"category","embeddable":true,"href":"http:\/\/www.tvturk.com\/index.php\/wp-json\/wp\/v2\/categories?post=254673"},{"taxonomy":"post_tag","embeddable":true,"href":"http:\/\/www.tvturk.com\/index.php\/wp-json\/wp\/v2\/tags?post=254673"}],"curies":[{"name":"wp","href":"https:\/\/api.w.org\/{rel}","templated":true}]}}