{"id":254735,"date":"2020-01-12T15:02:02","date_gmt":"2020-01-12T12:02:02","guid":{"rendered":"http:\/\/www.tvturk.com\/index.php\/hak-is-hizmet-is-kadin-komitesinden-is-yerlerinde-cocuk-bakimevi-icin-50-bin-imza\/"},"modified":"2020-01-12T15:02:02","modified_gmt":"2020-01-12T12:02:02","slug":"hak-is-hizmet-is-kadin-komitesinden-is-yerlerinde-cocuk-bakimevi-icin-50-bin-imza","status":"publish","type":"post","link":"http:\/\/www.tvturk.com\/index.php\/hak-is-hizmet-is-kadin-komitesinden-is-yerlerinde-cocuk-bakimevi-icin-50-bin-imza\/","title":{"rendered":"HAK-\u0130\u015e\/H\u0130ZMET-\u0130\u015e kad\u0131n komitesinden i\u015f yerlerinde \u201c\u00c7ocuk bak\u0131mevi\u201d i\u00e7in 50 bin imza"},"content":{"rendered":"<p>HAK-\u0130\u015e\/H\u0130ZMET-\u0130\u015e Sendikas\u0131 Genel Merkez Kad\u0131n Komitesi taraf\u0131ndan \u201c\u00c7al\u0131\u015fan Kad\u0131nlar \u0130\u00e7in \u00c7ocuk Bak\u0131m Evi \u0130stiyoruz\u201d temas\u0131yla ba\u015flat\u0131lan kampanyada toplanan 50 bin imza, Aile, \u00c7al\u0131\u015fma ve Sosyal Hizmetler Bakanl\u0131\u011f\u0131na teslim edildi.<\/p>\n<p>\u00c7al\u0131\u015fan kad\u0131nlar\u0131n i\u015f, aile ve ya\u015fam dengesinin sa\u011flanarak i\u015f veriminin y\u00fckseltilmesi i\u00e7in i\u015f yerlerinde \u00e7ocuk bak\u0131m evi talebini i\u00e7eren 50 bin imza, HAK-\u0130\u015e\/H\u0130ZMET-\u0130\u015e Sendikas\u0131 Genel Merkez Kad\u0131n Komite Ba\u015fkan\u0131 Hatice Ayhan taraf\u0131ndan Aile, \u00c7al\u0131\u015fma ve Sosyal Hizmetler Bakanl\u0131\u011f\u0131 Kad\u0131n\u0131n Stat\u00fcs\u00fc Genel M\u00fcd\u00fcr\u00fc G\u00fclser Ustao\u011flu\u2019na teslim edildi.<\/p>\n<p>HAK-\u0130\u015e\/H\u0130ZMET-\u0130\u015e Sendikas\u0131 Genel Merkez Kad\u0131n Komitesi taraf\u0131ndan 50 bin imzan\u0131n tesliminde yap\u0131lan a\u00e7\u0131klamada, \u201c\u00c7al\u0131\u015fma hayat\u0131ndaki kad\u0131n\u0131n kar\u015f\u0131la\u015ft\u0131\u011f\u0131 zorluklar\u0131n ba\u015f\u0131nda, annenin olmad\u0131\u011f\u0131 saatlerde \u00e7ocu\u011fun bak\u0131m\u0131 kayg\u0131s\u0131 yer almaktad\u0131r. Bu durum \u00e7al\u0131\u015fan kad\u0131nlar\u0131n performans\u0131n\u0131 olumsuz y\u00f6nde etkilemektedir. Ayn\u0131 zamanda i\u015f hayat\u0131na girmeleri ya da geri d\u00f6nmelerindeki en b\u00fcy\u00fck etkenlerden de biridir. \u00c7al\u0131\u015fan kad\u0131nlar\u0131n i\u015f, aile ve ya\u015fam dengesini sa\u011flayarak i\u015f verimini y\u00fckseltebilmeleri i\u00e7in i\u015f yerlerinde \u00e7ocuk bak\u0131m odalar\u0131n\u0131n olu\u015fturulmas\u0131n\u0131 ve denetimi Bakanl\u0131k taraf\u0131ndan yap\u0131lan bak\u0131m evlerinin zorunlu olmas\u0131n\u0131 istiyoruz. Bu ama\u00e7la toplad\u0131\u011f\u0131m\u0131z 50 bin imzay\u0131, Aile, \u00c7al\u0131\u015fma ve Sosyal Hizmetler Bakanl\u0131\u011f\u0131 Kad\u0131n\u0131n Stat\u00fcs\u00fc Genel M\u00fcd\u00fcrl\u00fc\u011f\u00fcne teslim ettik. Bakanl\u0131k\u00e7a gerekli \u00e7al\u0131\u015fman\u0131n ba\u015flat\u0131laca\u011f\u0131n\u0131 d\u00fc\u015f\u00fcn\u00fcyoruz\u201d denildi.<\/p>\n<p>Belirli say\u0131da kad\u0131n\u0131n \u00e7al\u0131\u015ft\u0131\u011f\u0131 i\u015f yerlerine kre\u015f \u015fart\u0131 getirilmi\u015f olmas\u0131na kar\u015f\u0131n, uygulamada sorunlar ya\u015fand\u0131\u011f\u0131na dikkat \u00e7ekilen a\u00e7\u0131klamada \u015fu ifadelere yer verildi: \u201cVar olan kre\u015f ve bak\u0131m evleri ihtiyac\u0131 kar\u015f\u0131lamaktan \u00e7ok uzakt\u0131r. Sunulan kre\u015f hizmetlerinin saatleri s\u0131n\u0131rl\u0131d\u0131r ve bu durum \u00e7al\u0131\u015fan anneleri mesai saatleri i\u00e7erisinde se\u00e7eneksiz b\u0131rakmaktad\u0131r. Denetimi Bakanl\u0131k taraf\u0131ndan yap\u0131lacak bak\u0131m evlerinin zorunlu olmas\u0131n\u0131, kad\u0131nlar\u0131n i\u015f veriminin ve kuruma ba\u011fl\u0131l\u0131\u011f\u0131n\u0131n art\u0131r\u0131lmas\u0131 ve \u00e7ocuklar\u0131n fiziksel, zihinsel, psiko-sosyal geli\u015fimsel s\u00fcre\u00e7lerini tamamlayabilmeleri a\u00e7\u0131s\u0131ndan \u00f6nemli g\u00f6r\u00fcyoruz. \u0130\u015f yerlerinde \u00e7ocuk bak\u0131m evlerinin olu\u015fturulmas\u0131 i\u015f hayat\u0131n\u0131n kolayla\u015ft\u0131r\u0131lmas\u0131 ve aile b\u00fct\u00fcnl\u00fc\u011f\u00fc a\u00e7\u0131s\u0131ndan gereklidir.\u201d<\/p>\n","protected":false},"excerpt":{"rendered":"<p>HAK-\u0130\u015e\/H\u0130ZMET-\u0130\u015e SEND\u0130KASI GENEL MERKEZ KADIN KOM\u0130TES\u0130 TARAFINDAN \u201c\u00c7ALI\u015eAN KADINLAR \u0130\u00c7\u0130N \u00c7OCUK BAKIM EV\u0130 \u0130ST\u0130YORUZ\u201d TEMASIYLA BA\u015eLATILAN KAMPANYADA TOPLANAN 50 B\u0130N \u0130MZA, A\u0130LE, \u00c7ALI\u015eMA VE SOSYAL H\u0130ZMETLER BAKANLI\u011eINA TESL\u0130M ED\u0130LD\u0130.<\/p>\n","protected":false},"author":1,"featured_media":254736,"comment_status":"closed","ping_status":"open","sticky":false,"template":"","format":"standard","meta":{"jetpack_post_was_ever_published":false,"_jetpack_newsletter_access":"","_jetpack_dont_email_post_to_subs":false,"_jetpack_newsletter_tier_id":0,"_jetpack_memberships_contains_paywalled_content":false,"_jetpack_memberships_contains_paid_content":false,"footnotes":"","jetpack_publicize_message":"","jetpack_publicize_feature_enabled":true,"jetpack_social_post_already_shared":true,"jetpack_social_options":{"image_generator_settings":{"template":"highway","default_image_id":0,"font":"","enabled":false},"version":2}},"categories":[1],"tags":[35055,213,1008,29302,44,4434,432,108,63001,30436],"class_list":["post-254735","post","type-post","status-publish","format-standard","has-post-thumbnail","hentry","category-genel","tag-bakimevi","tag-bin","tag-cocuk","tag-hak-is-hizmet-is","tag-icin","tag-imza","tag-is","tag-kadin","tag-komitesinden","tag-yerlerinde"],"jetpack_publicize_connections":[],"jetpack_featured_media_url":"https:\/\/i0.wp.com\/www.tvturk.com\/wp-content\/uploads\/2020\/01\/hak-ishizmet-is-kadin-komitesinden-is-yerlerinde-cocuk-bakimevi-icin-50-bin-imza_4567e1b.jpg?fit=1000%2C562","jetpack_sharing_enabled":true,"jetpack_shortlink":"https:\/\/wp.me\/paKIfm-14gD","_links":{"self":[{"href":"http:\/\/www.tvturk.com\/index.php\/wp-json\/wp\/v2\/posts\/254735","targetHints":{"allow":["GET"]}}],"collection":[{"href":"http:\/\/www.tvturk.com\/index.php\/wp-json\/wp\/v2\/posts"}],"about":[{"href":"http:\/\/www.tvturk.com\/index.php\/wp-json\/wp\/v2\/types\/post"}],"author":[{"embeddable":true,"href":"http:\/\/www.tvturk.com\/index.php\/wp-json\/wp\/v2\/users\/1"}],"replies":[{"embeddable":true,"href":"http:\/\/www.tvturk.com\/index.php\/wp-json\/wp\/v2\/comments?post=254735"}],"version-history":[{"count":0,"href":"http:\/\/www.tvturk.com\/index.php\/wp-json\/wp\/v2\/posts\/254735\/revisions"}],"wp:featuredmedia":[{"embeddable":true,"href":"http:\/\/www.tvturk.com\/index.php\/wp-json\/wp\/v2\/media\/254736"}],"wp:attachment":[{"href":"http:\/\/www.tvturk.com\/index.php\/wp-json\/wp\/v2\/media?parent=254735"}],"wp:term":[{"taxonomy":"category","embeddable":true,"href":"http:\/\/www.tvturk.com\/index.php\/wp-json\/wp\/v2\/categories?post=254735"},{"taxonomy":"post_tag","embeddable":true,"href":"http:\/\/www.tvturk.com\/index.php\/wp-json\/wp\/v2\/tags?post=254735"}],"curies":[{"name":"wp","href":"https:\/\/api.w.org\/{rel}","templated":true}]}}