{"id":254775,"date":"2020-01-12T16:31:56","date_gmt":"2020-01-12T13:31:56","guid":{"rendered":"http:\/\/www.tvturk.com\/index.php\/cumhurbaskani-erdoganin-sigara-hassasiyeti-koydeki-vatandaslara-sigarayi-biraktirdi\/"},"modified":"2020-01-12T16:31:56","modified_gmt":"2020-01-12T13:31:56","slug":"cumhurbaskani-erdoganin-sigara-hassasiyeti-koydeki-vatandaslara-sigarayi-biraktirdi","status":"publish","type":"post","link":"http:\/\/www.tvturk.com\/index.php\/cumhurbaskani-erdoganin-sigara-hassasiyeti-koydeki-vatandaslara-sigarayi-biraktirdi\/","title":{"rendered":"Cumhurba\u015fkan\u0131 Erdo\u011fan\u2019\u0131n sigara hassasiyeti k\u00f6ydeki vatanda\u015flara sigaray\u0131 b\u0131rakt\u0131rd\u0131"},"content":{"rendered":"<p>Cumhurba\u015fkan\u0131 Recep Tayyip Erdo\u011fan\u2019\u0131n sigara konusundaki hassasiyeti, Batman\u2019\u0131n Gerc\u00fc\u015f il\u00e7esine ba\u011fl\u0131 Kaynarca k\u00f6y\u00fcndeki vatanda\u015flara topluca sigara b\u0131rakt\u0131rd\u0131.<\/p>\n<p>Cumhurba\u015fkan\u0131 Recep Tayyip Erdo\u011fan\u2019\u0131n sigara konusundaki hassasiyetini bilen Kaynarca k\u00f6y\u00fc sakinleri, b\u00fcy\u00fcklerinin de s\u00f6z\u00fcn\u00fc dinleyerek yakla\u015f\u0131k 6 y\u0131l \u00f6nce toplu olarak sigaray\u0131 b\u0131rakma karar\u0131 ald\u0131. Paketleri ceplerinden \u00e7\u0131kar\u0131p \u00e7\u00f6pe atan vatanda\u015flar, o g\u00fcnden sonra sigaradan uzak durmaya ba\u015flad\u0131.<\/p>\n<p>K\u00f6y muhtar\u0131 H\u00fcseyin \u015eahin, Cumhurba\u015fkan\u0131 Erdo\u011fan\u2019\u0131n sigara konusundaki hassasiyetlerini bildiklerini, b\u00fcy\u00fcklerinin de s\u00f6z\u00fcn\u00fc dinleyerek sigaray\u0131 b\u0131rakma karar\u0131 ald\u0131klar\u0131n\u0131 s\u00f6yledi. Yakla\u015f\u0131k 6 y\u0131ld\u0131r k\u00f6ylerinde sigara i\u00e7ilmedi\u011fini ifade eden \u015eahin, &#8220;Bu k\u00f6yde y\u0131llard\u0131r kimse sigara i\u00e7miyor. Dedelerimiz ve babam eskiden sigara i\u00e7iyorlard\u0131, rahmet etmeden \u00f6nce bize tembih ettiler, sigaran\u0131n hi\u00e7bir faydas\u0131n\u0131n olmad\u0131\u011f\u0131n\u0131 ve \u00e7ok zararl\u0131 bir \u015fey oldu\u011funu s\u00f6ylediler. Cumhurba\u015fkan\u0131 Recep Tayyip Erdo\u011fan\u2019\u0131n da bu konudaki hassasiyetini biliyoruz. Hem b\u00fcy\u00fcklerimizi hem de Cumhurba\u015fkan\u0131m\u0131z\u0131 dinleyerek sigaray\u0131 b\u0131rakt\u0131k. K\u00f6yde 6 senedir sigara i\u00e7ilmiyor. Biz de \u00e7ocuklar\u0131m\u0131za s\u00f6yledik, onlar da sigara i\u00e7miyor&#8221; dedi.<\/p>\n<p>Vatanda\u015flar, sigaran\u0131n sa\u011fl\u0131\u011fa zararl\u0131 oldu\u011funu ve herkesin bu ba\u011f\u0131ml\u0131l\u0131ktan kurtulmas\u0131 gerekti\u011fini dile getirdiler.<\/p>\n","protected":false},"excerpt":{"rendered":"<p>CUMHURBA\u015eKANI RECEP TAYY\u0130P ERDO\u011eAN&#8217;IN S\u0130GARA KONUSUNDAK\u0130 HASSAS\u0130YET\u0130, BATMAN\u2019IN GERC\u00dc\u015e \u0130L\u00c7ES\u0130 KAYNARCA K\u00d6Y\u00dcNDEK\u0130 VATANDA\u015eLARA TOPLUCA S\u0130GARA BIRAKTIRDI.<\/p>\n","protected":false},"author":1,"featured_media":254776,"comment_status":"closed","ping_status":"open","sticky":false,"template":"","format":"standard","meta":{"jetpack_post_was_ever_published":false,"_jetpack_newsletter_access":"","_jetpack_dont_email_post_to_subs":false,"_jetpack_newsletter_tier_id":0,"_jetpack_memberships_contains_paywalled_content":false,"_jetpack_memberships_contains_paid_content":false,"footnotes":"","jetpack_publicize_message":"","jetpack_publicize_feature_enabled":true,"jetpack_social_post_already_shared":true,"jetpack_social_options":{"image_generator_settings":{"template":"highway","default_image_id":0,"font":"","enabled":false},"version":2}},"categories":[1],"tags":[49523,503,504,21009,28541,1070,4076,874],"class_list":["post-254775","post","type-post","status-publish","format-standard","has-post-thumbnail","hentry","category-genel","tag-biraktirdi","tag-cumhurbaskani","tag-erdoganin","tag-hassasiyeti","tag-koydeki","tag-sigara","tag-sigarayi","tag-vatandaslara"],"jetpack_publicize_connections":[],"jetpack_featured_media_url":"https:\/\/i0.wp.com\/www.tvturk.com\/wp-content\/uploads\/2020\/01\/cumhurbaskani-erdoganin-sigara-hassasiyeti-koydeki-vatandaslara-sigarayi-biraktirdi_1a19e9e.jpg?fit=1000%2C561","jetpack_sharing_enabled":true,"jetpack_shortlink":"https:\/\/wp.me\/paKIfm-14hh","_links":{"self":[{"href":"http:\/\/www.tvturk.com\/index.php\/wp-json\/wp\/v2\/posts\/254775","targetHints":{"allow":["GET"]}}],"collection":[{"href":"http:\/\/www.tvturk.com\/index.php\/wp-json\/wp\/v2\/posts"}],"about":[{"href":"http:\/\/www.tvturk.com\/index.php\/wp-json\/wp\/v2\/types\/post"}],"author":[{"embeddable":true,"href":"http:\/\/www.tvturk.com\/index.php\/wp-json\/wp\/v2\/users\/1"}],"replies":[{"embeddable":true,"href":"http:\/\/www.tvturk.com\/index.php\/wp-json\/wp\/v2\/comments?post=254775"}],"version-history":[{"count":0,"href":"http:\/\/www.tvturk.com\/index.php\/wp-json\/wp\/v2\/posts\/254775\/revisions"}],"wp:featuredmedia":[{"embeddable":true,"href":"http:\/\/www.tvturk.com\/index.php\/wp-json\/wp\/v2\/media\/254776"}],"wp:attachment":[{"href":"http:\/\/www.tvturk.com\/index.php\/wp-json\/wp\/v2\/media?parent=254775"}],"wp:term":[{"taxonomy":"category","embeddable":true,"href":"http:\/\/www.tvturk.com\/index.php\/wp-json\/wp\/v2\/categories?post=254775"},{"taxonomy":"post_tag","embeddable":true,"href":"http:\/\/www.tvturk.com\/index.php\/wp-json\/wp\/v2\/tags?post=254775"}],"curies":[{"name":"wp","href":"https:\/\/api.w.org\/{rel}","templated":true}]}}