{"id":254841,"date":"2020-01-13T09:01:25","date_gmt":"2020-01-13T06:01:25","guid":{"rendered":"http:\/\/www.tvturk.com\/index.php\/artvinde-hafta-sonu-atabari-kayak-merkezi-doldu-tasti\/"},"modified":"2020-01-13T09:01:25","modified_gmt":"2020-01-13T06:01:25","slug":"artvinde-hafta-sonu-atabari-kayak-merkezi-doldu-tasti","status":"publish","type":"post","link":"http:\/\/www.tvturk.com\/index.php\/artvinde-hafta-sonu-atabari-kayak-merkezi-doldu-tasti\/","title":{"rendered":"Artvin\u2019de hafta sonu Atabar\u0131 Kayak Merkezi doldu ta\u015ft\u0131"},"content":{"rendered":"<p>Artvin\u2019de kayak severler hafta sonunu f\u0131rsat bilerek Atabar\u0131 Kayak Merkezi\u2019ne ak\u0131n etti.<\/p>\n<p>Artvin \u015fehir merkezine 17 kilometre uzakl\u0131kta 2 bin rak\u0131ml\u0131 Mersivan b\u00f6lgesinde bulunan Atabar\u0131 Kayak Merkezi son g\u00fcnlerde etkili olan kar ya\u011f\u0131\u015f\u0131 ile birlikte beyaza b\u00fcr\u00fcn\u00fcrken, pistte kar kal\u0131nl\u0131\u011f\u0131 50 cm\u2019ye ula\u015ft\u0131. K\u00f6knar ve \u00e7am a\u011fa\u00e7lar\u0131 aras\u0131nda kaliteli kar yap\u0131s\u0131yla toplam uzunlu\u011fu bin 200 metreyi bulan 3 ayr\u0131 pistten olu\u015fan Atabar\u0131 Kayak Merkezi, kayak severlere muhte\u015fem manzara e\u015fli\u011finde kayak yapma imk\u00e2n\u0131 sundu.<\/p>\n<p>Artvin \u00c7oruh \u00dcniversitesi \u00f6\u011frencilerinin yo\u011fun oldu\u011fu kayak merkezinde \u00f6\u011frenciler g\u00f6n\u00fcllerince e\u011flenerek hem kayak yapt\u0131 hem horon oynad\u0131.<\/p>\n<p>Mevsim de\u011fi\u015fikli\u011fi nedeniyle b\u00f6lgeye yeteri kadar kar ya\u011fmamas\u0131 nedeniyle  yakla\u015f\u0131k 2 ay ge\u00e7 a\u00e7\u0131lan kayak merkezinde yeni ya\u011facak karlarla birlikte sezonun nisan ay\u0131n\u0131n ortalar\u0131na kadar a\u00e7\u0131k kalaca\u011f\u0131 \u00f6n g\u00f6r\u00fcl\u00fcyor.<\/p>\n<p>Kayak yapmak i\u00e7in Erzurum\u2019dan geldi\u011fini s\u00f6yleyen kayak\u00e7\u0131 Ali \u0130rfan Kaya, Artvin Atabar\u0131 Kayak Merkezinin k\u0131sa mesafe kayak\u00e7\u0131lar i\u00e7in ideal pist oldu\u011funu belirterek do\u011fan\u0131n i\u00e7eresinde ormanlar\u0131n aras\u0131nda kayak yapman\u0131n olduk\u00e7a keyifli oldu\u011funu s\u00f6yledi.<\/p>\n<p>Artvin \u00c7oruh \u00dcniversitesi \u00f6\u011frencisi Senem Ay ise \u201cGiresunluyum. Artvin \u00c7oruh \u00dcniversitesinde okuyorum. Hafta sonu kayak merkezine kayak yapmaya geldik. Kayak yapmak baya\u011f\u0131 zormu\u015f \u00e7ok d\u00fc\u015f\u00fcp kalkt\u0131k. Arkada\u015flarla horon oynad\u0131k. \u00c7ok e\u011flenceli bir ge\u00e7irdik\u201d derken, Diyarbak\u0131rl\u0131 oldu\u011funu s\u00f6yleyen Medine Demir ise memleketinde \u00e7ok fazla kar ya\u011fmad\u0131\u011f\u0131n\u0131 bu y\u00fczden kara hasret ya\u015fad\u0131klar\u0131n\u0131 ifade ederek Kayak Merkezinde kayak yapman\u0131n ve horon oynaman\u0131n tad\u0131n\u0131 \u00e7\u0131kard\u0131klar\u0131n\u0131 s\u00f6yledi.<\/p>\n<p>Taha Berk T\u00fcys\u00fcz (10), ge\u00e7en y\u0131l kayak kursunda e\u011fitim ald\u0131\u011f\u0131n\u0131 hat\u0131rlatarak &#8220;Profesyonel olarak kayak yapamasam da kendime yetecek \u015fekilde kayabiliyorum. Atabar\u0131 kayak merkezi ger\u00e7ekten \u00e7ok g\u00fczel. Acemi ve profesyonel kayak\u00e7\u0131lar\u0131n kayabilece\u011fi pistleri var. Herkesi buraya davet ediyorum\u201d dedi.<\/p>\n<p>Turizm Organizasyon \u015firketleri ad\u0131na konu\u015fan turizmci Mustafa \u015ei\u015fman, Artvin \u00c7oruh \u00dcniversitesi \u00f6\u011frencilerine y\u00f6nelik bir etkinlik d\u00fczenlediklerini s\u00f6yledi.<\/p>\n<p>Kayam merkezine gelen Artvin \u00c7oruh \u00dcniversitesi \u00d6\u011fretim G\u00f6revlisi Fikri \u00d6zkan ise iklim de\u011fi\u015fikli\u011fine dikkat \u00e7ekerek bu y\u0131l kayak sezonunun ge\u00e7 a\u00e7\u0131ld\u0131\u011f\u0131n\u0131 s\u00f6yledi. \u00d6zkan \u201dSon 3 y\u0131ld\u0131r kayak merkezimiz normal sezonundan birka\u00e7 ay ge\u00e7 a\u00e7\u0131l\u0131yor. Kar \u00f6nceki gibi \u00e7ok ya\u011fm\u0131yor. Ya\u011fan kar art\u0131k bu saatten sonra erimeyece\u011fi i\u00e7in sezonunun kapan\u0131\u015f\u0131 da Nisan ay\u0131 ortalar\u0131na kadar devam eder\u201d ifadelerini kulland\u0131.<\/p>\n","protected":false},"excerpt":{"rendered":"<p>ARTV\u0130N\u2019DE KAYAK SEVERLER HAFTA SONUNU FIRSAT B\u0130LEREK ATABARI KAYAK MERKEZ\u0130NE AKIN ETT\u0130. ARTV\u0130N \u015eEH\u0130R MERKEZ\u0130NE 17 K\u0130LOMETRE UZAKLIKTA 2 B\u0130N RAKIMLI MERS\u0130VAN B\u00d6LGES\u0130NDE BULUNAN ATABARI KAYAK MERKEZ\u0130 KAYAK SEZONUN BA\u015eLAMASIYLA B\u0130RL\u0130KTE DOLDU TA\u015eTI.<\/p>\n","protected":false},"author":1,"featured_media":254842,"comment_status":"closed","ping_status":"open","sticky":false,"template":"","format":"standard","meta":{"jetpack_post_was_ever_published":false,"_jetpack_newsletter_access":"","_jetpack_dont_email_post_to_subs":false,"_jetpack_newsletter_tier_id":0,"_jetpack_memberships_contains_paywalled_content":false,"_jetpack_memberships_contains_paid_content":false,"footnotes":"","jetpack_publicize_message":"","jetpack_publicize_feature_enabled":true,"jetpack_social_post_already_shared":true,"jetpack_social_options":{"image_generator_settings":{"template":"highway","default_image_id":0,"font":"","enabled":false},"version":2}},"categories":[1],"tags":[20020,27873,7688,1178,728,295,3535,4666],"class_list":["post-254841","post","type-post","status-publish","format-standard","has-post-thumbnail","hentry","category-genel","tag-artvinde","tag-atabari","tag-doldu","tag-hafta","tag-kayak","tag-merkezi","tag-sonu","tag-tasti"],"jetpack_publicize_connections":[],"jetpack_featured_media_url":"https:\/\/i0.wp.com\/www.tvturk.com\/wp-content\/uploads\/2020\/01\/artvinde-hafta-sonu-atabari-kayak-merkezi-doldu-tasti_ab4cbed.jpg?fit=1000%2C666","jetpack_sharing_enabled":true,"jetpack_shortlink":"https:\/\/wp.me\/paKIfm-14il","_links":{"self":[{"href":"http:\/\/www.tvturk.com\/index.php\/wp-json\/wp\/v2\/posts\/254841","targetHints":{"allow":["GET"]}}],"collection":[{"href":"http:\/\/www.tvturk.com\/index.php\/wp-json\/wp\/v2\/posts"}],"about":[{"href":"http:\/\/www.tvturk.com\/index.php\/wp-json\/wp\/v2\/types\/post"}],"author":[{"embeddable":true,"href":"http:\/\/www.tvturk.com\/index.php\/wp-json\/wp\/v2\/users\/1"}],"replies":[{"embeddable":true,"href":"http:\/\/www.tvturk.com\/index.php\/wp-json\/wp\/v2\/comments?post=254841"}],"version-history":[{"count":0,"href":"http:\/\/www.tvturk.com\/index.php\/wp-json\/wp\/v2\/posts\/254841\/revisions"}],"wp:featuredmedia":[{"embeddable":true,"href":"http:\/\/www.tvturk.com\/index.php\/wp-json\/wp\/v2\/media\/254842"}],"wp:attachment":[{"href":"http:\/\/www.tvturk.com\/index.php\/wp-json\/wp\/v2\/media?parent=254841"}],"wp:term":[{"taxonomy":"category","embeddable":true,"href":"http:\/\/www.tvturk.com\/index.php\/wp-json\/wp\/v2\/categories?post=254841"},{"taxonomy":"post_tag","embeddable":true,"href":"http:\/\/www.tvturk.com\/index.php\/wp-json\/wp\/v2\/tags?post=254841"}],"curies":[{"name":"wp","href":"https:\/\/api.w.org\/{rel}","templated":true}]}}