{"id":254869,"date":"2020-01-13T09:46:22","date_gmt":"2020-01-13T06:46:22","guid":{"rendered":"http:\/\/www.tvturk.com\/index.php\/alman-belediye-baskanindan-ditib-camisine-gecmis-olsun-ziyareti\/"},"modified":"2020-01-13T09:46:22","modified_gmt":"2020-01-13T06:46:22","slug":"alman-belediye-baskanindan-ditib-camisine-gecmis-olsun-ziyareti","status":"publish","type":"post","link":"http:\/\/www.tvturk.com\/index.php\/alman-belediye-baskanindan-ditib-camisine-gecmis-olsun-ziyareti\/","title":{"rendered":"Alman belediye ba\u015fkan\u0131ndan D\u0130T\u0130B Camisi\u2019ne ge\u00e7mi\u015f olsun ziyareti"},"content":{"rendered":"<p>Almanya\u2019n\u0131n A\u015fa\u011f\u0131 Saksonya eyaletinin Northeim kasabas\u0131 Belediye Ba\u015fkan\u0131 Simon Hartmann, mezarl\u0131klar\u0131n tahrip edilmesi nedeniyle D\u0130T\u0130B\u2019e ba\u011fl\u0131 Northeim Camii\u2019nde M\u00fcsl\u00fcmanlar\u0131 ziyaret edip ge\u00e7mi\u015f olsun dile\u011finde bulundu.<\/p>\n<p>Almanya\u2019daki A\u015fa\u011f\u0131 Saksonya eyaletinde yer alan Northeim kasabas\u0131 Belediye Ba\u015fkan\u0131 Simon Hartmann ge\u00e7ti\u011fimiz \u00e7ar\u015famba g\u00fcn\u00fc M\u00fcsl\u00fcmanlara ait mezarl\u0131klar\u0131n ikinci kez tahrip edilmesi \u00fczerine M\u00fcsl\u00fcmanlar\u0131 camide ziyaret edip ge\u00e7mi\u015f olsun dile\u011finde bulundu.<\/p>\n<p>Diyanet \u0130\u015fleri T\u00fcrk \u0130slam Birli\u011fine (D\u0130T\u0130B) ba\u011fl\u0131 Northeim Camisi\u2019ni ziyaret eden Hartmann, yap\u0131lan sald\u0131r\u0131dan duydu\u011fu \u00fcz\u00fcnt\u00fcy\u00fc dile getirerek, \u201cSald\u0131r\u0131y\u0131 k\u0131n\u0131yorum. Kabul edilebilecek bir olay de\u011fil&#8221; dedi. Sald\u0131r\u0131n\u0131n sorumlular\u0131n\u0131n bulunmas\u0131n\u0131 istedi\u011fini belirten Hartman, M\u00fcsl\u00fcmanlar\u0131n \u00fcz\u00fcnt\u00fcs\u00fcn\u00fc payla\u015ft\u0131klar\u0131n\u0131 ve yanlar\u0131nda olduklar\u0131n\u0131 ifade etti. Belediye Ba\u015fkan\u0131 M\u00fcsl\u00fcmanlara ait zarar g\u00f6ren mezarl\u0131klar\u0131n onar\u0131m ve temizli\u011fini yapt\u0131r\u0131ld\u0131\u011f\u0131n\u0131 belirtti.<\/p>\n<p>Northeim Camii din g\u00f6revlisi Zeki \u0130riz, Belediye Ba\u015fkan\u0131 Hartmann ve beraberindeki heyetin ziyaretinden memnuniyet  duyduklar\u0131n\u0131 dile getirerek, benzer olaylar\u0131n ya\u015fanmamas\u0131n\u0131 temenni etti. Ziyarette ayr\u0131ca Northeim ve \u00c7evresi Kiliseler ve Din \u0130\u015fleri Sorumlusu Jan von Lingen, Belediye Meclisi \u00dcyesi ve Northeim Mezarl\u0131klardan Sorumlu Hans Harrer de haz\u0131r bulundu.<\/p>\n<p>\u00c7ar\u015famba g\u00fcn\u00fc sabah saatlerinde M\u00fcsl\u00fcmanlara ayr\u0131lan b\u00f6l\u00fcmdeki 13 mezar tahrip edilmi\u015f, faili ya da failleri bilinmeyen sald\u0131r\u0131 sonucu maddi hasar meydana gelmi\u015fti.<\/p>\n<p>Kas\u0131m 2018 y\u0131l\u0131nda ise M\u00fcsl\u00fcmanlara ait 12 mezar ta\u015f\u0131na gamal\u0131 ha\u00e7 \u00e7izilmi\u015fti.<\/p>\n","protected":false},"excerpt":{"rendered":"<p>ALMANYA&#8217;NIN A\u015eA\u011eI SAKSONYA EYALET\u0130N\u0130N NORTHE\u0130M KASABASI BELED\u0130YE BA\u015eKANI S\u0130MON HARTMANN, MEZARLIKLARIN TAHR\u0130P ED\u0130LMES\u0130 NEDEN\u0130YLE D\u0130T\u0130B&#8217;E BA\u011eLI NORTHE\u0130M CAM\u0130\u0130&#8217;NDE M\u00dcSL\u00dcMANLARI Z\u0130YARET ED\u0130P GE\u00c7M\u0130\u015e OLSUN D\u0130LE\u011e\u0130NDE BULUNDU.<\/p>\n","protected":false},"author":1,"featured_media":254870,"comment_status":"closed","ping_status":"open","sticky":false,"template":"","format":"standard","meta":{"jetpack_post_was_ever_published":false,"_jetpack_newsletter_access":"","_jetpack_dont_email_post_to_subs":false,"_jetpack_newsletter_tier_id":0,"_jetpack_memberships_contains_paywalled_content":false,"_jetpack_memberships_contains_paid_content":false,"footnotes":"","jetpack_publicize_message":"","jetpack_publicize_feature_enabled":true,"jetpack_social_post_already_shared":true,"jetpack_social_options":{"image_generator_settings":{"template":"highway","default_image_id":0,"font":"","enabled":false},"version":2}},"categories":[10],"tags":[12745,2536,3428,134,19877,45861,6245,1730],"class_list":["post-254869","post","type-post","status-publish","format-standard","has-post-thumbnail","hentry","category-dunya","tag-gecmis","tag-alman","tag-baskanindan","tag-belediye","tag-camisine","tag-ditib","tag-olsun","tag-ziyareti"],"jetpack_publicize_connections":[],"jetpack_featured_media_url":"https:\/\/i0.wp.com\/www.tvturk.com\/wp-content\/uploads\/2020\/01\/alman-belediye-baskanindan-ditib-camisine-gecmis-olsun-ziyareti_0b002bc.jpg?fit=960%2C720","jetpack_sharing_enabled":true,"jetpack_shortlink":"https:\/\/wp.me\/paKIfm-14iN","_links":{"self":[{"href":"http:\/\/www.tvturk.com\/index.php\/wp-json\/wp\/v2\/posts\/254869","targetHints":{"allow":["GET"]}}],"collection":[{"href":"http:\/\/www.tvturk.com\/index.php\/wp-json\/wp\/v2\/posts"}],"about":[{"href":"http:\/\/www.tvturk.com\/index.php\/wp-json\/wp\/v2\/types\/post"}],"author":[{"embeddable":true,"href":"http:\/\/www.tvturk.com\/index.php\/wp-json\/wp\/v2\/users\/1"}],"replies":[{"embeddable":true,"href":"http:\/\/www.tvturk.com\/index.php\/wp-json\/wp\/v2\/comments?post=254869"}],"version-history":[{"count":0,"href":"http:\/\/www.tvturk.com\/index.php\/wp-json\/wp\/v2\/posts\/254869\/revisions"}],"wp:featuredmedia":[{"embeddable":true,"href":"http:\/\/www.tvturk.com\/index.php\/wp-json\/wp\/v2\/media\/254870"}],"wp:attachment":[{"href":"http:\/\/www.tvturk.com\/index.php\/wp-json\/wp\/v2\/media?parent=254869"}],"wp:term":[{"taxonomy":"category","embeddable":true,"href":"http:\/\/www.tvturk.com\/index.php\/wp-json\/wp\/v2\/categories?post=254869"},{"taxonomy":"post_tag","embeddable":true,"href":"http:\/\/www.tvturk.com\/index.php\/wp-json\/wp\/v2\/tags?post=254869"}],"curies":[{"name":"wp","href":"https:\/\/api.w.org\/{rel}","templated":true}]}}