{"id":254917,"date":"2020-01-13T10:46:43","date_gmt":"2020-01-13T07:46:43","guid":{"rendered":"http:\/\/www.tvturk.com\/index.php\/ozel-aile-boyu-savunma\/"},"modified":"2020-01-13T10:46:43","modified_gmt":"2020-01-13T07:46:43","slug":"ozel-aile-boyu-savunma","status":"publish","type":"post","link":"http:\/\/www.tvturk.com\/index.php\/ozel-aile-boyu-savunma\/","title":{"rendered":"(\u00d6zel) Aile boyu savunma"},"content":{"rendered":"<p>Manisa\u2019da, Wushu antren\u00f6r\u00fc babalar\u0131n\u0131n yan\u0131nda y\u00fcr\u00fcmeden \u00f6nce yumruk atmay\u0131 \u00f6\u011frenen 4 karde\u015f, ba\u015far\u0131dan ba\u015far\u0131ya ko\u015fuyor. Y\u00fckseldikleri milli tak\u0131mda, Balkan \u015eampiyonas\u0131\u2019na damga vuran karde\u015fler g\u00f6z\u00fcn\u00fc diktikleri Avrupa \u015eampiyonlu\u011fu hedefleri do\u011frultusunda \u00e7al\u0131\u015fmalar\u0131n\u0131 aral\u0131ks\u0131z s\u00fcrd\u00fcr\u00fcyor.<\/p>\n<p>Manisa\u2019da fabrika i\u015f\u00e7isi annenin i\u015f yo\u011funlu\u011fundan dolay\u0131, Manisa Gen\u00e7lik \u0130l Spor M\u00fcd\u00fcrl\u00fc\u011f\u00fcnde g\u00f6revli Wushu antren\u00f6r\u00fc babalar\u0131 Yusuf \u00c7etinkaya\u2019n\u0131n daha \u00e7ok ilgilendi\u011fi ve adeta spor salonunda b\u00fcy\u00fcyen 4 karde\u015fin ba\u015far\u0131 hikayesi g\u00f6z dolduruyor. Y\u00fcr\u00fcmeden \u00f6nce yumruk atmay\u0131 \u00f6\u011frenen Afra Bet\u00fcl (15), Talha (12), Ali (10) ve \u00d6mer (6) \u00c7etinkaya karde\u015fler ba\u015far\u0131dan ba\u015far\u0131ya ko\u015fuyor. Haftan\u0131n 6 g\u00fcn\u00fc azimli \u00e7al\u0131\u015fmalar\u0131 sonras\u0131 2018-2019 T\u00fcrkiye \u015eampiyonas\u0131\u2019nda dereceler elde eden \u00c7etinkaya karde\u015fler, Wushu Milli Tak\u0131m\u0131na kadar y\u00fckseldi. Balkan \u015eampiyonas\u0131\u2019na kat\u0131lan karde\u015flerden Afra Bet\u00fcl ve Talha Balkan \u015eampiyonu olurken, Ali ise Balkan ikincili\u011fi elde etti. 6 ya\u015f\u0131ndaki \u00d6mer ise 4 kez Ege B\u00f6lge \u015eampiyonu oldu.<\/p>\n<p>Y\u00fckseldikleri milli tak\u0131mda, Balkan \u015eampiyonas\u0131\u2019na damga vuran karde\u015fler g\u00f6z\u00fcn\u00fc Avrupa \u015eampiyonas\u0131na dikti. \u00c7etinkaya karde\u015fler, hedefleri do\u011frultusunda hem babalar\u0131 hem de hocalar\u0131 Wushu antren\u00f6r\u00fc Yusuf \u00c7etinkaya e\u015fli\u011finde \u00e7al\u0131\u015fmalar\u0131n\u0131 aral\u0131ks\u0131z s\u00fcrd\u00fcr\u00fcyor.<\/p>\n<p>150 \u00f6\u011frencisi ile aile ortam\u0131 kurdu\u011funu ve hi\u00e7birini ay\u0131rt etmedi\u011fini kaydeden Manisa Gen\u00e7lik \u0130l Spor M\u00fcd\u00fcrl\u00fc\u011f\u00fc\u2019nde g\u00f6revli Wushu antren\u00f6r\u00fc Yusuf \u00c7etinkaya, \u201cAnnelerinin \u00e7al\u0131\u015f\u0131yor olmas\u0131 \u00e7ocuklar\u0131n\u0131n ba\u015far\u0131s\u0131 \u00fczerindeki en b\u00fcy\u00fck katk\u0131 diyebilirim. \u00c7\u00fcnk\u00fc \u00e7ocuklar b\u00fct\u00fcn zamanlar\u0131n\u0131 okuldan \u00e7\u0131kt\u0131ktan sonra spor salonunda ge\u00e7irmek zorundalar. Hatta b\u00fct\u00fcn \u00e7ocuklar\u0131m ilk ad\u0131mlar\u0131n\u0131 spor salonlar\u0131nda att\u0131lar. Tabii ki her zorlu\u011fun bir kolayl\u0131\u011f\u0131 var. Zahmetin tabii ki de meyveleri var. \u00c7ocuklar\u0131m \u00e7o\u011fu zaman spor salonunda uyudular, kar\u0131nlar\u0131n\u0131 spor salonunda doyurdular. Bu zahmetin i\u00e7erisinde milli tak\u0131ma kadar y\u00fckseldiler. Ba\u015far\u0131 elde ettiler. Bu da bizim i\u00e7in gurur verici. Bizim yakla\u015f\u0131k 150 \u00f6\u011frencimizle birlikte geni\u015f bir ailemiz var. \u00d6\u011frencilerimizin aileleriyle olan diyalo\u011fumuz \u00e7ok m\u00fckemmel. Salonda hi\u00e7bir \u015fekilde \u00f6\u011frenci ayr\u0131m\u0131 yap\u0131lmaz. Salona girdi\u011fimizde en b\u00fcy\u00fck zahmeti benim \u00e7ocuklar\u0131m \u00e7eker. En k\u00f6t\u00fc \u00e7al\u0131\u015fan benim \u00e7ocuklar\u0131md\u0131r. B\u00fct\u00fcn \u00e7ocuklar salonda e\u015fittir. \u00c7ocuklar\u0131m b\u00f6lge \u015fampiyonalar\u0131nda derece ald\u0131lar. Daha sonra T\u00fcrkiye \u015fampiyonalar\u0131nda birincilik ve ikincilik dereceleri ald\u0131lar. Ge\u00e7ti\u011fimiz 19 \u00fclkenin kat\u0131ld\u0131\u011f\u0131 Balkan \u015eampiyonas\u0131\u2019nda 2 \u00e7ocu\u011fum \u015fampiyon oldu, 1\u2019i Balkan ikincili\u011fi kazand\u0131. \u00d6n\u00fcm\u00fczdeki Avrupa \u015eampiyonas\u0131 se\u00e7meleri niteli\u011finde T\u00fcrkiye \u015fampiyonas\u0131na haz\u0131rlan\u0131yoruz. Oradan in\u015fallah Avrupa\u2019ya gitmeyi hedefliyoruz\u201d diye konu\u015ftu.<\/p>\n<p>Milli tak\u0131m sporcusu Manisa Lisesi \u00f6\u011frencisi Afra Bet\u00fcl \u00c7etinkaya, ilk ad\u0131mlar\u0131n\u0131 spor salonlar\u0131nda att\u0131\u011f\u0131n\u0131 s\u00f6yledi. \u00c7etinkaya, \u201cAnnemin i\u015finden dolay\u0131 s\u00fcrekli babam\u0131n yan\u0131ndayd\u0131m. \u0130lk ad\u0131mlar\u0131m\u0131 spor salonunda att\u0131m diyebilirim. \u00d6nce T\u00fcrkiye \u015fampiyonu daha sonra Balkan \u015fampiyonu oldum. Annem \u00e7al\u0131\u015ft\u0131\u011f\u0131ndan dolay\u0131 babam\u0131n yan\u0131nda olmak zorundayd\u0131m. Sporu da yapt\u0131k\u00e7a sevmeye ba\u015flad\u0131m. Ba\u015far\u0131l\u0131 olmaya ba\u015flad\u0131m. \u015eimdi ki hedefim Avrupa \u015fampiyonlu\u011fu ard\u0131ndan ise d\u00fcnya \u015fampiyonlu\u011fu\u201d diye konu\u015ftu.<\/p>\n<p>Ailenin en k\u00fc\u00e7\u00fc\u011f\u00fc 6 ya\u015f\u0131ndaki \u00d6mer \u00c7etinkaya ise \u201cSpor salonunda hocam diyorum. Evde baba diyorum. Sporda \u00e7ok g\u00fczel \u015feyler yap\u0131yorum. Yusuf hocama \u00e7ok te\u015fekk\u00fcr ediyorum\u201d dedi.<\/p>\n<p>Babas\u0131n\u0131n kesinlikle kendilerine hi\u00e7bir \u015fekilde ayr\u0131cal\u0131k tan\u0131mad\u0131\u011f\u0131n\u0131 ve en \u00e7ok kendilerini \u00e7al\u0131\u015ft\u0131rd\u0131\u011f\u0131n\u0131 ifade eden Ali \u00c7etinkaya da \u201cBabam diye bize ayr\u0131mc\u0131l\u0131k yapm\u0131yor. Bizi \u00e7ok \u00e7al\u0131\u015ft\u0131r\u0131yor. Haftan\u0131n 6 g\u00fcn\u00fc antrenman yap\u0131yoruz. \u00c7abalar\u0131m\u0131z\u0131n sonucunda da \u015fampiyonluk kazan\u0131yoruz. \u015eu an milli sporcuyum. Hedefim d\u00fcnya \u015fampiyonu olmak\u201d diye konu\u015ftu.<\/p>\n<p>Wushu\u2019nun hayatlar\u0131n\u0131n bir par\u00e7as\u0131 haline geldi\u011fini kaydeden Talha \u00c7etinkaya da \u015funlar\u0131 s\u00f6yledi:<\/p>\n<p>&#8220;Wushu sporunu yap\u0131yorum. Wushu art\u0131k hayat felsefemiz oldu. Wushu ile yat\u0131p wushu ile kalk\u0131yoruz. Milli tak\u0131ma kadar y\u00fckseldim balkan \u015fampiyonluklar\u0131m var. Karde\u015flerimle birlikte haftan\u0131n 6 g\u00fcn\u00fc zorlu antrenmanlar yap\u0131yoruz. \u0130n\u015fallah Avrupa ve D\u00fcnya \u015fampiyonluklar\u0131m\u0131z da olacak.\u201d<\/p>\n","protected":false},"excerpt":{"rendered":"<p>MAN\u0130SA\u2019DA, WUSHU ANTREN\u00d6R\u00dc BABALARININ YANINDA Y\u00dcR\u00dcMEDEN \u00d6NCE YUMRUK ATMAYI \u00d6\u011eRENEN 4 KARDE\u015e, BA\u015eARIDAN BA\u015eARIYA KO\u015eUYOR. Y\u00dcR\u00dcMEDEN \u00d6NCE YUMRUK ATMAYI \u00d6\u011eRENEN AFRA BET\u00dcL (EN SA\u011eDA), TALHA (SA\u011eDAN \u0130K\u0130NC\u0130S), AL\u0130 (EN SOLDA) \u00d6MER (SOLDAN \u0130K\u0130NC\u0130) \u00c7ET\u0130NKAYA KARDE\u015eLER BABALARI WUSHU ANTREN\u00d6R\u00dc YUSUF \u00c7ET\u0130NKAYA (ORTADA) \u00c7ALI\u015eMALARINI ARALIKSIZ S\u00dcRD\u00dcR\u00dcYOR.<\/p>\n","protected":false},"author":1,"featured_media":254918,"comment_status":"closed","ping_status":"open","sticky":false,"template":"","format":"standard","meta":{"jetpack_post_was_ever_published":false,"_jetpack_newsletter_access":"","_jetpack_dont_email_post_to_subs":false,"_jetpack_newsletter_tier_id":0,"_jetpack_memberships_contains_paywalled_content":false,"_jetpack_memberships_contains_paid_content":false,"footnotes":"","jetpack_publicize_message":"","jetpack_publicize_feature_enabled":true,"jetpack_social_post_already_shared":true,"jetpack_social_options":{"image_generator_settings":{"template":"highway","default_image_id":0,"font":"","enabled":false},"version":2}},"categories":[1],"tags":[1073,3014,7107,33],"class_list":["post-254917","post","type-post","status-publish","format-standard","has-post-thumbnail","hentry","category-genel","tag-ozel","tag-aile","tag-boyu","tag-savunma"],"jetpack_publicize_connections":[],"jetpack_featured_media_url":"https:\/\/i0.wp.com\/www.tvturk.com\/wp-content\/uploads\/2020\/01\/ozel-aile-boyu-savunma_8a4a869.jpg?fit=1000%2C688","jetpack_sharing_enabled":true,"jetpack_shortlink":"https:\/\/wp.me\/paKIfm-14jz","_links":{"self":[{"href":"http:\/\/www.tvturk.com\/index.php\/wp-json\/wp\/v2\/posts\/254917","targetHints":{"allow":["GET"]}}],"collection":[{"href":"http:\/\/www.tvturk.com\/index.php\/wp-json\/wp\/v2\/posts"}],"about":[{"href":"http:\/\/www.tvturk.com\/index.php\/wp-json\/wp\/v2\/types\/post"}],"author":[{"embeddable":true,"href":"http:\/\/www.tvturk.com\/index.php\/wp-json\/wp\/v2\/users\/1"}],"replies":[{"embeddable":true,"href":"http:\/\/www.tvturk.com\/index.php\/wp-json\/wp\/v2\/comments?post=254917"}],"version-history":[{"count":0,"href":"http:\/\/www.tvturk.com\/index.php\/wp-json\/wp\/v2\/posts\/254917\/revisions"}],"wp:featuredmedia":[{"embeddable":true,"href":"http:\/\/www.tvturk.com\/index.php\/wp-json\/wp\/v2\/media\/254918"}],"wp:attachment":[{"href":"http:\/\/www.tvturk.com\/index.php\/wp-json\/wp\/v2\/media?parent=254917"}],"wp:term":[{"taxonomy":"category","embeddable":true,"href":"http:\/\/www.tvturk.com\/index.php\/wp-json\/wp\/v2\/categories?post=254917"},{"taxonomy":"post_tag","embeddable":true,"href":"http:\/\/www.tvturk.com\/index.php\/wp-json\/wp\/v2\/tags?post=254917"}],"curies":[{"name":"wp","href":"https:\/\/api.w.org\/{rel}","templated":true}]}}