{"id":255071,"date":"2020-01-13T14:46:45","date_gmt":"2020-01-13T11:46:45","guid":{"rendered":"http:\/\/www.tvturk.com\/index.php\/cumhurbaskani-erdogan-ile-gorusen-gorme-engelli-ogrenciler-o-anlari-anlatti\/"},"modified":"2020-01-13T14:46:45","modified_gmt":"2020-01-13T11:46:45","slug":"cumhurbaskani-erdogan-ile-gorusen-gorme-engelli-ogrenciler-o-anlari-anlatti","status":"publish","type":"post","link":"http:\/\/www.tvturk.com\/index.php\/cumhurbaskani-erdogan-ile-gorusen-gorme-engelli-ogrenciler-o-anlari-anlatti\/","title":{"rendered":"Cumhurba\u015fkan\u0131 Erdo\u011fan ile g\u00f6r\u00fc\u015fen g\u00f6rme engelli \u00f6\u011frenciler o anlar\u0131 anlatt\u0131"},"content":{"rendered":"<p>Cumhurba\u015fkan\u0131 Recep Tayyip Erdo\u011fan\u2019a Braille alfabesi ile mektup yazarak g\u00f6r\u00fc\u015fme isteklerini ileten ve Cumhurba\u015fkanl\u0131\u011f\u0131 K\u00fclliyesi\u2019nde misafir edilen \u00c7orlulu \u00f6\u011frenciler ya\u015fad\u0131klar\u0131n\u0131 ve kendilerini k\u00fclliyeye g\u00f6t\u00fcren s\u00fcreci anlatt\u0131lar.<\/p>\n<p>\u00c7orlu Ticaret ve Sanayi Odas\u0131 \u0130lkokulu\u2019na okul m\u00fcd\u00fcr\u00fc Murat Kocaba\u015f ve m\u00fcd\u00fcr yard\u0131mc\u0131s\u0131 Elif P\u0131nar Aslaner\u2019in gayretleri ile kazand\u0131r\u0131lan g\u00f6rme engelliler s\u0131n\u0131f\u0131nda \u00f6\u011fretmen Fahriye Kayg\u0131n\u2019dan e\u011fitim alan g\u00f6rme engelli \u00f6\u011frenciler Yi\u011fit \u00d6mer \u00c7etin, Taha \u00c7ak\u0131r, Zehra \u00c7amc\u0131 ve Emine Akg\u00fcn Cumhurba\u015fkan\u0131 Recep Tayyip Erdo\u011fan ile olan g\u00f6r\u00fc\u015fmelerini anlatt\u0131.<\/p>\n<p>\u00c7ocuklardan Zehra \u00c7amc\u0131 son derece ilgiyle kar\u015f\u0131land\u0131klar\u0131n\u0131 ve mutlu olduklar\u0131n\u0131 ifade ederek Cumhurba\u015fkan\u0131 Erdo\u011fan\u2019\u0131n kendilerine g\u00f6rme engelliler i\u00e7in \u00f6zel olarak haz\u0131rlanan saatten hediye etti\u011fini s\u00f6yledi.<\/p>\n<p>\u00d6\u011frencilerin Cumhurba\u015fkan\u0131 Recep Tayyip Erdo\u011fan ile g\u00f6r\u00fc\u015fmelerinde yanlar\u0131nda olan okul m\u00fcd\u00fcr yard\u0131mc\u0131s\u0131 Elif P\u0131nar Aslaner de kendilerini Cumhurba\u015fkanl\u0131\u011f\u0131 K\u00fclliyesi\u2019ne g\u00f6t\u00fcren s\u00fcreci anlatt\u0131.<\/p>\n<p>G\u00f6rme engelli \u00f6\u011frencilerden Zehra \u00c7amc\u0131 taraf\u0131ndan Braille alfabesi ile yaz\u0131lan mektupta, \u201cSay\u0131n Cumhurba\u015fkan\u0131m\u0131z ben ve arkada\u015flar\u0131m sizi \u00e7ok seviyoruz. Siz bizim kahraman\u0131m\u0131zs\u0131n\u0131z. T\u00fcrk ulusu sizin \u00f6nderli\u011finizde \u00e7ok daha ayd\u0131nl\u0131k g\u00fcnler g\u00f6recek. En b\u00fcy\u00fck arzum arkada\u015flar\u0131mla yan\u0131n\u0131za gelerek ellerinizden \u00f6pmek. Allah size, sa\u011fl\u0131k ve uzun \u00f6m\u00fcrler versin\u201d ibarelerine yer verilmi\u015fti.<\/p>\n","protected":false},"excerpt":{"rendered":"<p>CUMHURBA\u015eKANI RECEP TAYY\u0130P ERDO\u011eAN\u2019A BRA\u0130LLE ALFABES\u0130 \u0130LE MEKTUP YAZARAK G\u00d6R\u00dc\u015eME \u0130STEKLER\u0130N\u0130 \u0130LETEN VE CUMHURBA\u015eKANLI\u011eI K\u00dcLL\u0130YES\u0130\u2019NDE M\u0130SAF\u0130R ED\u0130LEN \u00c7ORLULU \u00d6\u011eRENC\u0130LER YA\u015eADIKLARINI VE KEND\u0130LER\u0130N\u0130 K\u00dcLL\u0130YEYE G\u00d6T\u00dcREN S\u00dcREC\u0130 ANLATTILAR.<\/p>\n","protected":false},"author":1,"featured_media":255072,"comment_status":"closed","ping_status":"open","sticky":false,"template":"","format":"standard","meta":{"jetpack_post_was_ever_published":false,"_jetpack_newsletter_access":"","_jetpack_dont_email_post_to_subs":false,"_jetpack_newsletter_tier_id":0,"_jetpack_memberships_contains_paywalled_content":false,"_jetpack_memberships_contains_paid_content":false,"footnotes":"","jetpack_publicize_message":"","jetpack_publicize_feature_enabled":true,"jetpack_social_post_already_shared":true,"jetpack_social_options":{"image_generator_settings":{"template":"highway","default_image_id":0,"font":"","enabled":false},"version":2}},"categories":[1],"tags":[10060,356,503,1784,649,8240,39915,192,1293],"class_list":["post-255071","post","type-post","status-publish","format-standard","has-post-thumbnail","hentry","category-genel","tag-anlari","tag-anlatti","tag-cumhurbaskani","tag-engelli","tag-erdogan","tag-gorme","tag-gorusen","tag-ile","tag-ogrenciler"],"jetpack_publicize_connections":[],"jetpack_featured_media_url":"https:\/\/i0.wp.com\/www.tvturk.com\/wp-content\/uploads\/2020\/01\/cumhurbaskani-erdogan-ile-gorusen-gorme-engelli-ogrenciler-o-anlari-anlatti_8eb3105.jpg?fit=1000%2C562","jetpack_sharing_enabled":true,"jetpack_shortlink":"https:\/\/wp.me\/paKIfm-14m3","_links":{"self":[{"href":"http:\/\/www.tvturk.com\/index.php\/wp-json\/wp\/v2\/posts\/255071","targetHints":{"allow":["GET"]}}],"collection":[{"href":"http:\/\/www.tvturk.com\/index.php\/wp-json\/wp\/v2\/posts"}],"about":[{"href":"http:\/\/www.tvturk.com\/index.php\/wp-json\/wp\/v2\/types\/post"}],"author":[{"embeddable":true,"href":"http:\/\/www.tvturk.com\/index.php\/wp-json\/wp\/v2\/users\/1"}],"replies":[{"embeddable":true,"href":"http:\/\/www.tvturk.com\/index.php\/wp-json\/wp\/v2\/comments?post=255071"}],"version-history":[{"count":0,"href":"http:\/\/www.tvturk.com\/index.php\/wp-json\/wp\/v2\/posts\/255071\/revisions"}],"wp:featuredmedia":[{"embeddable":true,"href":"http:\/\/www.tvturk.com\/index.php\/wp-json\/wp\/v2\/media\/255072"}],"wp:attachment":[{"href":"http:\/\/www.tvturk.com\/index.php\/wp-json\/wp\/v2\/media?parent=255071"}],"wp:term":[{"taxonomy":"category","embeddable":true,"href":"http:\/\/www.tvturk.com\/index.php\/wp-json\/wp\/v2\/categories?post=255071"},{"taxonomy":"post_tag","embeddable":true,"href":"http:\/\/www.tvturk.com\/index.php\/wp-json\/wp\/v2\/tags?post=255071"}],"curies":[{"name":"wp","href":"https:\/\/api.w.org\/{rel}","templated":true}]}}