{"id":255087,"date":"2020-01-13T15:02:35","date_gmt":"2020-01-13T12:02:35","guid":{"rendered":"http:\/\/www.tvturk.com\/index.php\/yarali-karacayi-iki-saat-omuzunda-tasidi\/"},"modified":"2020-01-13T15:02:35","modified_gmt":"2020-01-13T12:02:35","slug":"yarali-karacayi-iki-saat-omuzunda-tasidi","status":"publish","type":"post","link":"http:\/\/www.tvturk.com\/index.php\/yarali-karacayi-iki-saat-omuzunda-tasidi\/","title":{"rendered":"Yaral\u0131 karacay\u0131 iki saat omuzunda ta\u015f\u0131d\u0131"},"content":{"rendered":"<p>Ordu\u2019da dere yata\u011f\u0131nda bulunan yaral\u0131 karaca tedavi alt\u0131na al\u0131nd\u0131.<\/p>\n<p>Ordu\u2019nun Alt\u0131nordu il\u00e7esinde vatanda\u015flar bir dere yata\u011f\u0131nda yaral\u0131 bulduklar\u0131 karaca i\u00e7in seferber oldu. Bir vatanda\u015f taraf\u0131ndan iki saat omuz \u00fczerinde ta\u015f\u0131narak \u015fehir merkezine getirilen yaral\u0131 karaca, tedavi edilmek \u00fczere Ordu Do\u011fa Koruma ve Milli Parklar \u015eube M\u00fcd\u00fcrl\u00fc\u011f\u00fcne teslim edildi.<\/p>\n","protected":false},"excerpt":{"rendered":"<p>ORDU\u2019DA DERE YATA\u011eINDA BULUNAN YARALI KARACA TEDAV\u0130 ALTINA ALINDI.<\/p>\n","protected":false},"author":1,"featured_media":255088,"comment_status":"closed","ping_status":"open","sticky":false,"template":"","format":"standard","meta":{"jetpack_post_was_ever_published":false,"_jetpack_newsletter_access":"","_jetpack_dont_email_post_to_subs":false,"_jetpack_newsletter_tier_id":0,"_jetpack_memberships_contains_paywalled_content":false,"_jetpack_memberships_contains_paid_content":false,"footnotes":"","jetpack_publicize_message":"","jetpack_publicize_feature_enabled":true,"jetpack_social_post_already_shared":true,"jetpack_social_options":{"image_generator_settings":{"template":"highway","default_image_id":0,"font":"","enabled":false},"version":2}},"categories":[1],"tags":[1220,36353,63080,902,533,774],"class_list":["post-255087","post","type-post","status-publish","format-standard","has-post-thumbnail","hentry","category-genel","tag-iki","tag-karacayi","tag-omuzunda","tag-saat","tag-tasidi","tag-yarali"],"jetpack_publicize_connections":[],"jetpack_featured_media_url":"https:\/\/i0.wp.com\/www.tvturk.com\/wp-content\/uploads\/2020\/01\/yarali-karacayi-iki-saat-omuzunda-tasidi_9b05249.jpg?fit=539%2C397","jetpack_sharing_enabled":true,"jetpack_shortlink":"https:\/\/wp.me\/paKIfm-14mj","_links":{"self":[{"href":"http:\/\/www.tvturk.com\/index.php\/wp-json\/wp\/v2\/posts\/255087","targetHints":{"allow":["GET"]}}],"collection":[{"href":"http:\/\/www.tvturk.com\/index.php\/wp-json\/wp\/v2\/posts"}],"about":[{"href":"http:\/\/www.tvturk.com\/index.php\/wp-json\/wp\/v2\/types\/post"}],"author":[{"embeddable":true,"href":"http:\/\/www.tvturk.com\/index.php\/wp-json\/wp\/v2\/users\/1"}],"replies":[{"embeddable":true,"href":"http:\/\/www.tvturk.com\/index.php\/wp-json\/wp\/v2\/comments?post=255087"}],"version-history":[{"count":0,"href":"http:\/\/www.tvturk.com\/index.php\/wp-json\/wp\/v2\/posts\/255087\/revisions"}],"wp:featuredmedia":[{"embeddable":true,"href":"http:\/\/www.tvturk.com\/index.php\/wp-json\/wp\/v2\/media\/255088"}],"wp:attachment":[{"href":"http:\/\/www.tvturk.com\/index.php\/wp-json\/wp\/v2\/media?parent=255087"}],"wp:term":[{"taxonomy":"category","embeddable":true,"href":"http:\/\/www.tvturk.com\/index.php\/wp-json\/wp\/v2\/categories?post=255087"},{"taxonomy":"post_tag","embeddable":true,"href":"http:\/\/www.tvturk.com\/index.php\/wp-json\/wp\/v2\/tags?post=255087"}],"curies":[{"name":"wp","href":"https:\/\/api.w.org\/{rel}","templated":true}]}}