{"id":255097,"date":"2020-01-13T15:31:57","date_gmt":"2020-01-13T12:31:57","guid":{"rendered":"http:\/\/www.tvturk.com\/index.php\/metin-senturkun-babasi-son-yolculuguna-ugurlandi\/"},"modified":"2020-01-13T15:31:57","modified_gmt":"2020-01-13T12:31:57","slug":"metin-senturkun-babasi-son-yolculuguna-ugurlandi","status":"publish","type":"post","link":"http:\/\/www.tvturk.com\/index.php\/metin-senturkun-babasi-son-yolculuguna-ugurlandi\/","title":{"rendered":"Metin \u015eent\u00fcrk\u2019\u00fcn babas\u0131 son yolculu\u011funa u\u011furland\u0131"},"content":{"rendered":"<p>\u00dcnl\u00fc sanat\u00e7\u0131 Metin \u015eent\u00fcrk\u2019\u00fcn babas\u0131 \u015e\u00fckr\u00fc \u015eent\u00fcrk, son yolculu\u011funa u\u011furland\u0131. Babas\u0131n\u0131n tabutunu omuzlayan \u015eent\u00fcrk\u2019\u00fcn hayli \u00fczg\u00fcn oldu\u011fu g\u00f6r\u00fcl\u00fcrken, cenaze t\u00f6renine \u0130stanbul \u0130l Emniyet M\u00fcd\u00fcr\u00fc Mustafa \u00c7al\u0131\u015fkan ve sanat camias\u0131ndan \u00e7ok say\u0131da ki\u015fi kat\u0131ld\u0131.<\/p>\n<p>Tedavi g\u00f6rd\u00fc\u011f\u00fc hastanede hayat\u0131n\u0131 kaybeden \u00fcnl\u00fc sanat\u00e7\u0131 Metin \u015eent\u00fcrk\u2019\u00fcn babas\u0131 \u015e\u00fckr\u00fc \u015eent\u00fcrk i\u00e7in cenaze t\u00f6reni d\u00fczenlendi. Bug\u00fcn \u00f6\u011fle namaz\u0131n\u0131 m\u00fcteakiben Fatih Camii\u2019nde d\u00fczenlenen t\u00f6rene, \u0130stanbul \u0130l Emniyet M\u00fcd\u00fcr\u00fc Mustafa \u00c7al\u0131\u015fkan, oyuncu Oktay Kaynarca, \u015eoray Uzun ve sanat d\u00fcnyas\u0131ndan isimler kat\u0131ld\u0131. Taziyeleri Metin \u015eent\u00fcrk kabul etti. Cenaze namaz\u0131 sonras\u0131 babas\u0131n\u0131n tabutunu omuzlayan Metin \u015eent\u00fcrk\u2019\u00fcn hayli \u00fczg\u00fcn oldu\u011fu g\u00f6r\u00fcld\u00fc.<\/p>\n<p>\u015e\u00fckr\u00fc \u015eent\u00fcrk\u2019\u00fcn cenazesi Eski Kozlu Mezarl\u0131\u011f\u0131na defnedildi.<\/p>\n","protected":false},"excerpt":{"rendered":"<p>\u00dcNL\u00dc SANAT\u00c7I MET\u0130N \u015eENT\u00dcRK\u2019\u00dcN BABASI \u015e\u00dcKR\u00dc \u015eENT\u00dcRK, SON YOLCULU\u011eUNA U\u011eURLANDI. BABASININ TABUTUNU OMUZLAYAN \u015eENT\u00dcRK\u2019\u00dcN HAYL\u0130 \u00dcZG\u00dcN OLDU\u011eU G\u00d6R\u00dcL\u00dcRKEN, CENAZE T\u00d6REN\u0130NE \u0130STANBUL \u0130L EMN\u0130YET M\u00dcD\u00dcR\u00dc MUSTAFA \u00c7ALI\u015eKAN VE SANAT CAM\u0130ASINDAN \u00c7OK SAYIDA K\u0130\u015e\u0130 KATILDI.<\/p>\n","protected":false},"author":1,"featured_media":255098,"comment_status":"closed","ping_status":"open","sticky":false,"template":"","format":"standard","meta":{"jetpack_post_was_ever_published":false,"_jetpack_newsletter_access":"","_jetpack_dont_email_post_to_subs":false,"_jetpack_newsletter_tier_id":0,"_jetpack_memberships_contains_paywalled_content":false,"_jetpack_memberships_contains_paid_content":false,"footnotes":"","jetpack_publicize_message":"","jetpack_publicize_feature_enabled":true,"jetpack_social_post_already_shared":true,"jetpack_social_options":{"image_generator_settings":{"template":"highway","default_image_id":0,"font":"","enabled":false},"version":2}},"categories":[1],"tags":[1841,6345,63084,1240,2516,2515],"class_list":["post-255097","post","type-post","status-publish","format-standard","has-post-thumbnail","hentry","category-genel","tag-babasi","tag-metin","tag-senturkun","tag-son","tag-ugurlandi","tag-yolculuguna"],"jetpack_publicize_connections":[],"jetpack_featured_media_url":"https:\/\/i0.wp.com\/www.tvturk.com\/wp-content\/uploads\/2020\/01\/metin-senturkun-babasi-son-yolculuguna-ugurlandi_822c2f5.jpg?fit=1000%2C666","jetpack_sharing_enabled":true,"jetpack_shortlink":"https:\/\/wp.me\/paKIfm-14mt","_links":{"self":[{"href":"http:\/\/www.tvturk.com\/index.php\/wp-json\/wp\/v2\/posts\/255097","targetHints":{"allow":["GET"]}}],"collection":[{"href":"http:\/\/www.tvturk.com\/index.php\/wp-json\/wp\/v2\/posts"}],"about":[{"href":"http:\/\/www.tvturk.com\/index.php\/wp-json\/wp\/v2\/types\/post"}],"author":[{"embeddable":true,"href":"http:\/\/www.tvturk.com\/index.php\/wp-json\/wp\/v2\/users\/1"}],"replies":[{"embeddable":true,"href":"http:\/\/www.tvturk.com\/index.php\/wp-json\/wp\/v2\/comments?post=255097"}],"version-history":[{"count":0,"href":"http:\/\/www.tvturk.com\/index.php\/wp-json\/wp\/v2\/posts\/255097\/revisions"}],"wp:featuredmedia":[{"embeddable":true,"href":"http:\/\/www.tvturk.com\/index.php\/wp-json\/wp\/v2\/media\/255098"}],"wp:attachment":[{"href":"http:\/\/www.tvturk.com\/index.php\/wp-json\/wp\/v2\/media?parent=255097"}],"wp:term":[{"taxonomy":"category","embeddable":true,"href":"http:\/\/www.tvturk.com\/index.php\/wp-json\/wp\/v2\/categories?post=255097"},{"taxonomy":"post_tag","embeddable":true,"href":"http:\/\/www.tvturk.com\/index.php\/wp-json\/wp\/v2\/tags?post=255097"}],"curies":[{"name":"wp","href":"https:\/\/api.w.org\/{rel}","templated":true}]}}