{"id":255103,"date":"2020-01-13T15:32:43","date_gmt":"2020-01-13T12:32:43","guid":{"rendered":"http:\/\/www.tvturk.com\/index.php\/denizlisporda-trabzonspor-mesaisi-devam-ediyor\/"},"modified":"2020-01-13T15:32:43","modified_gmt":"2020-01-13T12:32:43","slug":"denizlisporda-trabzonspor-mesaisi-devam-ediyor","status":"publish","type":"post","link":"http:\/\/www.tvturk.com\/index.php\/denizlisporda-trabzonspor-mesaisi-devam-ediyor\/","title":{"rendered":"Denizlispor\u2019da Trabzonspor mesaisi devam ediyor"},"content":{"rendered":"<p>Denizlispor, Ziraat T\u00fcrkiye Kupas\u0131 Son 16 Turu\u2019nda Trabzonspor ile oynayaca\u011f\u0131 ma\u00e7\u0131n haz\u0131rl\u0131klar\u0131na bug\u00fcn yapt\u0131\u011f\u0131 antrenman ile devam etti.<\/p>\n<p>Teknik Direkt\u00f6r Mehmet \u00d6zdilek y\u00f6netiminde ger\u00e7ekle\u015ftirilen antrenmana t\u00fcm futbolcular kat\u0131l\u0131rken, sakatl\u0131klar\u0131 sebebiyle tedavileri devam eden Zakarya Bergdich ve Isaac Sackey tak\u0131mdan ayr\u0131 olarak fizyoterapist e\u015fli\u011finde \u00e7al\u0131\u015ft\u0131. Antrenman ko\u015fu ve \u0131s\u0131nma \u00e7al\u0131\u015fmalar\u0131yla ba\u015flarken, pas, teknik ve taktik \u00e7al\u0131\u015fmalar\u0131yla sona erdi.<\/p>\n<p>Ye\u015fil siyahl\u0131 ekipte Trabzonspor m\u00fccadelesi \u00f6ncesi Bergdich ve Sackey\u2019in sakatl\u0131klar\u0131 devam ederken, Modou Barrow kart cezasu sebebiyle kupa ma\u00e7\u0131 kadrosunda yer alamayacak.<\/p>\n","protected":false},"excerpt":{"rendered":"<p>YUKATEL DEN\u0130ZL\u0130SPOR, TRABZONSPOR MA\u00c7I HAZIRLIKLARINA BUG\u00dcN YAPTI\u011eI ANTRENMAN \u0130LE DEVAM ETT\u0130.<\/p>\n","protected":false},"author":1,"featured_media":255104,"comment_status":"closed","ping_status":"open","sticky":false,"template":"","format":"standard","meta":{"jetpack_post_was_ever_published":false,"_jetpack_newsletter_access":"","_jetpack_dont_email_post_to_subs":false,"_jetpack_newsletter_tier_id":0,"_jetpack_memberships_contains_paywalled_content":false,"_jetpack_memberships_contains_paid_content":false,"footnotes":"","jetpack_publicize_message":"","jetpack_publicize_feature_enabled":true,"jetpack_social_post_already_shared":true,"jetpack_social_options":{"image_generator_settings":{"template":"highway","default_image_id":0,"font":"","enabled":false},"version":2}},"categories":[657],"tags":[6421,522,523,2634,916],"class_list":["post-255103","post","type-post","status-publish","format-standard","has-post-thumbnail","hentry","category-spor","tag-denizlisporda","tag-devam","tag-ediyor","tag-mesaisi","tag-trabzonspor"],"jetpack_publicize_connections":[],"jetpack_featured_media_url":"https:\/\/i0.wp.com\/www.tvturk.com\/wp-content\/uploads\/2020\/01\/denizlisporda-trabzonspor-mesaisi-devam-ediyor_1aaa0b6.jpg?fit=1000%2C667","jetpack_sharing_enabled":true,"jetpack_shortlink":"https:\/\/wp.me\/paKIfm-14mz","_links":{"self":[{"href":"http:\/\/www.tvturk.com\/index.php\/wp-json\/wp\/v2\/posts\/255103","targetHints":{"allow":["GET"]}}],"collection":[{"href":"http:\/\/www.tvturk.com\/index.php\/wp-json\/wp\/v2\/posts"}],"about":[{"href":"http:\/\/www.tvturk.com\/index.php\/wp-json\/wp\/v2\/types\/post"}],"author":[{"embeddable":true,"href":"http:\/\/www.tvturk.com\/index.php\/wp-json\/wp\/v2\/users\/1"}],"replies":[{"embeddable":true,"href":"http:\/\/www.tvturk.com\/index.php\/wp-json\/wp\/v2\/comments?post=255103"}],"version-history":[{"count":0,"href":"http:\/\/www.tvturk.com\/index.php\/wp-json\/wp\/v2\/posts\/255103\/revisions"}],"wp:featuredmedia":[{"embeddable":true,"href":"http:\/\/www.tvturk.com\/index.php\/wp-json\/wp\/v2\/media\/255104"}],"wp:attachment":[{"href":"http:\/\/www.tvturk.com\/index.php\/wp-json\/wp\/v2\/media?parent=255103"}],"wp:term":[{"taxonomy":"category","embeddable":true,"href":"http:\/\/www.tvturk.com\/index.php\/wp-json\/wp\/v2\/categories?post=255103"},{"taxonomy":"post_tag","embeddable":true,"href":"http:\/\/www.tvturk.com\/index.php\/wp-json\/wp\/v2\/tags?post=255103"}],"curies":[{"name":"wp","href":"https:\/\/api.w.org\/{rel}","templated":true}]}}