{"id":255127,"date":"2020-01-13T16:16:42","date_gmt":"2020-01-13T13:16:42","guid":{"rendered":"http:\/\/www.tvturk.com\/index.php\/baskan-sayan-imamoglu-her-sey-cok-guzel-olacak-demisti-her-seyi-berbat-etmeye-basladilar\/"},"modified":"2020-01-13T16:16:42","modified_gmt":"2020-01-13T13:16:42","slug":"baskan-sayan-imamoglu-her-sey-cok-guzel-olacak-demisti-her-seyi-berbat-etmeye-basladilar","status":"publish","type":"post","link":"http:\/\/www.tvturk.com\/index.php\/baskan-sayan-imamoglu-her-sey-cok-guzel-olacak-demisti-her-seyi-berbat-etmeye-basladilar\/","title":{"rendered":"Ba\u015fkan Sayan: \u201c\u0130mamo\u011flu, her \u015fey \u00e7ok g\u00fczel olacak demi\u015fti; her \u015feyi berbat etmeye ba\u015flad\u0131lar\u201d"},"content":{"rendered":"<p>A\u011fr\u0131 Belediye Ba\u015fkan\u0131 Savc\u0131 Sayan, A\u011fr\u0131 Belediyesi taraf\u0131ndan ula\u015f\u0131m hizmetlerinde kullan\u0131lmak \u00fczere al\u0131nan yeni halk otob\u00fcslerinin hizmete ba\u015flama t\u00f6reninde, \u0130stanbul B\u00fcy\u00fck\u015fehir Belediye Ba\u015fkan\u0131 Ekrem \u0130mamo\u011flu\u2019nun \u201cHer \u015fey \u00e7ok g\u00fczel olacak\u201d slogan\u0131na g\u00f6nderme yaparak, \u201cBiz yapmaya ba\u015flad\u0131k, onlar her \u015feyi berbat etmeye ba\u015flad\u0131lar\u201d dedi.<\/p>\n<p>A\u011fr\u0131 Belediyesi ge\u00e7ti\u011fimiz g\u00fcnlerde ula\u015f\u0131m hizmetlerinde kullan\u0131lmak \u00fczere hizmete koydu\u011fu 66 halk otob\u00fcs\u00fcne 20 yeni otob\u00fcs daha ekleyerek, kentte hizmet veren ara\u00e7 say\u0131s\u0131n\u0131 103 araca \u00e7\u0131kard\u0131.<\/p>\n<p>Hizmete konulan yeni ara\u00e7lar, A\u011fr\u0131 Belediye Ba\u015fkan\u0131 Savc\u0131 Sayan\u2019\u0131n kat\u0131ld\u0131\u011f\u0131 t\u00f6renle hizmete ba\u015flad\u0131. Yeni halk otob\u00fcs\u00fcn\u00fcn direksiyonuna ge\u00e7erek \u015fehir turu ile ara\u00e7lar\u0131 halka tan\u0131tan Ba\u015fkan Sayan, yapt\u0131\u011f\u0131 a\u00e7\u0131klamada, yap\u0131lacak hizmetlerle A\u011fr\u0131\u2019n\u0131n yaln\u0131z Do\u011fu\u2019nun de\u011fil, T\u00fcrkiye\u2019nin parlayan y\u0131ld\u0131z\u0131 olaca\u011f\u0131n\u0131 s\u00f6yledi.<\/p>\n<p>&#8220;Ula\u015f\u0131mda devrim yapt\u0131k&#8221;<\/p>\n<p>Belediye Ba\u015fkan\u0131 Sayan, kentteki ula\u015f\u0131m sorununu \u00e7\u00f6zmek konusunda belediye olarak, \u00f6nemli ad\u0131mlar att\u0131klar\u0131n\u0131 belirterek, \u201cUla\u015f\u0131mda biliyorsunuz devrim yapaca\u011f\u0131z demi\u015ftik. Hem yolcu ta\u015f\u0131ma \u00fccretlerinde hem de ara\u00e7 filomuzda \u00f6nemli geli\u015fmeler oldu. Vatanda\u015flar\u0131m\u0131z\u0131 \u00e7ok uygun fiyatlara ta\u015f\u0131yoruz. \u00d6\u011frencilere, \u00f6\u011fretmenlere, hastalara ve vatanda\u015flar\u0131m\u0131za \u00f6zel ara\u00e7lar\u0131m\u0131z var. Bug\u00fcn 20 arac\u0131m\u0131zla daha filomuzu g\u00fc\u00e7lendirdik. A\u011fr\u0131\u2019ya yeni bir hizmet anlay\u0131\u015f\u0131 getiriyoruz. A\u011fr\u0131 Do\u011fu\u2019nun parlayan y\u0131ld\u0131z\u0131 olacak. Hep birlikte ilimizi kalk\u0131nd\u0131raca\u011f\u0131z. B\u00fct\u00fcn T\u00fcrkiye\u2019deki iller bizden \u00f6rnek alacak. Bunda iddial\u0131y\u0131z. A\u011fr\u0131 Do\u011fu\u2019nun tek de\u011fil T\u00fcrkiye\u2019nin parlayan y\u0131ld\u0131z\u0131 olacak\u201d dedi.<\/p>\n<p>&#8220;Hizmetk\u00e2rl\u0131k bo\u011fazda oturup ayak ayak \u00fcst\u00fcne atmak de\u011fildir&#8221;<\/p>\n<p>Sayan, yapacaklar\u0131 hizmetlerle A\u011fr\u0131\u2019y\u0131 daha ya\u015fan\u0131labilir bir kent haline getireceklerini kaydederek, \u201dBiz halk\u0131n hizmetk\u00e2r\u0131 olaca\u011f\u0131z demi\u015ftik. Hizmetk\u00e2rl\u0131k evde oturup ayak ayak \u00fcst\u00fcne atmak de\u011fildir. Bo\u011fazda oturup ahk\u00e2m kesmek de de\u011fildir. Milletin i\u00e7ine girip, dertlerini dinlemektir. Hizmet etmektir. Bizde bunu \u015fiar edindik kendimize. Ba\u015flad\u0131\u011f\u0131m\u0131z g\u00fcnden beri kentimize yeni hizmetler getirmenin gayreti i\u00e7erisindeyiz. Ula\u015f\u0131mda devrim yapt\u0131k. A\u011fr\u0131\u2019dan bu g\u00fcn \u00e7\u0131tay\u0131 y\u00fckseltiyoruz. A\u011fr\u0131 T\u00fcrkiye\u2019nin parlayan y\u0131ld\u0131z\u0131 olacak. Bu konuda iddial\u0131y\u0131z. B\u00fcy\u00fck \u015fehirlerle yar\u0131\u015f\u0131yoruz. \u0130n\u015fallah biz A\u011fr\u0131\u2019y\u0131 ya\u015fan\u0131labilir bir kent haline getirece\u011fiz. B\u00fct\u00fcn insanlar\u0131m\u0131z mutlu olacak. G\u00f6\u00e7 etmeyecek. Ter\u00f6rden uzak huzur ve g\u00fcven ortam\u0131nda ya\u015fayacak. Bizde hizmet etmekten gurur duyaca\u011f\u0131z. Biz halk\u0131m\u0131z\u0131n hizmetk\u00e2r\u0131y\u0131z. Allah bizi onlara kar\u015f\u0131 mahcup etmesin in\u015fallah\u201d ifadelerini kulland\u0131.<\/p>\n<p>&#8220;Bizimki g\u00f6n\u00fcl belediyecili\u011fi&#8221;<\/p>\n<p>Cumhurba\u015fkan\u0131 Recep Tayip Erdo\u011fan \u00f6nderli\u011finde hizmet belediyecili\u011fi anlay\u0131\u015f\u0131 ile hareket ettiklerini dile getiren Sayan, devam\u0131nda \u015fu ifadeleri kulland\u0131:<\/p>\n<p>\u201c\u015eimdi tabi b\u00fct\u00fcn \u015fehirlerde \u00fccretler y\u00fckselirken, biz A\u011fr\u0131\u2019da \u00fccretleri indirdik. Biz halk\u0131m\u0131za hizmet i\u00e7in var\u0131z. Kar etmek i\u00e7in yar\u0131\u015fm\u0131yoruz. Hizmet etmek i\u00e7in yar\u0131\u015f\u0131yoruz. Tabi ki zarar etmeyece\u011fiz. Makul fiyatlarla hizmet etmeye devam edece\u011fiz. Biz hizmet i\u00e7in var\u0131z. Sosyal devlet budur. G\u00f6n\u00fcl belediyecili\u011fi budur. Cumhurba\u015fkan\u0131m\u0131z\u0131n dedi\u011fi gibi, g\u00f6n\u00fcl Belediyecili\u011fi, hizmet belediyecili\u011fi. A\u011fr\u0131 bunu ba\u015faracak. \u0130n\u015fallah b\u00fct\u00fcn illere de \u00f6rnek olacak. \u0130stanbul y\u00fczde 50 daha artt\u0131rs\u0131n. \u2019Her \u015fey \u00e7ok g\u00fczel olacak\u2019 diye demi\u015fti. Biz \u00f6yle bir iddia da bulunmam\u0131\u015ft\u0131k. Biz g\u00fczel \u015feyler yapaca\u011f\u0131z demi\u015ftik. Biz yapmaya ba\u015flad\u0131k. Onlar her \u015feyi berbat etmeye ba\u015flad\u0131lar. Takdir halk\u0131n.\u201d<\/p>\n","protected":false},"excerpt":{"rendered":"<p>A\u011eRI BELED\u0130YES\u0130 GE\u00c7T\u0130\u011e\u0130M\u0130Z G\u00dcNLERDE ULA\u015eIM H\u0130ZMETLER\u0130NDE KULLANILMAK \u00dcZERE H\u0130ZMETE KOYDU\u011eU 66 HALK OTOB\u00dcS\u00dcNE 20 YEN\u0130 OTOB\u00dcS DAHA EKLEYEREK, KENTTE H\u0130ZMET VEREN ARA\u00c7 SAYISINI 103 ARACA \u00c7IKARDI.<\/p>\n","protected":false},"author":1,"featured_media":255128,"comment_status":"closed","ping_status":"open","sticky":false,"template":"","format":"standard","meta":{"jetpack_post_was_ever_published":false,"_jetpack_newsletter_access":"","_jetpack_dont_email_post_to_subs":false,"_jetpack_newsletter_tier_id":0,"_jetpack_memberships_contains_paywalled_content":false,"_jetpack_memberships_contains_paid_content":false,"footnotes":"","jetpack_publicize_message":"","jetpack_publicize_feature_enabled":true,"jetpack_social_post_already_shared":true,"jetpack_social_options":{"image_generator_settings":{"template":"highway","default_image_id":0,"font":"","enabled":false},"version":2}},"categories":[1],"tags":[100,16983,63087,105,7321,5221,1019,73,919,1189,5346,2550,5587],"class_list":["post-255127","post","type-post","status-publish","format-standard","has-post-thumbnail","hentry","category-genel","tag-baskan","tag-basladilar","tag-berbat","tag-cok","tag-demisti","tag-etmeye","tag-guzel","tag-her","tag-imamoglu","tag-olacak","tag-sayan","tag-sey","tag-seyi"],"jetpack_publicize_connections":[],"jetpack_featured_media_url":"https:\/\/i0.wp.com\/www.tvturk.com\/wp-content\/uploads\/2020\/01\/baskan-sayan-imamoglu-her-sey-cok-guzel-olacak-demisti-her-seyi-berbat-etmeye-basladilar_1bd66cc.jpg?fit=1000%2C666","jetpack_sharing_enabled":true,"jetpack_shortlink":"https:\/\/wp.me\/paKIfm-14mX","_links":{"self":[{"href":"http:\/\/www.tvturk.com\/index.php\/wp-json\/wp\/v2\/posts\/255127","targetHints":{"allow":["GET"]}}],"collection":[{"href":"http:\/\/www.tvturk.com\/index.php\/wp-json\/wp\/v2\/posts"}],"about":[{"href":"http:\/\/www.tvturk.com\/index.php\/wp-json\/wp\/v2\/types\/post"}],"author":[{"embeddable":true,"href":"http:\/\/www.tvturk.com\/index.php\/wp-json\/wp\/v2\/users\/1"}],"replies":[{"embeddable":true,"href":"http:\/\/www.tvturk.com\/index.php\/wp-json\/wp\/v2\/comments?post=255127"}],"version-history":[{"count":0,"href":"http:\/\/www.tvturk.com\/index.php\/wp-json\/wp\/v2\/posts\/255127\/revisions"}],"wp:featuredmedia":[{"embeddable":true,"href":"http:\/\/www.tvturk.com\/index.php\/wp-json\/wp\/v2\/media\/255128"}],"wp:attachment":[{"href":"http:\/\/www.tvturk.com\/index.php\/wp-json\/wp\/v2\/media?parent=255127"}],"wp:term":[{"taxonomy":"category","embeddable":true,"href":"http:\/\/www.tvturk.com\/index.php\/wp-json\/wp\/v2\/categories?post=255127"},{"taxonomy":"post_tag","embeddable":true,"href":"http:\/\/www.tvturk.com\/index.php\/wp-json\/wp\/v2\/tags?post=255127"}],"curies":[{"name":"wp","href":"https:\/\/api.w.org\/{rel}","templated":true}]}}