{"id":255141,"date":"2020-01-13T16:32:20","date_gmt":"2020-01-13T13:32:20","guid":{"rendered":"http:\/\/www.tvturk.com\/index.php\/ozel-avcilarda-tehlikeli-yikim\/"},"modified":"2020-01-13T16:32:20","modified_gmt":"2020-01-13T13:32:20","slug":"ozel-avcilarda-tehlikeli-yikim","status":"publish","type":"post","link":"http:\/\/www.tvturk.com\/index.php\/ozel-avcilarda-tehlikeli-yikim\/","title":{"rendered":"(\u00d6zel) Avc\u0131lar\u2019da tehlikeli y\u0131k\u0131m"},"content":{"rendered":"<p>Avc\u0131lar\u2019da kentsel d\u00f6n\u00fc\u015f\u00fcm kapsam\u0131nda 4 katl\u0131 binan\u0131n y\u0131k\u0131m\u0131 s\u0131ras\u0131nda yandaki bina deprem sars\u0131nt\u0131s\u0131 ile salland\u0131. Evin i\u00e7inde e\u015fyalar\u0131n sallanma an\u0131 cep telefonu kameras\u0131 taraf\u0131ndan kaydedildi. Y\u0131k\u0131m\u0131n yap\u0131ld\u0131\u011f\u0131 binan\u0131n etraf\u0131na ise \u00e7\u0131kma tahta kap\u0131lardan \u00f6nlem al\u0131nmas\u0131 dikkat \u00e7ekti.<\/p>\n<p>26 Eyl\u00fcl g\u00fcn\u00fc ve 11 Ocak g\u00fcn\u00fc meydana gelen depremlerin ard\u0131ndan kent genelinde deprem ger\u00e7e\u011fi bir kez daha ortaya \u00e7\u0131kt\u0131. Avc\u0131lar\u2019da depreme dayan\u0131kl\u0131 olmad\u0131\u011f\u0131 gerek\u00e7esiyle bir\u00e7ok ev bo\u015falt\u0131lm\u0131\u015ft\u0131. Merkez Mahallesi\u2019nde bulunan 4 katl\u0131 bir binada bo\u015falt\u0131l\u0131p kentsel d\u00f6n\u00fc\u015f\u00fcm kapsam\u0131nda y\u0131k\u0131m\u0131na ba\u015fland\u0131. Binan\u0131n y\u0131k\u0131m\u0131 esnas\u0131nda yan tarafta bulunan Birlik Apartman\u0131, deprem sars\u0131nt\u0131s\u0131 gibi salland\u0131. TehlikeL\u0130 y\u0131k\u0131mdan dolay\u0131 \u015fikayet\u00e7i olan vatanda\u015flar belediye ekiplerine haber verdi. Olay yerine gelen belediye ekipleri vatanda\u015flar\u0131 konuyla ilgili bilgilendirdi.<\/p>\n<p>Binan\u0131n etraf\u0131na \u00e7\u0131kma kap\u0131lardan \u00f6nlem<\/p>\n<p>Y\u0131k\u0131m\u0131n yap\u0131ld\u0131\u011f\u0131 binan\u0131n etraf\u0131na ise y\u0131k\u0131m\u0131 yapan firma taraf\u0131ndan apartmandaki \u00e7\u0131kma tahta kap\u0131larla \u00f6nlem al\u0131nd\u0131\u011f\u0131 g\u00f6r\u00fcld\u00fc. Evi y\u0131k\u0131m s\u0131ras\u0131nda sallanan H\u00fcseyin \u00d6zkaya isimli vatanda\u015f, &#8220;Biz hemen bu binada oturuyoruz. Binan\u0131n y\u0131k\u0131m\u0131 esnas\u0131nda bizim evimizde ses d\u0131\u015f\u0131nda 4.5, 5 \u015fiddetinde deprem oluyormu\u015f gibi sars\u0131nt\u0131lar oluyor. Deprem oluyormu\u015f gibi oluyor. Biz de \u00e7ok tedirgin oluyoruz. Avc\u0131lar zaten deprem b\u00f6lgesi. Yan binam\u0131z y\u0131k\u0131l\u0131yor ama bizim binam\u0131z etkileniyor maalesef biz tedirgin oluyoruz. Tehlikeli bir y\u0131k\u0131m ger\u00e7ekten. Bunlar\u0131n ruhsatlar\u0131 al\u0131nd\u0131 diyor ama nas\u0131l bir ruhsat belge al\u0131yorlar belediye bunu neye g\u00f6re veriyor ger\u00e7ekten anlam\u0131\u015f de\u011filim\u201ddedi.<\/p>\n<p>Evi sallanan Fatma isimli bir vatanda\u015f ise &#8220;Evim sallan\u0131yor y\u0131k\u0131m s\u0131ras\u0131nda psikolojim bozuldu zaten ben \u015feker hastas\u0131y\u0131m. Sabahtan beri psikolojim bozuldu sabahtan beri sallan\u0131yor\u201d diye konu\u015ftu.<\/p>\n<p>Evin i\u00e7inden sallanma an\u0131 kamerada<\/p>\n<p>\u00d6te yandan evin i\u00e7inden sars\u0131lma an\u0131 da apartman sakinini kaydetti\u011fi g\u00f6r\u00fcnt\u00fclere yans\u0131d\u0131. G\u00f6r\u00fcnt\u00fclerde, evin i\u00e7indeki saks\u0131n\u0131n ileri geri sallanmas\u0131 ve titremesi yer al\u0131yor.<\/p>\n","protected":false},"excerpt":{"rendered":"<p>AVCILAR\u2019DA KENTSEL D\u00d6N\u00dc\u015e\u00dcM KAPSAMINDA 4 KATLI B\u0130NANIN YIKIMI SIRASINDA YANDAK\u0130 B\u0130NA DA SALLANDI.<\/p>\n","protected":false},"author":1,"featured_media":255142,"comment_status":"closed","ping_status":"open","sticky":false,"template":"","format":"standard","meta":{"jetpack_post_was_ever_published":false,"_jetpack_newsletter_access":"","_jetpack_dont_email_post_to_subs":false,"_jetpack_newsletter_tier_id":0,"_jetpack_memberships_contains_paywalled_content":false,"_jetpack_memberships_contains_paid_content":false,"footnotes":"","jetpack_publicize_message":"","jetpack_publicize_feature_enabled":true,"jetpack_social_post_already_shared":true,"jetpack_social_options":{"image_generator_settings":{"template":"highway","default_image_id":0,"font":"","enabled":false},"version":2}},"categories":[1],"tags":[604,1073,1140,10144],"class_list":["post-255141","post","type-post","status-publish","format-standard","has-post-thumbnail","hentry","category-genel","tag-avcilarda","tag-ozel","tag-tehlikeli","tag-yikim"],"jetpack_publicize_connections":[],"jetpack_featured_media_url":"https:\/\/i0.wp.com\/www.tvturk.com\/wp-content\/uploads\/2020\/01\/ozel-avcilarda-tehlikeli-yikim_4e5d9b4.jpg?fit=1000%2C562","jetpack_sharing_enabled":true,"jetpack_shortlink":"https:\/\/wp.me\/paKIfm-14nb","_links":{"self":[{"href":"http:\/\/www.tvturk.com\/index.php\/wp-json\/wp\/v2\/posts\/255141","targetHints":{"allow":["GET"]}}],"collection":[{"href":"http:\/\/www.tvturk.com\/index.php\/wp-json\/wp\/v2\/posts"}],"about":[{"href":"http:\/\/www.tvturk.com\/index.php\/wp-json\/wp\/v2\/types\/post"}],"author":[{"embeddable":true,"href":"http:\/\/www.tvturk.com\/index.php\/wp-json\/wp\/v2\/users\/1"}],"replies":[{"embeddable":true,"href":"http:\/\/www.tvturk.com\/index.php\/wp-json\/wp\/v2\/comments?post=255141"}],"version-history":[{"count":0,"href":"http:\/\/www.tvturk.com\/index.php\/wp-json\/wp\/v2\/posts\/255141\/revisions"}],"wp:featuredmedia":[{"embeddable":true,"href":"http:\/\/www.tvturk.com\/index.php\/wp-json\/wp\/v2\/media\/255142"}],"wp:attachment":[{"href":"http:\/\/www.tvturk.com\/index.php\/wp-json\/wp\/v2\/media?parent=255141"}],"wp:term":[{"taxonomy":"category","embeddable":true,"href":"http:\/\/www.tvturk.com\/index.php\/wp-json\/wp\/v2\/categories?post=255141"},{"taxonomy":"post_tag","embeddable":true,"href":"http:\/\/www.tvturk.com\/index.php\/wp-json\/wp\/v2\/tags?post=255141"}],"curies":[{"name":"wp","href":"https:\/\/api.w.org\/{rel}","templated":true}]}}