{"id":255155,"date":"2020-01-13T16:47:44","date_gmt":"2020-01-13T13:47:44","guid":{"rendered":"http:\/\/www.tvturk.com\/index.php\/furkan-cil-altinorduya-transfer-oldu\/"},"modified":"2020-01-13T16:47:44","modified_gmt":"2020-01-13T13:47:44","slug":"furkan-cil-altinorduya-transfer-oldu","status":"publish","type":"post","link":"http:\/\/www.tvturk.com\/index.php\/furkan-cil-altinorduya-transfer-oldu\/","title":{"rendered":"Furkan \u00c7il, Alt\u0131nordu\u2019ya transfer oldu"},"content":{"rendered":"<p>Bal\u0131kesirspor formas\u0131 giyen Furkan \u00c7il, Alt\u0131nordu\u2019ya transfer oldu.<\/p>\n<p>Bal\u0131kesirspor altyap\u0131s\u0131nda yeti\u015fen orta saha oyuncusu Furkan \u00c7il, Alt\u0131nordu ile 1.5 y\u0131ll\u0131k s\u00f6zle\u015fme imzalad\u0131. 26 ya\u015f\u0131ndaki futbolcu daha \u00f6nce, Ke\u00e7i\u00f6ren Sportif, Sarayk\u00f6y 1926, Derincespor, D\u00fczcespor, Bayrampa\u015fa gibi kul\u00fcplerde kiral\u0131k olarak forma giydikten sonra son 2.5 sezonda Bal\u0131kesirspor ile TFF 1. Lig\u2019de m\u00fccadele etti. Furkan, ligde toplam 69 ma\u00e7ta 2 gol kaydetti.<\/p>\n","protected":false},"excerpt":{"rendered":"<p>TFF 1. L\u0130G KUL\u00dcPLER\u0130NDEN BALIKES\u0130RSPOR FORMASI G\u0130YEN FURKAN \u00c7\u0130L \u0130ZM\u0130R EK\u0130B\u0130 ALTINORDU&#8217;YA TRANSFER OLDU.<\/p>\n","protected":false},"author":1,"featured_media":255156,"comment_status":"closed","ping_status":"open","sticky":false,"template":"","format":"standard","meta":{"jetpack_post_was_ever_published":false,"_jetpack_newsletter_access":"","_jetpack_dont_email_post_to_subs":false,"_jetpack_newsletter_tier_id":0,"_jetpack_memberships_contains_paywalled_content":false,"_jetpack_memberships_contains_paid_content":false,"footnotes":"","jetpack_publicize_message":"","jetpack_publicize_feature_enabled":true,"jetpack_social_post_already_shared":true,"jetpack_social_options":{"image_generator_settings":{"template":"highway","default_image_id":0,"font":"","enabled":false},"version":2}},"categories":[657],"tags":[2182,63090,19402,77,2518],"class_list":["post-255155","post","type-post","status-publish","format-standard","has-post-thumbnail","hentry","category-spor","tag-altinorduya","tag-cil","tag-furkan","tag-oldu","tag-transfer"],"jetpack_publicize_connections":[],"jetpack_featured_media_url":"https:\/\/i0.wp.com\/www.tvturk.com\/wp-content\/uploads\/2020\/01\/furkan-cil-altinorduya-transfer-oldu_e393c77.jpg?fit=1000%2C666","jetpack_sharing_enabled":true,"jetpack_shortlink":"https:\/\/wp.me\/paKIfm-14np","_links":{"self":[{"href":"http:\/\/www.tvturk.com\/index.php\/wp-json\/wp\/v2\/posts\/255155","targetHints":{"allow":["GET"]}}],"collection":[{"href":"http:\/\/www.tvturk.com\/index.php\/wp-json\/wp\/v2\/posts"}],"about":[{"href":"http:\/\/www.tvturk.com\/index.php\/wp-json\/wp\/v2\/types\/post"}],"author":[{"embeddable":true,"href":"http:\/\/www.tvturk.com\/index.php\/wp-json\/wp\/v2\/users\/1"}],"replies":[{"embeddable":true,"href":"http:\/\/www.tvturk.com\/index.php\/wp-json\/wp\/v2\/comments?post=255155"}],"version-history":[{"count":0,"href":"http:\/\/www.tvturk.com\/index.php\/wp-json\/wp\/v2\/posts\/255155\/revisions"}],"wp:featuredmedia":[{"embeddable":true,"href":"http:\/\/www.tvturk.com\/index.php\/wp-json\/wp\/v2\/media\/255156"}],"wp:attachment":[{"href":"http:\/\/www.tvturk.com\/index.php\/wp-json\/wp\/v2\/media?parent=255155"}],"wp:term":[{"taxonomy":"category","embeddable":true,"href":"http:\/\/www.tvturk.com\/index.php\/wp-json\/wp\/v2\/categories?post=255155"},{"taxonomy":"post_tag","embeddable":true,"href":"http:\/\/www.tvturk.com\/index.php\/wp-json\/wp\/v2\/tags?post=255155"}],"curies":[{"name":"wp","href":"https:\/\/api.w.org\/{rel}","templated":true}]}}