{"id":255159,"date":"2020-01-13T16:47:55","date_gmt":"2020-01-13T13:47:55","guid":{"rendered":"http:\/\/www.tvturk.com\/index.php\/yasin-oztekin-insallah-sampiyon-oluruz\/"},"modified":"2020-01-13T16:47:55","modified_gmt":"2020-01-13T13:47:55","slug":"yasin-oztekin-insallah-sampiyon-oluruz","status":"publish","type":"post","link":"http:\/\/www.tvturk.com\/index.php\/yasin-oztekin-insallah-sampiyon-oluruz\/","title":{"rendered":"Yasin \u00d6ztekin: \u201c\u0130n\u015fallah \u015fampiyon oluruz\u201d"},"content":{"rendered":"<p>Lider Sivasspor\u2019un yeni transferi Yasin \u00d6ztekin, tak\u0131m arkada\u015flar\u0131n\u0131n \u00e7o\u011funu tan\u0131d\u0131\u011f\u0131n\u0131 s\u00f6yleyerek, \u201cLider tak\u0131ma geldim. \u0130n\u015fallah hep beraber \u015fampiyon oluruz. Uzun zamand\u0131r onlara kar\u015f\u0131 oynuyordum. \u00c7ok iyi kar\u015f\u0131lad\u0131lar. \u0130n\u015fallah bu sahaya da yans\u0131r, istedi\u011fimiz sonu\u00e7lar\u0131 al\u0131r\u0131z\u201d dedi.<\/p>\n<p>Ziraat T\u00fcrkiye Kupas\u0131 Son 16 Turu\u2019nda seyircisi \u00f6n\u00fcnde Yeni Malatyaspor ile kar\u015f\u0131la\u015facak olan lider Sivasspor, bu kar\u015f\u0131la\u015fman\u0131n haz\u0131rl\u0131klar\u0131n\u0131 tamamlad\u0131. Vali L\u00fctfullah Bilgin Sivasspor Tesisleri\u2019nde Teknik Direkt\u00f6r R\u0131za \u00c7al\u0131mbay ve yard\u0131mc\u0131lar\u0131 y\u00f6netiminde ger\u00e7ekle\u015ftirilen antrenman yakla\u015f\u0131k bir bu\u00e7uk saat s\u00fcrd\u00fc. Ko\u015fu ile ba\u015flayan antrenman \u0131s\u0131nma \u00e7al\u0131\u015fmalar\u0131 ile devam etti. Daha sonra 5\u2019e 2 top kapma \u00e7al\u0131\u015fmas\u0131 yapan k\u0131rm\u0131z\u0131-beyazl\u0131lar, yar\u0131m sahada \u00e7ift kale ma\u00e7la idman\u0131n\u0131 tamamlad\u0131. \u0130dmana sakatl\u0131\u011f\u0131 devam eden Hugo Vieira ve Serhiy Rybalka kat\u0131lmad\u0131.<\/p>\n<p>Antrenman \u00f6ncesi bas\u0131n mensuplar\u0131n\u0131n sorular\u0131n\u0131 yan\u0131tlayan Sivasspor\u2019un yeni transferi Yasin \u00d6ztekin de, \u201c\u00d6ncelikle lider tak\u0131ma geldi\u011fimden dolay\u0131 \u00e7ok mutluyum. Arkada\u015flar\u0131m\u0131z\u0131n hepsi \u00e7ok iyi kar\u015f\u0131lad\u0131. Buradan hocama, ba\u015fkan\u0131ma hepsine \u00e7ok te\u015fekk\u00fcr ediyorum. Buraya faydal\u0131 olmak i\u00e7in geldim. \u0130n\u015fallah da \u00f6yle olacak. Elimden gelenin en iyisini yapaca\u011f\u0131m. Herkese s\u00f6z veriyorum. \u0130n\u015fallah g\u00fczel bir sezon olur\u201d \u015feklinde konu\u015ftu.<\/p>\n<p>\u201cOrada olmad\u0131, \u015fimdi lider tak\u0131ma geldim\u201d<\/p>\n<p>Sivasspor\u2019da \u015fampiyon olmak istedi\u011fini vurgulayan \u00d6ztekin, \u201cG\u00f6ztepe\u2019de 1.5 sene oynad\u0131m. \u0130lk ba\u015fta iyi ba\u015flad\u0131m, iyi de oynad\u0131m, goller att\u0131m. Sonra bir sakatl\u0131k s\u00fcreci oldu. Sonra da istedi\u011fim gibi s\u00fcre alamad\u0131m. Ama futbolda b\u00f6yle \u015feyler oluyor. Hepimiz profesyonel futbolcuyuz. Orada olmad\u0131, \u015fimdi lider tak\u0131ma geldim. \u0130n\u015fallah hep beraber \u015fampiyon oluruz. Tak\u0131mdakilerin hepsini biliyorum. Uzun zamand\u0131r onlara kar\u015f\u0131 oynuyordum. \u00c7ok iyi kar\u015f\u0131lad\u0131lar. Hepsi \u00e7ok temiz, hepsi \u00e7ok cana yak\u0131n. \u0130n\u015fallah bu sahaya da yans\u0131r, istedi\u011fimiz sonu\u00e7lar\u0131 al\u0131r\u0131z\u201d ifadelerini kulland\u0131.<\/p>\n<p>\u201cTak\u0131ma katk\u0131 sa\u011flamak istiyorum\u201d<\/p>\n<p>Bireysel hedefi ile ilgili y\u00f6neltilen soruya ise Yasin \u00d6ztekin, \u201cHer futbolcunun hedefi milli tak\u0131m. 3 sene \u00f6nce de oynad\u0131m, Fatih hoca zaman\u0131nda. Tabii ki burada sahada iyi oldu\u011funda gidiyorsun. Burada birka\u00e7 tane arkada\u015f\u0131m\u0131z var. \u0130n\u015fallah onlar da uzun zamanlar A Milli Tak\u0131m\u2019da oynar. Ben de tabii ki buraya \u00e7\u0131k\u0131\u015f yakalamak i\u00e7in geldim. Tak\u0131ma katk\u0131 sa\u011flamak istiyorum. \u0130n\u015fallah iyi oynay\u0131p hocam\u0131n verdi\u011fi g\u00fcvenle bizde oraya gitmek istiyoruz\u201d cevab\u0131n\u0131 verdi.<\/p>\n<p>\u201cTaraftara ihtiyac\u0131m\u0131z var\u201d<\/p>\n<p>Tecr\u00fcbeli futbolcu, son olarak taraftarlarla ilgili d\u00fc\u015f\u00fcncesini de \u015fu s\u00f6zlerle anlatt\u0131:<\/p>\n<p>\u201cZiyarete gelen taraftara \u00f6ncelikle te\u015fekk\u00fcr ediyorum. \u0130n\u015fallah onlar\u0131n deste\u011fiyle beraber g\u00fczel sonu\u00e7lar alaca\u011f\u0131z. Umar\u0131m b\u00fct\u00fcn ma\u00e7lar\u0131 doldururlar. \u00c7\u00fcnk\u00fc e\u011fer ger\u00e7ekten \u015fampiyon olmak istiyorsak onlara ihtiyac\u0131m\u0131z var. Her ma\u00e7a gelsinler, desteklesinler.\u201d<\/p>\n","protected":false},"excerpt":{"rendered":"<p>L\u0130DER S\u0130VASSPOR\u2019UN YEN\u0130 TRANSFER\u0130 YAS\u0130N \u00d6ZTEK\u0130N, \u201cL\u0130DER TAKIMA GELD\u0130M. \u0130N\u015eALLAH HEP BERABER \u015eAMP\u0130YON OLURUZ. TAKIMDAK\u0130LER\u0130N HEPS\u0130N\u0130 B\u0130L\u0130YORUM\u201d DED\u0130.<\/p>\n","protected":false},"author":1,"featured_media":255160,"comment_status":"closed","ping_status":"open","sticky":false,"template":"","format":"standard","meta":{"jetpack_post_was_ever_published":false,"_jetpack_newsletter_access":"","_jetpack_dont_email_post_to_subs":false,"_jetpack_newsletter_tier_id":0,"_jetpack_memberships_contains_paywalled_content":false,"_jetpack_memberships_contains_paid_content":false,"footnotes":"","jetpack_publicize_message":"","jetpack_publicize_feature_enabled":true,"jetpack_social_post_already_shared":true,"jetpack_social_options":{"image_generator_settings":{"template":"highway","default_image_id":0,"font":"","enabled":false},"version":2}},"categories":[657],"tags":[963,20619,8812,2024,12380],"class_list":["post-255159","post","type-post","status-publish","format-standard","has-post-thumbnail","hentry","category-spor","tag-insallah","tag-oluruz","tag-oztekin","tag-sampiyon","tag-yasin"],"jetpack_publicize_connections":[],"jetpack_featured_media_url":"https:\/\/i0.wp.com\/www.tvturk.com\/wp-content\/uploads\/2020\/01\/yasin-oztekin-insallah-sampiyon-oluruz_5bc903a.jpg?fit=1000%2C733","jetpack_sharing_enabled":true,"jetpack_shortlink":"https:\/\/wp.me\/paKIfm-14nt","_links":{"self":[{"href":"http:\/\/www.tvturk.com\/index.php\/wp-json\/wp\/v2\/posts\/255159","targetHints":{"allow":["GET"]}}],"collection":[{"href":"http:\/\/www.tvturk.com\/index.php\/wp-json\/wp\/v2\/posts"}],"about":[{"href":"http:\/\/www.tvturk.com\/index.php\/wp-json\/wp\/v2\/types\/post"}],"author":[{"embeddable":true,"href":"http:\/\/www.tvturk.com\/index.php\/wp-json\/wp\/v2\/users\/1"}],"replies":[{"embeddable":true,"href":"http:\/\/www.tvturk.com\/index.php\/wp-json\/wp\/v2\/comments?post=255159"}],"version-history":[{"count":0,"href":"http:\/\/www.tvturk.com\/index.php\/wp-json\/wp\/v2\/posts\/255159\/revisions"}],"wp:featuredmedia":[{"embeddable":true,"href":"http:\/\/www.tvturk.com\/index.php\/wp-json\/wp\/v2\/media\/255160"}],"wp:attachment":[{"href":"http:\/\/www.tvturk.com\/index.php\/wp-json\/wp\/v2\/media?parent=255159"}],"wp:term":[{"taxonomy":"category","embeddable":true,"href":"http:\/\/www.tvturk.com\/index.php\/wp-json\/wp\/v2\/categories?post=255159"},{"taxonomy":"post_tag","embeddable":true,"href":"http:\/\/www.tvturk.com\/index.php\/wp-json\/wp\/v2\/tags?post=255159"}],"curies":[{"name":"wp","href":"https:\/\/api.w.org\/{rel}","templated":true}]}}