{"id":255255,"date":"2020-01-14T10:02:34","date_gmt":"2020-01-14T07:02:34","guid":{"rendered":"http:\/\/www.tvturk.com\/index.php\/denizde-tek-engelleri-ruzgarsiz-hava\/"},"modified":"2020-01-14T10:02:34","modified_gmt":"2020-01-14T07:02:34","slug":"denizde-tek-engelleri-ruzgarsiz-hava","status":"publish","type":"post","link":"http:\/\/www.tvturk.com\/index.php\/denizde-tek-engelleri-ruzgarsiz-hava\/","title":{"rendered":"Denizde tek engelleri r\u00fczgars\u0131z hava"},"content":{"rendered":"<p>Marmaris 12. MIYC K\u0131\u015f Trofesi yelken yar\u0131\u015flar\u0131nda Red Lions isimli tekneyle yar\u0131\u015fan engelli sporcular, ortaya koyduklar\u0131 ba\u015far\u0131 performansla dikkat \u00e7ekti.<\/p>\n<p>Marmaris 12. MIYC K\u0131\u015f Trofesi yelken yar\u0131\u015flar\u0131nda, en \u00e7ok ilgiyi Red Lions ald\u0131 8 metrelik tekne ile yar\u0131\u015fan engelli yelken yar\u0131\u015f\u00e7\u0131lar\u0131 \u00e7ekti. H\u00fcseyin Akbulut ve ekibi, iyi bir performans g\u00f6stererek, di\u011fer yar\u0131\u015fmac\u0131lar\u0131n da takdirini toplamay\u0131 ba\u015fard\u0131.<\/p>\n<p>32 ya\u015f\u0131ndaki sa\u011fl\u0131k memuru ve profesyonel sporcu Akbulut, 8 ya\u015f\u0131nda ge\u00e7irdi\u011fi bir kaza sonucu sa\u011f elini dirsek alt\u0131ndan ve iki aya\u011f\u0131ndan iki\u015fer parma\u011f\u0131n\u0131 kaybetmi\u015f. Bir eli ve 4 ayak parma\u011f\u0131n\u0131n olmamas\u0131 onu hayattan so\u011futmak yerine daha da h\u0131rsland\u0131r\u0131p ba\u015far\u0131dan ba\u015far\u0131ya ko\u015fmas\u0131na neden olmu\u015f.<\/p>\n<p>Sporun kendisi i\u00e7in bir tutku oldu\u011funu kaydeden H\u00fcseyin Akbulut, &#8220;8 ya\u015f\u0131mdan bu yana engelliler i\u00e7in bir \u015feyler yap\u0131yordum. 6 ay \u00f6nce y\u00fcr\u00fctt\u00fc\u011f\u00fcm projeler ile ilgili \u0130stanbul\u2019da bir yelken kul\u00fcb\u00fcne, tamamen engelliler i\u00e7in dizayn edilmi\u015f bir tekne hediye ettim. Bana da bu 8 metrelik tekne hediye edildi. Bu tekne olunca, akl\u0131ma bu ekibi kurmak geldi. \u2019Yelkenli teknemiz var iken yar\u0131\u015fmayal\u0131m\u2019 dedim. Bu yar\u0131\u015fma bizim i\u00e7in bir f\u0131rsat oldu ve kendimizi denedik. \u0130lk defa ekip olarak yar\u0131\u015ft\u0131k, \u00e7ok g\u00fczeldi. \u00c7ok ba\u015far\u0131l\u0131 olaca\u011f\u0131m\u0131za inan\u0131yorum\u2019\u2019 dedi.<\/p>\n<p>Ekibin tek kad\u0131n sporcu Miray Ula\u015f ise 21 ya\u015f\u0131nda ve do\u011fu\u015ftan ampute, sa\u011f eli diresek alt\u0131ndan yok. Ayn\u0131 zamanda milli triatlon sporcusu olan Ula\u015f, &#8220;Ben kendimi engelli gibi g\u00f6rm\u00fcyorum. Profesyonel sporcuyum. Ald\u0131\u011f\u0131m dereceler ile \u00fclkemi temsil etti\u011fim i\u00e7in gurur duyuyorum. Bu tak\u0131m ile ilk defa yar\u0131\u015ft\u0131m ama \u00e7ok g\u00fczel bir ekip olduk\u2019\u2019 diyerek ilerleyen zamanlarda daha da ba\u015far\u0131l\u0131 olacaklar\u0131n\u0131 ifade etti.<\/p>\n<p>Do\u011fma b\u00fcy\u00fcme Marmarisli olan 19 ya\u015f\u0131ndaki  Osman Akta\u015f da \u015f\u00f6yle konu\u015ftu:<\/p>\n<p>&#8220;4 y\u0131ll\u0131k Denizcilik Lisesi mezunuyum. 2 y\u0131l \u00f6nce bir trafik kazas\u0131nda sa\u011f aya\u011f\u0131m\u0131 diz alt\u0131ndan kaybettim. \u00c7evremdeki insanlar yapamazs\u0131n, edemezsin dediler ama H\u00fcseyin a\u011fabey beni ekibe ald\u0131. Asl\u0131nda yapabilece\u011fimi \u00f6nce kendime sonra \u00e7evreme kan\u0131tlad\u0131m. Hedefim \u00e7ok ba\u015far\u0131l\u0131 olmak. Elimden gelenin en iyisini yap\u0131p milli tak\u0131m sporcusu olmak istiyorum.&#8221;<\/p>\n","protected":false},"excerpt":{"rendered":"<p>MARMAR\u0130S 12. MIYC KI\u015e TROFES\u0130 YELKEN YARI\u015eLARINDA, EN \u00c7OK \u0130LG\u0130Y\u0130 RED L\u0130ONS ALDI 8 METREL\u0130K TEKNE \u0130LE YARI\u015eAN ENGELL\u0130 YELKEN YARI\u015e\u00c7ILARI \u00c7EKT\u0130.<\/p>\n","protected":false},"author":1,"featured_media":255256,"comment_status":"closed","ping_status":"open","sticky":false,"template":"","format":"standard","meta":{"jetpack_post_was_ever_published":false,"_jetpack_newsletter_access":"","_jetpack_dont_email_post_to_subs":false,"_jetpack_newsletter_tier_id":0,"_jetpack_memberships_contains_paywalled_content":false,"_jetpack_memberships_contains_paid_content":false,"footnotes":"","jetpack_publicize_message":"","jetpack_publicize_feature_enabled":true,"jetpack_social_post_already_shared":true,"jetpack_social_options":{"image_generator_settings":{"template":"highway","default_image_id":0,"font":"","enabled":false},"version":2}},"categories":[657],"tags":[18498,1044,257,63115,366],"class_list":["post-255255","post","type-post","status-publish","format-standard","has-post-thumbnail","hentry","category-spor","tag-denizde","tag-engelleri","tag-hava","tag-ruzgarsiz","tag-tek"],"jetpack_publicize_connections":[],"jetpack_featured_media_url":"https:\/\/i0.wp.com\/www.tvturk.com\/wp-content\/uploads\/2020\/01\/denizde-tek-engelleri-ruzgarsiz-hava_0132373.jpg?fit=1000%2C666","jetpack_sharing_enabled":true,"jetpack_shortlink":"https:\/\/wp.me\/paKIfm-14p1","_links":{"self":[{"href":"http:\/\/www.tvturk.com\/index.php\/wp-json\/wp\/v2\/posts\/255255","targetHints":{"allow":["GET"]}}],"collection":[{"href":"http:\/\/www.tvturk.com\/index.php\/wp-json\/wp\/v2\/posts"}],"about":[{"href":"http:\/\/www.tvturk.com\/index.php\/wp-json\/wp\/v2\/types\/post"}],"author":[{"embeddable":true,"href":"http:\/\/www.tvturk.com\/index.php\/wp-json\/wp\/v2\/users\/1"}],"replies":[{"embeddable":true,"href":"http:\/\/www.tvturk.com\/index.php\/wp-json\/wp\/v2\/comments?post=255255"}],"version-history":[{"count":0,"href":"http:\/\/www.tvturk.com\/index.php\/wp-json\/wp\/v2\/posts\/255255\/revisions"}],"wp:featuredmedia":[{"embeddable":true,"href":"http:\/\/www.tvturk.com\/index.php\/wp-json\/wp\/v2\/media\/255256"}],"wp:attachment":[{"href":"http:\/\/www.tvturk.com\/index.php\/wp-json\/wp\/v2\/media?parent=255255"}],"wp:term":[{"taxonomy":"category","embeddable":true,"href":"http:\/\/www.tvturk.com\/index.php\/wp-json\/wp\/v2\/categories?post=255255"},{"taxonomy":"post_tag","embeddable":true,"href":"http:\/\/www.tvturk.com\/index.php\/wp-json\/wp\/v2\/tags?post=255255"}],"curies":[{"name":"wp","href":"https:\/\/api.w.org\/{rel}","templated":true}]}}