{"id":255259,"date":"2020-01-14T10:02:45","date_gmt":"2020-01-14T07:02:45","guid":{"rendered":"http:\/\/www.tvturk.com\/index.php\/italyanin-unlu-moda-ve-tasarim-akademileri-turkiyeye-geliyor\/"},"modified":"2020-01-14T10:02:45","modified_gmt":"2020-01-14T07:02:45","slug":"italyanin-unlu-moda-ve-tasarim-akademileri-turkiyeye-geliyor","status":"publish","type":"post","link":"http:\/\/www.tvturk.com\/index.php\/italyanin-unlu-moda-ve-tasarim-akademileri-turkiyeye-geliyor\/","title":{"rendered":"\u0130talya\u2019n\u0131n \u00fcnl\u00fc moda ve tasar\u0131m akademileri T\u00fcrkiye\u2019ye geliyor"},"content":{"rendered":"<p>D\u00fcnyan\u0131n sayg\u0131n \u0130talyan \u00fcniversiteleri NABA (Nuovo Accademia di Belle Arti) , Domus Academy ve Istituto Marangoni, Firenze E\u011fitim \u00f6nc\u00fcl\u00fc\u011f\u00fcnde \u00f6\u011frenci se\u00e7imleri i\u00e7in \u0130stanbul\u2019a geliyor. Lise ve \u00fcniversite son s\u0131n\u0131f \u00f6\u011frencileri veya mezunlar\u0131na y\u00f6nelik ayr\u0131cal\u0131kl\u0131 ba\u015fvuru g\u00fcnlerine  kat\u0131lanlar, \u0130talyan akademilerin temsilcileri ile y\u00fcz y\u00fcze g\u00f6r\u00fc\u015fme f\u0131rsat\u0131 bulacak ve ayn\u0131 g\u00fcn de\u011ferlendirilmeye al\u0131nacaklar.<\/p>\n<p>\u0130talyan \u00fcniversiteleri Partner Acentesi olarak hizmet veren Firenze E\u011fitim, \u0130talya\u2019da moda, tasar\u0131m ve tasar\u0131m y\u00f6netimi e\u011fitimi almak isteyenler i\u00e7in 21-22 \u015eubat 2020 tarihleri aras\u0131nda \u2019De\u011ferlendirme G\u00fcnleri\u2019 (Evaluation Days) d\u00fczenliyor. Ba\u011fdat Caddesi\u2019ndeki Firenze Yurtd\u0131\u015f\u0131 E\u011fitim binas\u0131nda yap\u0131lacak etkinli\u011fe; \u0130talya\u2019n\u0131n Milano kentinde 1980 y\u0131l\u0131ndan bir grup moda ve tasar\u0131m sanat\u00e7\u0131s\u0131 taraf\u0131ndan kurulan Nuova Accademia Di Belle Arti (NABA) ile ayn\u0131 kamp\u00fcste hizmet veren d\u00fcnyaca \u00fcnl\u00fc tasar\u0131m okulu Domus Academy temsilcileri kat\u0131lacak. 6-7 Mart 2020 tarihleri aras\u0131nda ise Istituto Marangoni   \u2019De\u011ferlendirme G\u00fcnleri\u2019 (Evaluation Days) ger\u00e7ekle\u015fecek.<\/p>\n<p>Yap\u0131lan bilgilendirmeye g\u00f6re; NABA , Domus Academy ve istituto marangoni ba\u015fvurular\u0131 i\u00e7in d\u00fczenlenecek etkinlikte kat\u0131l\u0131mc\u0131lar, \u00fcniversite yetkilileri  ile y\u00fcz y\u00fcze g\u00f6r\u00fc\u015fme f\u0131rsat\u0131 bulacak. Ayr\u0131ca, \u00fccret \u00f6demeden ba\u015fvuru yapabilecek olan kat\u0131l\u0131mc\u0131lar, ayn\u0131 g\u00fcn i\u00e7inde de\u011ferlendirmeye al\u0131nacak ve uygun g\u00f6r\u00fclenlerin direk kabulleri verilecek. Kat\u0131l\u0131m i\u00e7in ba\u015fvuru evraklar\u0131n\u0131n 14 \u015eubat tarihine kadar Firenze E\u011fitim dan\u0131\u015fmanlar\u0131na ula\u015ft\u0131r\u0131lmas\u0131 gerekiyor.<\/p>\n<p>NABA , Domus Academy ve istituto marangoni  Evaluation Days\u2019e kimler kat\u0131labilir?<\/p>\n<p>Etkinli\u011fe \u00fcniversite ve master programlar\u0131na ba\u015fvuru yapmak isteyen \u00f6\u011frenciler kat\u0131labilecek. Burs yar\u0131\u015fmalar\u0131 a\u00e7\u0131k olaca\u011f\u0131 i\u00e7in isteyen \u00f6\u011frenciler, projelerine  de\u011ferlendirme alabilecekler.<\/p>\n<p>\u00dcniversite programlar\u0131na kat\u0131lmak isteyen liselerin 12\u2019nci s\u0131n\u0131f \u00f6\u011frencileri ve mezunlar\u0131, ba\u015fvuru evraklar\u0131n\u0131 Firenze\u2019ye ula\u015ft\u0131rd\u0131ktan sonra randevu alarak birebir g\u00f6r\u00fc\u015fmelere kat\u0131labilecek ve \u00fcniversite  kabul\u00fcn\u00fc g\u00f6r\u00fc\u015fme sonunda alabilecek.<\/p>\n<p>Liselerin 10\u2019uncu ve 11\u2019inci s\u0131n\u0131f \u00f6\u011frencileri de tasar\u0131m \u00e7al\u0131\u015fmalar\u0131 varsa \u00f6n de\u011ferlendirme alabilecekler. Bu \u00f6\u011frenciler ayr\u0131ca, okul ve programlar hakk\u0131nda okul yetkilisinden ayr\u0131nt\u0131l\u0131 bilgi almak i\u00e7in de etkinli\u011fe kat\u0131labilecek. Bunun yan\u0131nda etkinlikte yaz okullar\u0131 hakk\u0131nda da bilgi sa\u011flanacak.<\/p>\n<p>\u00dcniversite son s\u0131n\u0131f \u00f6\u011frencileri ve mezunlar\u0131 da de\u011ferlendirme g\u00fcnlerine master programlar\u0131 i\u00e7in kat\u0131labilecek. \u00dcniversitelerin 1, 2 ve 3\u2019\u00fcnc\u00fc s\u0131n\u0131f \u00f6\u011frencileri ise portfolyo \u00e7al\u0131\u015fmalar\u0131n\u0131 sunmak kayd\u0131yla \u00f6n de\u011ferlendirme alabilecek ve master kabul\u00fcn\u00fc g\u00f6r\u00fc\u015fme sonunda alabilecekler. Ayr\u0131ca, okullar\u0131n programlar\u0131 ve yaz okulu hakk\u0131nda bilgi verilecek.<\/p>\n","protected":false},"excerpt":{"rendered":"<p>D\u00dcNYANIN SAYGIN \u0130TALYAN \u00dcN\u0130VERS\u0130TELER\u0130 NABA (NUOVO ACCADEM\u0130A D\u0130 BELLE ART\u0130) , DOMUS ACADEMY VE IST\u0130TUTO MARANGON\u0130, F\u0130RENZE E\u011e\u0130T\u0130M \u00d6NC\u00dcL\u00dc\u011e\u00dcNDE \u00d6\u011eRENC\u0130 SE\u00c7\u0130MLER\u0130 \u0130\u00c7\u0130N \u0130STANBUL&#8217;A GEL\u0130YOR. L\u0130SE VE \u00dcN\u0130VERS\u0130TE SON SINIF \u00d6\u011eRENC\u0130LER\u0130 VEYA MEZUNLARINA Y\u00d6NEL\u0130K AYRICALIKLI BA\u015eVURU G\u00dcNLER\u0130NE  KATILANLAR, \u0130TALYAN AKADEM\u0130LER\u0130N TEMS\u0130LC\u0130LER\u0130 \u0130LE Y\u00dcZ Y\u00dcZE G\u00d6R\u00dc\u015eME FIRSATI BULACAK VE AYNI G\u00dcN DE\u011eERLEND\u0130R\u0130LMEYE ALINACAKLAR.<\/p>\n","protected":false},"author":1,"featured_media":255260,"comment_status":"closed","ping_status":"open","sticky":false,"template":"","format":"standard","meta":{"jetpack_post_was_ever_published":false,"_jetpack_newsletter_access":"","_jetpack_dont_email_post_to_subs":false,"_jetpack_newsletter_tier_id":0,"_jetpack_memberships_contains_paywalled_content":false,"_jetpack_memberships_contains_paid_content":false,"footnotes":"","jetpack_publicize_message":"","jetpack_publicize_feature_enabled":true,"jetpack_social_post_already_shared":true,"jetpack_social_options":{"image_generator_settings":{"template":"highway","default_image_id":0,"font":"","enabled":false},"version":2}},"categories":[1],"tags":[63116,3927,18165,3060,2455,4071,5590],"class_list":["post-255259","post","type-post","status-publish","format-standard","has-post-thumbnail","hentry","category-genel","tag-akademileri","tag-geliyor","tag-italyanin","tag-moda","tag-tasarim","tag-turkiyeye","tag-unlu"],"jetpack_publicize_connections":[],"jetpack_featured_media_url":"https:\/\/i0.wp.com\/www.tvturk.com\/wp-content\/uploads\/2020\/01\/italyanin-unlu-moda-ve-tasarim-akademileri-turkiyeye-geliyor_db276f6.jpg?fit=1000%2C707","jetpack_sharing_enabled":true,"jetpack_shortlink":"https:\/\/wp.me\/paKIfm-14p5","_links":{"self":[{"href":"http:\/\/www.tvturk.com\/index.php\/wp-json\/wp\/v2\/posts\/255259","targetHints":{"allow":["GET"]}}],"collection":[{"href":"http:\/\/www.tvturk.com\/index.php\/wp-json\/wp\/v2\/posts"}],"about":[{"href":"http:\/\/www.tvturk.com\/index.php\/wp-json\/wp\/v2\/types\/post"}],"author":[{"embeddable":true,"href":"http:\/\/www.tvturk.com\/index.php\/wp-json\/wp\/v2\/users\/1"}],"replies":[{"embeddable":true,"href":"http:\/\/www.tvturk.com\/index.php\/wp-json\/wp\/v2\/comments?post=255259"}],"version-history":[{"count":0,"href":"http:\/\/www.tvturk.com\/index.php\/wp-json\/wp\/v2\/posts\/255259\/revisions"}],"wp:featuredmedia":[{"embeddable":true,"href":"http:\/\/www.tvturk.com\/index.php\/wp-json\/wp\/v2\/media\/255260"}],"wp:attachment":[{"href":"http:\/\/www.tvturk.com\/index.php\/wp-json\/wp\/v2\/media?parent=255259"}],"wp:term":[{"taxonomy":"category","embeddable":true,"href":"http:\/\/www.tvturk.com\/index.php\/wp-json\/wp\/v2\/categories?post=255259"},{"taxonomy":"post_tag","embeddable":true,"href":"http:\/\/www.tvturk.com\/index.php\/wp-json\/wp\/v2\/tags?post=255259"}],"curies":[{"name":"wp","href":"https:\/\/api.w.org\/{rel}","templated":true}]}}