{"id":25528,"date":"2019-02-12T14:46:04","date_gmt":"2019-02-12T11:46:04","guid":{"rendered":"http:\/\/www.tvturk.com\/index.php\/sakemden-saglikli-beslenme-programi\/"},"modified":"2019-02-12T14:46:05","modified_gmt":"2019-02-12T11:46:05","slug":"sakemden-saglikli-beslenme-programi","status":"publish","type":"post","link":"http:\/\/www.tvturk.com\/index.php\/sakemden-saglikli-beslenme-programi\/","title":{"rendered":"SAKEM\u2019den sa\u011fl\u0131kl\u0131 beslenme program\u0131"},"content":{"rendered":"<p>Her ge\u00e7en g\u00fcn projelerine yenilerini ekleyen Safranbolu K\u00fclt\u00fcr ve E\u011fitim Merkezi ( SAKEM ) sa\u011fl\u0131kl\u0131 beslenme ile ilgili bir \u00e7al\u0131\u015fma ba\u015flatt\u0131.<\/p>\n<p>Uzman Diyetisyen Hilal Do\u011fan e\u015fli\u011finde belirli periyotlar halinde ger\u00e7ekle\u015ftirilecek olan sa\u011fl\u0131kl\u0131 beslenme program\u0131 canl\u0131 uygulamalarla ger\u00e7ekle\u015fiyor.<\/p>\n<p>Hastal\u0131k olarak g\u00f6r\u00fcnmese de \u00e7a\u011f\u0131n hastal\u0131\u011f\u0131 olan obezitenin artarak devam eden bir hal ald\u0131\u011f\u0131n\u0131 belirten Safranbolu Kaymakam\u0131 ve Belediye Ba\u015fkan\u0131 Dr. Fatih \u00dcrkmezer, \u201cBu sadece \u00e7ocuklar\u0131m\u0131z da de\u011fil toplumun t\u00fcm kesimlerinde ne yaz\u0131k ki b\u00f6yle. Bu nedenle yediklerimize sa\u011fl\u0131\u011f\u0131m\u0131z a\u00e7\u0131s\u0131ndan dikkat etmek durumunday\u0131z. Bu kapsamda Belediyemize ba\u011fl\u0131 bulunan ve \u00e7al\u0131\u015fmalar\u0131n\u0131 s\u00fcrd\u00fcren Safranbolu K\u00fclt\u00fcr ve E\u011fitim Merkezimizin mutfak b\u00f6l\u00fcm\u00fcnde Uzman Diyetisyen e\u015fli\u011finde uygulamal\u0131 bir \u00e7al\u0131\u015fma ba\u015flatt\u0131k\u201d dedi.<\/p>\n<p>Ba\u015flat\u0131lan \u00e7al\u0131\u015fma ile ilgili \u00dcrkmezer, \u201cProgram\u0131n sa\u011fl\u0131kl\u0131 ya\u015famak ve d\u00fczenli ve gerekti\u011fi kadar almak a\u00e7\u0131s\u0131ndan faydal\u0131 olaca\u011f\u0131 kanaatindeyim. Yap\u0131lan e\u011fitimler gerek kurslar gerekse sosyal medya arac\u0131l\u0131\u011f\u0131 ile halk\u0131m\u0131zla da payla\u015f\u0131lacak\u201d ifadelerini kulland\u0131.<div class=\"tiled-gallery type-rectangular tiled-gallery-unresized\" data-original-width=\"500\" data-carousel-extra='null' itemscope itemtype=\"http:\/\/schema.org\/ImageGallery\" > <div class=\"gallery-row\" style=\"width: 500px; height: 332px;\" data-original-width=\"500\" data-original-height=\"332\" > <div class=\"gallery-group images-1\" style=\"width: 250px; height: 332px;\" data-original-width=\"250\" data-original-height=\"332\" > <div class=\"tiled-gallery-item tiled-gallery-item-small\" itemprop=\"associatedMedia\" itemscope itemtype=\"http:\/\/schema.org\/ImageObject\"> <a href=\"http:\/\/www.tvturk.com\/index.php\/sakemden-saglikli-beslenme-programi\/sakemden-saglikli-beslenme-programi-3\/\" border=\"0\" itemprop=\"url\"> <meta itemprop=\"width\" content=\"246\"> <meta itemprop=\"height\" content=\"328\"> <img decoding=\"async\" class=\"\" data-attachment-id=\"25530\" data-orig-file=\"http:\/\/www.tvturk.com\/wp-content\/uploads\/2019\/02\/sakemden-saglikli-beslenme-programi_e8fc195.jpg\" data-orig-size=\"750,1000\" data-comments-opened=\"\" data-image-meta=\"{&quot;aperture&quot;:&quot;0&quot;,&quot;credit&quot;:&quot;IHA&quot;,&quot;camera&quot;:&quot;&quot;,&quot;caption&quot;:&quot;UZMAN D\\u0130YET\\u0130SYEN H\\u0130LAL DO\\u011eAN E\\u015eL\\u0130\\u011e\\u0130NDE BEL\\u0130RL\\u0130 PER\\u0130YOTLAR HAL\\u0130NDE GER\\u00c7EKLE\\u015eT\\u0130R\\u0130LECEK OLAN SA\\u011eLIKLI BESLENME PROGRAMI CANLI UYGULAMALARLA GER\\u00c7EKLE\\u015e\\u0130YOR. (FAT\\u0130H \\u00dcNL\\u00dc\\\/KARAB\\u00dcK-\\u0130HA)&quot;,&quot;created_timestamp&quot;:&quot;0&quot;,&quot;copyright&quot;:&quot;\\u0130HLAS HABER AJANSI, www.iha.com.tr&quot;,&quot;focal_length&quot;:&quot;0&quot;,&quot;iso&quot;:&quot;0&quot;,&quot;shutter_speed&quot;:&quot;0&quot;,&quot;title&quot;:&quot;SAKEM\\u2019DEN SA\\u011eLIKLI BESLENME PROGRAMI&quot;,&quot;orientation&quot;:&quot;0&quot;}\" data-image-title=\"SAKEM\u2019den sa\u011fl\u0131kl\u0131 beslenme program\u0131\" data-image-description=\"&lt;p&gt;SAKEM\u2019den sa\u011fl\u0131kl\u0131 beslenme program\u0131&lt;\/p&gt; \" data-medium-file=\"https:\/\/i0.wp.com\/www.tvturk.com\/wp-content\/uploads\/2019\/02\/sakemden-saglikli-beslenme-programi_e8fc195.jpg?fit=225%2C300\" data-large-file=\"https:\/\/i0.wp.com\/www.tvturk.com\/wp-content\/uploads\/2019\/02\/sakemden-saglikli-beslenme-programi_e8fc195.jpg?fit=750%2C1000\" src=\"https:\/\/i0.wp.com\/www.tvturk.com\/wp-content\/uploads\/2019\/02\/sakemden-saglikli-beslenme-programi_e8fc195.jpg?w=246&#038;h=328\" srcset=\"https:\/\/i0.wp.com\/www.tvturk.com\/wp-content\/uploads\/2019\/02\/sakemden-saglikli-beslenme-programi_e8fc195.jpg?w=750 750w, https:\/\/i0.wp.com\/www.tvturk.com\/wp-content\/uploads\/2019\/02\/sakemden-saglikli-beslenme-programi_e8fc195.jpg?resize=113%2C150 113w, https:\/\/i0.wp.com\/www.tvturk.com\/wp-content\/uploads\/2019\/02\/sakemden-saglikli-beslenme-programi_e8fc195.jpg?resize=225%2C300 225w\" width=\"246\" height=\"328\" loading=\"lazy\" data-original-width=\"246\" data-original-height=\"328\" itemprop=\"http:\/\/schema.org\/image\" title=\"SAKEM\u2019den sa\u011fl\u0131kl\u0131 beslenme program\u0131\" alt=\"SAKEM\u2019den sa\u011fl\u0131kl\u0131 beslenme program\u0131\" style=\"width: 246px; height: 328px;\" \/> <\/a> <\/div> <\/div> <!-- close group --> <div class=\"gallery-group images-1\" style=\"width: 250px; height: 332px;\" data-original-width=\"250\" data-original-height=\"332\" > <div class=\"tiled-gallery-item tiled-gallery-item-small\" itemprop=\"associatedMedia\" itemscope itemtype=\"http:\/\/schema.org\/ImageObject\"> <a href=\"http:\/\/www.tvturk.com\/index.php\/sakemden-saglikli-beslenme-programi\/sakemden-saglikli-beslenme-programi-4\/\" border=\"0\" itemprop=\"url\"> <meta itemprop=\"width\" content=\"246\"> <meta itemprop=\"height\" content=\"328\"> <img decoding=\"async\" class=\"\" data-attachment-id=\"25531\" data-orig-file=\"http:\/\/www.tvturk.com\/wp-content\/uploads\/2019\/02\/sakemden-saglikli-beslenme-programi_5fbbbb6.jpg\" data-orig-size=\"750,1000\" data-comments-opened=\"\" data-image-meta=\"{&quot;aperture&quot;:&quot;0&quot;,&quot;credit&quot;:&quot;IHA&quot;,&quot;camera&quot;:&quot;&quot;,&quot;caption&quot;:&quot;UZMAN D\\u0130YET\\u0130SYEN H\\u0130LAL DO\\u011eAN E\\u015eL\\u0130\\u011e\\u0130NDE BEL\\u0130RL\\u0130 PER\\u0130YOTLAR HAL\\u0130NDE GER\\u00c7EKLE\\u015eT\\u0130R\\u0130LECEK OLAN SA\\u011eLIKLI BESLENME PROGRAMI CANLI UYGULAMALARLA GER\\u00c7EKLE\\u015e\\u0130YOR. (FAT\\u0130H \\u00dcNL\\u00dc\\\/KARAB\\u00dcK-\\u0130HA)&quot;,&quot;created_timestamp&quot;:&quot;0&quot;,&quot;copyright&quot;:&quot;\\u0130HLAS HABER AJANSI, www.iha.com.tr&quot;,&quot;focal_length&quot;:&quot;0&quot;,&quot;iso&quot;:&quot;0&quot;,&quot;shutter_speed&quot;:&quot;0&quot;,&quot;title&quot;:&quot;SAKEM\\u2019DEN SA\\u011eLIKLI BESLENME PROGRAMI&quot;,&quot;orientation&quot;:&quot;0&quot;}\" data-image-title=\"SAKEM\u2019den sa\u011fl\u0131kl\u0131 beslenme program\u0131\" data-image-description=\"&lt;p&gt;SAKEM\u2019den sa\u011fl\u0131kl\u0131 beslenme program\u0131&lt;\/p&gt; \" data-medium-file=\"https:\/\/i0.wp.com\/www.tvturk.com\/wp-content\/uploads\/2019\/02\/sakemden-saglikli-beslenme-programi_5fbbbb6.jpg?fit=225%2C300\" data-large-file=\"https:\/\/i0.wp.com\/www.tvturk.com\/wp-content\/uploads\/2019\/02\/sakemden-saglikli-beslenme-programi_5fbbbb6.jpg?fit=750%2C1000\" src=\"https:\/\/i0.wp.com\/www.tvturk.com\/wp-content\/uploads\/2019\/02\/sakemden-saglikli-beslenme-programi_5fbbbb6.jpg?w=246&#038;h=328\" srcset=\"https:\/\/i0.wp.com\/www.tvturk.com\/wp-content\/uploads\/2019\/02\/sakemden-saglikli-beslenme-programi_5fbbbb6.jpg?w=750 750w, https:\/\/i0.wp.com\/www.tvturk.com\/wp-content\/uploads\/2019\/02\/sakemden-saglikli-beslenme-programi_5fbbbb6.jpg?resize=113%2C150 113w, https:\/\/i0.wp.com\/www.tvturk.com\/wp-content\/uploads\/2019\/02\/sakemden-saglikli-beslenme-programi_5fbbbb6.jpg?resize=225%2C300 225w\" width=\"246\" height=\"328\" loading=\"lazy\" data-original-width=\"246\" data-original-height=\"328\" itemprop=\"http:\/\/schema.org\/image\" title=\"SAKEM\u2019den sa\u011fl\u0131kl\u0131 beslenme program\u0131\" alt=\"SAKEM\u2019den sa\u011fl\u0131kl\u0131 beslenme program\u0131\" style=\"width: 246px; height: 328px;\" \/> <\/a> <\/div> <\/div> <!-- close group --> <\/div> <!-- close row --> <\/div><\/p>\n","protected":false},"excerpt":{"rendered":"<p>HER GE\u00c7EN G\u00dcN PROJELER\u0130NE YEN\u0130LER\u0130N\u0130 EKLEYEN SAFRANBOLU K\u00dcLT\u00dcR VE E\u011e\u0130T\u0130M MERKEZ\u0130 ( SAKEM ) SA\u011eLIKLI BESLENME \u0130LE \u0130LG\u0130L\u0130 B\u0130R \u00c7ALI\u015eMA BA\u015eLATTI.<\/p>\n","protected":false},"author":1,"featured_media":25529,"comment_status":"closed","ping_status":"open","sticky":false,"template":"","format":"standard","meta":{"jetpack_post_was_ever_published":false,"_jetpack_newsletter_access":"","_jetpack_dont_email_post_to_subs":false,"_jetpack_newsletter_tier_id":0,"_jetpack_memberships_contains_paywalled_content":false,"_jetpack_memberships_contains_paid_content":false,"footnotes":"","jetpack_publicize_message":"","jetpack_publicize_feature_enabled":true,"jetpack_social_post_already_shared":false,"jetpack_social_options":{"image_generator_settings":{"template":"highway","default_image_id":0,"font":"","enabled":false},"version":2}},"categories":[655],"tags":[4232,1999,1648,10603],"class_list":["post-25528","post","type-post","status-publish","format-standard","has-post-thumbnail","hentry","category-son-dakika","tag-beslenme","tag-programi","tag-saglikli","tag-sakemden"],"jetpack_publicize_connections":[],"jetpack_featured_media_url":"https:\/\/i0.wp.com\/www.tvturk.com\/wp-content\/uploads\/2019\/02\/sakemden-saglikli-beslenme-programi_8d2e45b.jpg?fit=750%2C1000","jetpack_sharing_enabled":true,"jetpack_shortlink":"https:\/\/wp.me\/paKIfm-6DK","_links":{"self":[{"href":"http:\/\/www.tvturk.com\/index.php\/wp-json\/wp\/v2\/posts\/25528","targetHints":{"allow":["GET"]}}],"collection":[{"href":"http:\/\/www.tvturk.com\/index.php\/wp-json\/wp\/v2\/posts"}],"about":[{"href":"http:\/\/www.tvturk.com\/index.php\/wp-json\/wp\/v2\/types\/post"}],"author":[{"embeddable":true,"href":"http:\/\/www.tvturk.com\/index.php\/wp-json\/wp\/v2\/users\/1"}],"replies":[{"embeddable":true,"href":"http:\/\/www.tvturk.com\/index.php\/wp-json\/wp\/v2\/comments?post=25528"}],"version-history":[{"count":1,"href":"http:\/\/www.tvturk.com\/index.php\/wp-json\/wp\/v2\/posts\/25528\/revisions"}],"predecessor-version":[{"id":25532,"href":"http:\/\/www.tvturk.com\/index.php\/wp-json\/wp\/v2\/posts\/25528\/revisions\/25532"}],"wp:featuredmedia":[{"embeddable":true,"href":"http:\/\/www.tvturk.com\/index.php\/wp-json\/wp\/v2\/media\/25529"}],"wp:attachment":[{"href":"http:\/\/www.tvturk.com\/index.php\/wp-json\/wp\/v2\/media?parent=25528"}],"wp:term":[{"taxonomy":"category","embeddable":true,"href":"http:\/\/www.tvturk.com\/index.php\/wp-json\/wp\/v2\/categories?post=25528"},{"taxonomy":"post_tag","embeddable":true,"href":"http:\/\/www.tvturk.com\/index.php\/wp-json\/wp\/v2\/tags?post=25528"}],"curies":[{"name":"wp","href":"https:\/\/api.w.org\/{rel}","templated":true}]}}