{"id":255291,"date":"2020-01-14T10:32:34","date_gmt":"2020-01-14T07:32:34","guid":{"rendered":"http:\/\/www.tvturk.com\/index.php\/tubitak-baskani-prof-dr-mandal-anadolu-universitesi-ogrencileriyle-bulustu\/"},"modified":"2020-01-14T10:32:34","modified_gmt":"2020-01-14T07:32:34","slug":"tubitak-baskani-prof-dr-mandal-anadolu-universitesi-ogrencileriyle-bulustu","status":"publish","type":"post","link":"http:\/\/www.tvturk.com\/index.php\/tubitak-baskani-prof-dr-mandal-anadolu-universitesi-ogrencileriyle-bulustu\/","title":{"rendered":"T\u00dcB\u0130TAK Ba\u015fkan\u0131 Prof. Dr. Mandal, Anadolu \u00dcniversitesi \u00f6\u011frencileriyle bulu\u015ftu"},"content":{"rendered":"<p>T\u00fcrkiye Bilimsel ve Teknolojik Ara\u015ft\u0131rma Kurumu (T\u00dcB\u0130TAK) Ba\u015fkan\u0131 Prof. Dr. Hasan Mandal, Anadolu \u00dcniversitesi Gen\u00e7 Kadem Kul\u00fcb\u00fc taraf\u0131ndan d\u00fczenlenen \u201cEtki Odakl\u0131 Bilim, Teknoloji ve Yenilik Ekosisteminde T\u00dcB\u0130TAK\u201d konferans\u0131nda \u00f6\u011frencilerle bulu\u015ftu.<\/p>\n<p>Anadolu \u00dcniversitesi \u015eener \u015een K\u00fclt\u00fcr Salonu\u2019nda ger\u00e7ekle\u015ftirilen konferansa Anadolu \u00dcniversitesi Rekt\u00f6r\u00fc Prof. Dr. \u015eafak Ertan \u00c7omakl\u0131 da kat\u0131l\u0131m g\u00f6sterdi. Konferans \u00f6ncesi \u00d6\u011frenci Merkezi\u2019ni gezen T\u00dcB\u0130TAK Ba\u015fkan\u0131 Prof. Dr. Hasan Mandal burada, Anadolu \u00dcniversitesi \u00f6\u011frenci kul\u00fcpleri \u00fcyeleri ile bir araya geldi. Kul\u00fcpler hakk\u0131nda bilgi alan Prof. Dr. Mandal, \u00fcniversite \u00e7at\u0131s\u0131 alt\u0131nda faaliyet g\u00f6steren \u00f6\u011frenci kul\u00fcplerinin \u00f6nemine dikkat \u00e7ekti.<\/p>\n<p>Rekt\u00f6r Prof. Dr. \u00c7omakl\u0131: \u201cHasan Mandal hocam\u0131z hem bizim hem de \u00fclkemiz i\u00e7in \u00e7ok k\u0131ymetli bir bilim adam\u0131d\u0131r\u201d<\/p>\n<p>Konferans \u00f6ncesinde T\u00dcB\u0130TAK Ba\u015fkan\u0131 Prof. Dr. Hasan Mandal\u2019a s\u00fcrpriz yap\u0131larak, Anadolu \u00dcniversitesi\u2019nde akademisyenlik yapt\u0131\u011f\u0131 d\u00f6nemdeki g\u00f6r\u00fcnt\u00fclerden haz\u0131rlanan bir video klip g\u00f6sterimi ger\u00e7ekle\u015ftirildi. Konferans\u0131n a\u00e7\u0131l\u0131\u015f konu\u015fmas\u0131n\u0131 yapan Anadolu \u00dcniversitesi Rekt\u00f6r\u00fc Prof. Dr. \u015eafak Ertan \u00c7omakl\u0131, \u201cT\u00dcB\u0130TAK Ba\u015fkan\u0131m\u0131z Prof. Dr. Hasan Mandal hocam\u0131z hem bizim i\u00e7in hem de \u00fclkemiz i\u00e7in \u00e7ok k\u0131ymetli bir bilim adam\u0131d\u0131r. \u00c7\u00fcnk\u00fc \u015fu anda g\u00f6rm\u00fc\u015f oldu\u011funuz b\u00fct\u00fcn teknolojik geli\u015fmelerin ve altyap\u0131lar\u0131n bir \u015fekilde bilimsel proje olarak geli\u015ftirilmesi hatta onu ileri ta\u015f\u0131yan \u015feylerin ba\u015f\u0131nda geliyor. Bug\u00fcn e\u011fer baz\u0131 \u015feyleri yapma g\u00fcc\u00fcm\u00fcz oluyorsa T\u00dcB\u0130TAK\u2019\u0131n bu anlamda \u00e7ok \u00f6nemli bir rol\u00fc vard\u0131r. Bu nedenle Prof. Dr. Hasan Mandal hocam\u0131za hem \u00f6\u011frencilerimiz ad\u0131na hem de milletimiz ad\u0131na te\u015fekk\u00fcr etmek istiyorum.\u201d dedi.<\/p>\n<p>Prof. Dr. \u00c7omakl\u0131, konu\u015fmas\u0131n\u0131n sonunda, T\u00dcB\u0130TAK Ba\u015fkan\u0131 Mandal\u2019\u0131n Anadolu \u00dcniversitesi\u2019nde e\u011fitim verdi\u011fi d\u00f6neme ait bir foto\u011fraf\u0131ndan esinlenilerek yap\u0131lan tablosunu hediye etti.<\/p>\n<p>Prof. Dr. Hasan Mandal: \u201cT\u00fcrkiye d\u00fcnya ortalamas\u0131n\u0131n \u00e7ok \u00fczerinde\u201d<\/p>\n<p>Konferans daveti i\u00e7in Anadolu \u00dcniversitesi ve Gen\u00e7 Kadem Kul\u00fcb\u00fc\u2019ne te\u015fekk\u00fcr ederek s\u00f6zlerine ba\u015flayan T\u00dcB\u0130TAK Ba\u015fkan\u0131 Prof. Dr. Hasan Mandal, Anadolu \u00dcniversitesi\u2019ne 1996-2010 y\u0131llar\u0131 aras\u0131nda hizmet etti\u011fini kaydederek, \u201c\u015eu an kariyerimde belli bir noktadaysam bu \u00fcniversitenin ve bu \u00fcniversitenin de\u011ferlerinin olu\u015fturdu\u011fu ba\u015far\u0131 ekosisteminin \u00e7ok \u00f6nemli bir yeri vard\u0131r.\u201d \u015feklinde konu\u015ftu.<\/p>\n<p>T\u00dcB\u0130TAK\u2019a \u00fcniversitelerden gelen projelerin y\u00fczde 80\u2019inin reddedildi\u011fini belirten Prof. Dr. Mandal, \u015f\u00f6yle konu\u015ftu:<\/p>\n<p>\u201cNormal \u015fartlarda projelerin y\u00fczde 80\u2019inin reddedildi\u011fi y\u00fczde 20\u2019sinin kabul edildi\u011fi gibi bir durum s\u00f6z konusu. Ancak d\u00fcnya ortalamas\u0131na bakt\u0131\u011f\u0131m\u0131zda projelerin kabul edilme oran\u0131n\u0131n y\u00fczde 15\u2019e; Avrupa \u00fclkelerinde ise y\u00fczde 10\u2019a d\u00fc\u015ft\u00fc\u011f\u00fcn\u00fc g\u00f6r\u00fcyoruz. T\u00fcrkiye bu a\u00e7\u0131dan bak\u0131ld\u0131\u011f\u0131nda d\u00fcnya ortalamas\u0131n\u0131n olduk\u00e7a \u00fczerinde bir konumda yer al\u0131yor. Dolay\u0131s\u0131yla de\u011ferlendirme sistemleri de \u00e7ok k\u0131ymetli.\u201d<\/p>\n<p>Prof. Dr. Mandal: \u201cYapay zek\u00e2, b\u00fcy\u00fck veri ve nesnelerin interneti en \u00f6nemli ara\u00e7lar\u0131m\u0131z&#8221;<\/p>\n<p>Projelerin y\u00fcr\u00fct\u00fclmesindeki kaynak sa\u011flama konusuna da de\u011finen T\u00dcB\u0130TAK Ba\u015fkan\u0131 Mandal, \u201cAra\u015ft\u0131rmac\u0131lar daha fazla ve farkl\u0131 mekanizmalarla kaynak sa\u011flamak istiyor. Yani gerek ara\u015ft\u0131rmac\u0131, gerek akademisyen gerekse de sanayici noktas\u0131nda T\u00dcB\u0130TAK\u2019tan beklentiler daha \u00e7ok maddi destek almak y\u00f6n\u00fcnde. Ancak di\u011fer taraftan T\u00dcB\u0130TAK\u2019\u0131n vermi\u015f oldu\u011fu desteklerin, bir sorunu \u00e7\u00f6zme noktas\u0131nda sa\u011fland\u0131\u011f\u0131n\u0131n da alt\u0131n\u0131 \u00e7izmek istiyorum. Ge\u00e7mi\u015fte ara\u015ft\u0131rma yapma noktas\u0131 \u00f6n planda yer al\u0131yordu, fakat bu t\u00fcr fonlama mekanizmas\u0131 giderek azal\u0131yor. Art\u0131k daha fazla olarak bir sorunun \u00e7\u00f6z\u00fcm\u00fcne y\u00f6nelik projeler dikkate al\u0131n\u0131yor. Buna ek olarak sizin yapm\u0131\u015f oldu\u011funuz ara\u015ft\u0131rman\u0131n ba\u015fkalar\u0131 taraf\u0131ndan kullan\u0131labiliyor olmas\u0131 da \u00e7ok \u00f6nemli bir kriter.\u201d ifadelerine yer verdi.<\/p>\n<p>Prof. Dr. Mandal, kurum olarak ellerindeki en \u00f6nemli arac\u0131n yapay zeka, b\u00fcy\u00fck veri ve nesnelerin interneti gibi kavramlar\u0131n, de\u011ferlendirme s\u00fcre\u00e7lerinde daha \u00f6nemli hale geldi\u011fini kaydetti. D\u00fcnyadaki sorunlar\u0131n sadece pozitif bilimlerle ilgili olmad\u0131\u011f\u0131n\u0131, sosyolojik ve ekonomik boyutlar\u0131n\u0131n da ele al\u0131nmas\u0131 gerekti\u011fini vurgulayan Prof. Dr. Mandal, T\u00dcB\u0130TAK\u2019\u0131n sadece fen, m\u00fchendislik ve sa\u011fl\u0131k de\u011fil sosyal ve be\u015feri bilimlerin de d\u00e2hil oldu\u011fu bir sistemati\u011fe sahip oldu\u011funu ve bu alanlardaki \u00e7al\u0131\u015fmalara da destek verdiklerini kaydetti.<\/p>\n<p>Soru cevap \u015feklinde devam eden \u201cEtki Odakl\u0131 Bilim, Teknoloji ve Yenilik Ekosisteminde T\u00dcB\u0130TAK\u201d konferans\u0131, soru cevap b\u00f6l\u00fcm\u00fcn\u00fcn ard\u0131ndan son buldu. Konu\u015fmas\u0131n\u0131n sonunda Gen\u00e7 Kadem taraf\u0131ndan Prof. Dr. Hasan Mandal\u2019a hediye takdim edildi.<\/p>\n","protected":false},"excerpt":{"rendered":"<p>T\u00dcRK\u0130YE B\u0130L\u0130MSEL VE TEKNOLOJ\u0130K ARA\u015eTIRMA KURUMU (T\u00dcB\u0130TAK) BA\u015eKANI PROF. DR. HASAN MANDAL, ANADOLU \u00dcN\u0130VERS\u0130TES\u0130 GEN\u00c7 KADEM KUL\u00dcB\u00dc TARAFINDAN D\u00dcZENLENEN \u201cETK\u0130 ODAKLI B\u0130L\u0130M, TEKNOLOJ\u0130 VE YEN\u0130L\u0130K EKOS\u0130STEM\u0130NDE T\u00dcB\u0130TAK\u201d KONFERANSINDA \u00d6\u011eRENC\u0130LERLE BULU\u015eTU.<\/p>\n","protected":false},"author":1,"featured_media":255292,"comment_status":"closed","ping_status":"open","sticky":false,"template":"","format":"standard","meta":{"jetpack_post_was_ever_published":false,"_jetpack_newsletter_access":"","_jetpack_dont_email_post_to_subs":false,"_jetpack_newsletter_tier_id":0,"_jetpack_memberships_contains_paywalled_content":false,"_jetpack_memberships_contains_paid_content":false,"footnotes":"","jetpack_publicize_message":"","jetpack_publicize_feature_enabled":true,"jetpack_social_post_already_shared":true,"jetpack_social_options":{"image_generator_settings":{"template":"highway","default_image_id":0,"font":"","enabled":false},"version":2}},"categories":[24],"tags":[1223,216,389,279,11828,20097,2750,6851,382],"class_list":["post-255291","post","type-post","status-publish","format-standard","has-post-thumbnail","hentry","category-teknoloji","tag-anadolu","tag-baskani","tag-bulustu","tag-dr","tag-mandal","tag-ogrencileriyle","tag-prof","tag-tubitak","tag-universitesi"],"jetpack_publicize_connections":[],"jetpack_featured_media_url":"https:\/\/i0.wp.com\/www.tvturk.com\/wp-content\/uploads\/2020\/01\/tubitak-baskani-prof-dr-mandal-anadolu-universitesi-ogrencileriyle-bulustu_c2ebb96.jpg?fit=1000%2C666","jetpack_sharing_enabled":true,"jetpack_shortlink":"https:\/\/wp.me\/paKIfm-14pB","_links":{"self":[{"href":"http:\/\/www.tvturk.com\/index.php\/wp-json\/wp\/v2\/posts\/255291","targetHints":{"allow":["GET"]}}],"collection":[{"href":"http:\/\/www.tvturk.com\/index.php\/wp-json\/wp\/v2\/posts"}],"about":[{"href":"http:\/\/www.tvturk.com\/index.php\/wp-json\/wp\/v2\/types\/post"}],"author":[{"embeddable":true,"href":"http:\/\/www.tvturk.com\/index.php\/wp-json\/wp\/v2\/users\/1"}],"replies":[{"embeddable":true,"href":"http:\/\/www.tvturk.com\/index.php\/wp-json\/wp\/v2\/comments?post=255291"}],"version-history":[{"count":0,"href":"http:\/\/www.tvturk.com\/index.php\/wp-json\/wp\/v2\/posts\/255291\/revisions"}],"wp:featuredmedia":[{"embeddable":true,"href":"http:\/\/www.tvturk.com\/index.php\/wp-json\/wp\/v2\/media\/255292"}],"wp:attachment":[{"href":"http:\/\/www.tvturk.com\/index.php\/wp-json\/wp\/v2\/media?parent=255291"}],"wp:term":[{"taxonomy":"category","embeddable":true,"href":"http:\/\/www.tvturk.com\/index.php\/wp-json\/wp\/v2\/categories?post=255291"},{"taxonomy":"post_tag","embeddable":true,"href":"http:\/\/www.tvturk.com\/index.php\/wp-json\/wp\/v2\/tags?post=255291"}],"curies":[{"name":"wp","href":"https:\/\/api.w.org\/{rel}","templated":true}]}}