{"id":255329,"date":"2020-01-14T11:16:41","date_gmt":"2020-01-14T08:16:41","guid":{"rendered":"http:\/\/www.tvturk.com\/index.php\/baskan-ertugrul-cetin-gune-esnaf-ve-hasta-ziyaretleriyle-basliyor\/"},"modified":"2020-01-14T11:16:41","modified_gmt":"2020-01-14T08:16:41","slug":"baskan-ertugrul-cetin-gune-esnaf-ve-hasta-ziyaretleriyle-basliyor","status":"publish","type":"post","link":"http:\/\/www.tvturk.com\/index.php\/baskan-ertugrul-cetin-gune-esnaf-ve-hasta-ziyaretleriyle-basliyor\/","title":{"rendered":"Ba\u015fkan Ertu\u011frul \u00c7etin, g\u00fcne esnaf ve hasta ziyaretleriyle ba\u015fl\u0131yor"},"content":{"rendered":"<p>Pursaklar Belediye Ba\u015fkan\u0131 Ertu\u011frul \u00c7etin, rahats\u0131zl\u0131klar\u0131 nedeniyle evlerinde istirahat eden vatanda\u015flar\u0131 ziyaret etmeye devam ediyor.<\/p>\n<p>Ba\u015fkan Ertu\u011frul \u00c7etin, sabah\u0131n ilk \u0131\u015f\u0131klar\u0131 ile birlikte esnaf ziyaretlerine ba\u015flarken bir yandan da yo\u011fun bir tempoda \u00e7al\u0131\u015fmalar\u0131n\u0131 s\u00fcrd\u00fcrerek vatanda\u015flarla i\u00e7 i\u00e7e olmaya \u00f6zen g\u00f6steriyor.  Saha \u00e7al\u0131\u015fmalar\u0131 i\u00e7in sokakta olan, vatanda\u015flar\u0131n dertleriyle de dertlenen, vatanda\u015flar\u0131n her zaman yan\u0131nda olan ve olmaya gayret g\u00f6steren Belediye Ba\u015fkan\u0131 Ertu\u011frul \u00c7etin, il\u00e7e genelinde farkl\u0131 mahalleler de belirledi\u011fi program dahilinde ev ziyaretlerinde bulunarak ya\u015fl\u0131 ve hastalar\u0131 ziyaret ediyor.<\/p>\n<p>Hasta ve hasta yak\u0131nlar\u0131yla bir s\u00fcre sohbet eden Ba\u015fkan Ertu\u011frul \u00c7etin, \u201c\u00c7e\u015fitli sebeplerle hastalanan hem\u015fehrilerimize f\u0131rsat bulduk\u00e7a evlerinde ziyaret ederek sohbet etme imkan\u0131 buluyoruz. Amac\u0131m\u0131z hasta ve hasta yak\u0131nlar\u0131na hem moral vermek hem de her ko\u015fulda yanlar\u0131nda oldu\u011fumuzu belirtmek. Bu anlamda ziyaretlerimize ara vermeden devam ediyoruz. Onlar\u0131 mutlu g\u00f6rmek tabii ki bizleri fazlas\u0131 ile memnun ediyor. Biz vatanda\u015flar\u0131m\u0131z\u0131n mutlulu\u011fu ve refah\u0131 i\u00e7in \u00e7al\u0131\u015fmalar\u0131m\u0131z\u0131 il\u00e7e genelinde aral\u0131ks\u0131z s\u00fcrd\u00fcrmekteyiz. Bu duygu ve d\u00fc\u015f\u00fcncelerle, hasta olan karde\u015flerimize Allah\u2019tan acil \u015fifa, yak\u0131nlar\u0131na da sab\u0131r ve kolayl\u0131klar diliyorum\u201d dedi.<\/p>\n<p>Ba\u015fkan Ertu\u011frul \u00c7etin, hasta ziyaretlerinde gitti\u011fi evlerde hem\u015fehrilerinin s\u0131cak ilgisi ve sohbetleri ile kar\u015f\u0131la\u015f\u0131rken ailelerin minik fertlerinin sevgi dolu bak\u0131\u015flar\u0131 ile de enerji toplad\u0131.<\/p>\n<p>Hasta ve hasta yak\u0131nlar\u0131, Ertu\u011frul \u00c7etin\u2019in yapm\u0131\u015f oldu\u011fu ziyaretten dolay\u0131 olduk\u00e7a mutlu olduklar\u0131n\u0131 belirterek, ilgilerinden dolay\u0131 da te\u015fekk\u00fcr etti.<\/p>\n","protected":false},"excerpt":{"rendered":"<p>PURSAKLAR BELED\u0130YE BA\u015eKANI ERTU\u011eRUL \u00c7ET\u0130N, RAHATSIZLIKLARI NEDEN\u0130YLE EVLER\u0130NDE \u0130ST\u0130RAHAT EDEN VATANDA\u015eLARI Z\u0130YARET ETMEYE DEVAM ED\u0130YOR.<\/p>\n","protected":false},"author":1,"featured_media":255330,"comment_status":"closed","ping_status":"open","sticky":false,"template":"","format":"standard","meta":{"jetpack_post_was_ever_published":false,"_jetpack_newsletter_access":"","_jetpack_dont_email_post_to_subs":false,"_jetpack_newsletter_tier_id":0,"_jetpack_memberships_contains_paywalled_content":false,"_jetpack_memberships_contains_paid_content":false,"footnotes":"","jetpack_publicize_message":"","jetpack_publicize_feature_enabled":true,"jetpack_social_post_already_shared":true,"jetpack_social_options":{"image_generator_settings":{"template":"highway","default_image_id":0,"font":"","enabled":false},"version":2}},"categories":[1],"tags":[100,1647,9555,8333,921,1347,4166,63139],"class_list":["post-255329","post","type-post","status-publish","format-standard","has-post-thumbnail","hentry","category-genel","tag-baskan","tag-basliyor","tag-cetin","tag-ertugrul","tag-esnaf","tag-gune","tag-hasta","tag-ziyaretleriyle"],"jetpack_publicize_connections":[],"jetpack_featured_media_url":"https:\/\/i0.wp.com\/www.tvturk.com\/wp-content\/uploads\/2020\/01\/baskan-ertugrul-cetin-gune-esnaf-ve-hasta-ziyaretleriyle-basliyor_3dad999.jpg?fit=1000%2C750","jetpack_sharing_enabled":true,"jetpack_shortlink":"https:\/\/wp.me\/paKIfm-14qd","_links":{"self":[{"href":"http:\/\/www.tvturk.com\/index.php\/wp-json\/wp\/v2\/posts\/255329","targetHints":{"allow":["GET"]}}],"collection":[{"href":"http:\/\/www.tvturk.com\/index.php\/wp-json\/wp\/v2\/posts"}],"about":[{"href":"http:\/\/www.tvturk.com\/index.php\/wp-json\/wp\/v2\/types\/post"}],"author":[{"embeddable":true,"href":"http:\/\/www.tvturk.com\/index.php\/wp-json\/wp\/v2\/users\/1"}],"replies":[{"embeddable":true,"href":"http:\/\/www.tvturk.com\/index.php\/wp-json\/wp\/v2\/comments?post=255329"}],"version-history":[{"count":0,"href":"http:\/\/www.tvturk.com\/index.php\/wp-json\/wp\/v2\/posts\/255329\/revisions"}],"wp:featuredmedia":[{"embeddable":true,"href":"http:\/\/www.tvturk.com\/index.php\/wp-json\/wp\/v2\/media\/255330"}],"wp:attachment":[{"href":"http:\/\/www.tvturk.com\/index.php\/wp-json\/wp\/v2\/media?parent=255329"}],"wp:term":[{"taxonomy":"category","embeddable":true,"href":"http:\/\/www.tvturk.com\/index.php\/wp-json\/wp\/v2\/categories?post=255329"},{"taxonomy":"post_tag","embeddable":true,"href":"http:\/\/www.tvturk.com\/index.php\/wp-json\/wp\/v2\/tags?post=255329"}],"curies":[{"name":"wp","href":"https:\/\/api.w.org\/{rel}","templated":true}]}}