{"id":255403,"date":"2020-01-14T13:01:47","date_gmt":"2020-01-14T10:01:47","guid":{"rendered":"http:\/\/www.tvturk.com\/index.php\/burgan-leasing-ile-basf-turk-filo-kiralama-icin-isbirligi\/"},"modified":"2020-01-14T13:01:47","modified_gmt":"2020-01-14T10:01:47","slug":"burgan-leasing-ile-basf-turk-filo-kiralama-icin-isbirligi","status":"publish","type":"post","link":"http:\/\/www.tvturk.com\/index.php\/burgan-leasing-ile-basf-turk-filo-kiralama-icin-isbirligi\/","title":{"rendered":"Burgan Leasing ile BASF T\u00fcrk filo kiralama i\u00e7in i\u015fbirli\u011fi"},"content":{"rendered":"<p>Burgan Leasing, kimya sekt\u00f6r\u00fcn\u00fcn \u00f6nemli \u015firketlerinden BASF T\u00fcrk\u2019e filo kiralama hizmeti vermeye ba\u015flad\u0131\u011f\u0131n\u0131 a\u00e7\u0131klad\u0131.<\/p>\n<p>Yenilenebilir enerji, tekstil, gayrimenkul, tekne ve sat-geri kirala i\u015flemlerinin yan\u0131 s\u0131ra operasyonel kiralama da dahil olmak \u00fczere pek \u00e7ok alanda faaliyet g\u00f6steren Burgan Leasing, ge\u00e7en y\u0131l hizmet vermeye ba\u015flad\u0131\u011f\u0131 filo kiralama alan\u0131nda yeni bir \u015firketle anla\u015ft\u0131\u011f\u0131n\u0131 duyurdu. Yap\u0131lan bilgilendirmede; Burgan Leasing, kimya sekt\u00f6r\u00fcn\u00fcn \u00f6nemli \u015firketlerinden BASF T\u00fcrk\u2019e filo kiralama hizmeti vermeye ba\u015flad\u0131\u011f\u0131n\u0131 a\u00e7\u0131klad\u0131.<\/p>\n<p>Akp\u0131nar: &#8220;Yap\u0131lan i\u015f birli\u011fi iki taraf\u0131n yenilik\u00e7i ve \u00f6nc\u00fc vizyonunu ortaya koyuyor&#8221;<\/p>\n<p>BASF T\u00fcrk ile ger\u00e7ekle\u015ftirdikleri i\u015f birli\u011fini de\u011ferlendiren Burgan Leasing Genel M\u00fcd\u00fcr\u00fc C\u00fcneyt Akp\u0131nar, &#8220;\u015eirket olarak sundu\u011fumuz finansal kiralama hizmetlerimizi, ge\u00e7en y\u0131l hizmetini sunmaya ba\u015flad\u0131\u011f\u0131m\u0131z filo kiralama ile birlikte bir ad\u0131m daha ileriye ta\u015f\u0131d\u0131k. Bug\u00fcn de kimya sekt\u00f6r\u00fcn\u00fcn g\u00fc\u00e7l\u00fc \u015firketi BASF T\u00fcrk ile yapt\u0131\u011f\u0131m\u0131z i\u015f birli\u011fi \u00e7er\u00e7evesinde ara\u00e7lar\u0131m\u0131z\u0131n teslimat\u0131n\u0131 ger\u00e7ekle\u015ftirmenin mutlulu\u011funu ya\u015f\u0131yoruz. Bu i\u015f birli\u011fi hem Burgan Leasing\u2019in hem de BASF T\u00fcrk\u2019\u00fcn yenilik\u00e7i ve \u00f6nc\u00fc vizyonunu ortaya koyuyor.&#8221; dedi.<\/p>\n<p>Filo kiralama alan\u0131nda esnek \u00e7\u00f6z\u00fcmleriyle \u00fcr\u00fcn \u00e7e\u015fitlili\u011fine odakland\u0131klar\u0131n\u0131 belirten C\u00fcneyt Akp\u0131nar ayr\u0131ca, 2019 y\u0131l\u0131n\u0131 bin be\u015f y\u00fcz ara\u00e7 ile tamamlad\u0131klar\u0131n\u0131, 2020 y\u0131l sonu itibar\u0131yla ise be\u015f bin araca ula\u015fmay\u0131 hedeflediklerini dile getirdi.<\/p>\n","protected":false},"excerpt":{"rendered":"<p>BURGAN LEAS\u0130NG GENEL M\u00dcD\u00dcR\u00dc C\u00dcNEYT AKPINAR<\/p>\n","protected":false},"author":1,"featured_media":255404,"comment_status":"closed","ping_status":"open","sticky":false,"template":"","format":"standard","meta":{"jetpack_post_was_ever_published":false,"_jetpack_newsletter_access":"","_jetpack_dont_email_post_to_subs":false,"_jetpack_newsletter_tier_id":0,"_jetpack_memberships_contains_paywalled_content":false,"_jetpack_memberships_contains_paid_content":false,"footnotes":"","jetpack_publicize_message":"","jetpack_publicize_feature_enabled":true,"jetpack_social_post_already_shared":true,"jetpack_social_options":{"image_generator_settings":{"template":"highway","default_image_id":0,"font":"","enabled":false},"version":2}},"categories":[19],"tags":[63158,13443,21715,44,192,2909,2171,63157,957],"class_list":["post-255403","post","type-post","status-publish","format-standard","has-post-thumbnail","hentry","category-ekonomi","tag-basf","tag-burgan","tag-filo","tag-icin","tag-ile","tag-isbirligi","tag-kiralama","tag-leasing","tag-turk"],"jetpack_publicize_connections":[],"jetpack_featured_media_url":"https:\/\/i0.wp.com\/www.tvturk.com\/wp-content\/uploads\/2020\/01\/burgan-leasing-ile-basf-turk-filo-kiralama-icin-isbirligi_6372cfd.jpg?fit=1000%2C666","jetpack_sharing_enabled":true,"jetpack_shortlink":"https:\/\/wp.me\/paKIfm-14rp","_links":{"self":[{"href":"http:\/\/www.tvturk.com\/index.php\/wp-json\/wp\/v2\/posts\/255403","targetHints":{"allow":["GET"]}}],"collection":[{"href":"http:\/\/www.tvturk.com\/index.php\/wp-json\/wp\/v2\/posts"}],"about":[{"href":"http:\/\/www.tvturk.com\/index.php\/wp-json\/wp\/v2\/types\/post"}],"author":[{"embeddable":true,"href":"http:\/\/www.tvturk.com\/index.php\/wp-json\/wp\/v2\/users\/1"}],"replies":[{"embeddable":true,"href":"http:\/\/www.tvturk.com\/index.php\/wp-json\/wp\/v2\/comments?post=255403"}],"version-history":[{"count":0,"href":"http:\/\/www.tvturk.com\/index.php\/wp-json\/wp\/v2\/posts\/255403\/revisions"}],"wp:featuredmedia":[{"embeddable":true,"href":"http:\/\/www.tvturk.com\/index.php\/wp-json\/wp\/v2\/media\/255404"}],"wp:attachment":[{"href":"http:\/\/www.tvturk.com\/index.php\/wp-json\/wp\/v2\/media?parent=255403"}],"wp:term":[{"taxonomy":"category","embeddable":true,"href":"http:\/\/www.tvturk.com\/index.php\/wp-json\/wp\/v2\/categories?post=255403"},{"taxonomy":"post_tag","embeddable":true,"href":"http:\/\/www.tvturk.com\/index.php\/wp-json\/wp\/v2\/tags?post=255403"}],"curies":[{"name":"wp","href":"https:\/\/api.w.org\/{rel}","templated":true}]}}